{"id":12117,"date":"2010-07-08T00:00:00","date_gmt":"2010-07-08T03:00:00","guid":{"rendered":"https:\/\/www.cnbb.org.br\/beato-jose-de-anchieta-e-inscrito-no-livro-herois-da-patria\/"},"modified":"2010-07-08T00:00:00","modified_gmt":"2010-07-08T03:00:00","slug":"beato-jose-de-anchieta-e-inscrito-no-livro-herois-da-patria","status":"publish","type":"post","link":"https:\/\/www.cnbb.org.br\/beato-jose-de-anchieta-e-inscrito-no-livro-herois-da-patria\/","title":{"rendered":"Beato Jos\u00e9 de Anchieta \u00e9 inscrito no livro Her\u00f3is da P\u00e1tria"},"content":{"rendered":"<p>O presidente da Rep\u00fablica sancionou, na ter\u00e7a-feira, 6, a Lei Ordin\u00e1ria 12.284\/2010, que prop\u00f5e a inclus\u00e3o do nome do Beato Jos\u00e9 de Anchieta no Livro dos Her\u00f3is da P\u00e1tria. A lei \u00e9 resultado do Projeto de Lei n\u00ba 2368\/2007, de autoria do deputado federal Dr. Talmir (PV\/SP).<\/p>\n<p>  <!--more-->  <\/p>\n<p>O Livro dos Her\u00f3is da P\u00e1tria, que se encontra no Pante\u00e3o da Liberdade e da Democracia, em Bras\u00edlia, foi criado em 1986 e teve como nome protagonista o de Tiradentes, her\u00f3i da Inconfid\u00eancia Mineira. <\/p>\n<p>Padre Jos\u00e9 de Anchieta era da Companhia de Jesus (Jesu\u00edta). Nasceu na ilha de Tenerife, no arquip\u00e9lago das Can\u00e1rias, em 19 de mar\u00e7o de 1534. Aos 14 anos, mudou-se para Portugal e, aos 19, chegou ao Brasil. Participou intensamente da Historia Nacional, al\u00e9m de ser conhecido como ex\u00edmio orador, catequista, escritor e dramaturgo, seu trabalho mission\u00e1rio se estendeu entre todas as etnias e classes sociais e atualmente, Jos\u00e9 de Anchieta \u00e9 popularmente conhecido entre os brasileiros como \u201cAp\u00f3stolo do Brasil\u201d.<\/p>\n<p>Padre Anchieta morreu no dia 9 de junho de 1597 em Reritiba, hoje, cidade de Anchieta, no estado do Esp\u00edrito Santo. Foi beatificado em 22 de junho de 1980 pelo Papa Jo\u00e3o Paulo II.<\/p>\n<p><a href=\"articulistas\/cardeal-odilo-pedro-scherer\/3770-o-padre-e-sua-cidade\"><strong>Leia aqui o artigo<\/strong><\/a> do cardeal dom Odilo sobre o Beato Jos\u00e9 de Anchieta<\/p>\n","protected":false},"excerpt":{"rendered":"<p>O presidente da Rep\u00fablica sancionou, na ter\u00e7a-feira, 6, a Lei Ordin\u00e1ria 12.284\/2010, que prop\u00f5e a inclus\u00e3o do nome do Beato Jos\u00e9 de Anchieta no Livro dos Her\u00f3is da P\u00e1tria. A lei \u00e9 resultado do Projeto de Lei n\u00ba 2368\/2007, de autoria do deputado federal Dr. Talmir (PV\/SP).<\/p>\n","protected":false},"author":83,"featured_media":12118,"comment_status":"open","ping_status":"open","sticky":false,"template":"","format":"standard","meta":{"site-sidebar-layout":"default","site-content-layout":"default","ast-global-header-display":"","ast-banner-title-visibility":"","ast-main-header-display":"","ast-hfb-above-header-display":"","ast-hfb-below-header-display":"","ast-hfb-mobile-header-display":"","site-post-title":"","ast-breadcrumbs-content":"","ast-featured-img":"","footer-sml-layout":"","theme-transparent-header-meta":"","adv-header-id-meta":"","stick-header-meta":"","header-above-stick-meta":"","header-main-stick-meta":"","header-below-stick-meta":""},"categories":[758],"tags":[],"acf":[],"_links":{"self":[{"href":"https:\/\/www.cnbb.org.br\/cnbb-app\/wp\/v2\/posts\/12117"}],"collection":[{"href":"https:\/\/www.cnbb.org.br\/cnbb-app\/wp\/v2\/posts"}],"about":[{"href":"https:\/\/www.cnbb.org.br\/cnbb-app\/wp\/v2\/types\/post"}],"author":[{"embeddable":true,"href":"https:\/\/www.cnbb.org.br\/cnbb-app\/wp\/v2\/users\/83"}],"replies":[{"embeddable":true,"href":"https:\/\/www.cnbb.org.br\/cnbb-app\/wp\/v2\/comments?post=12117"}],"version-history":[{"count":0,"href":"https:\/\/www.cnbb.org.br\/cnbb-app\/wp\/v2\/posts\/12117\/revisions"}],"wp:featuredmedia":[{"embeddable":true,"href":"https:\/\/www.cnbb.org.br\/cnbb-app\/wp\/v2\/media\/12118"}],"wp:attachment":[{"href":"https:\/\/www.cnbb.org.br\/cnbb-app\/wp\/v2\/media?parent=12117"}],"wp:term":[{"taxonomy":"category","embeddable":true,"href":"https:\/\/www.cnbb.org.br\/cnbb-app\/wp\/v2\/categories?post=12117"},{"taxonomy":"post_tag","embeddable":true,"href":"https:\/\/www.cnbb.org.br\/cnbb-app\/wp\/v2\/tags?post=12117"}],"curies":[{"name":"wp","href":"https:\/\/api.w.org\/{rel}","templated":true}]}}