{"id":12140,"date":"2010-07-15T00:00:00","date_gmt":"2010-07-15T03:00:00","guid":{"rendered":"https:\/\/www.cnbb.org.br\/tempo-e-dinheiro\/"},"modified":"2010-07-15T00:00:00","modified_gmt":"2010-07-15T03:00:00","slug":"tempo-e-dinheiro","status":"publish","type":"post","link":"https:\/\/www.cnbb.org.br\/tempo-e-dinheiro\/","title":{"rendered":"Tempo \u00e9 dinheiro"},"content":{"rendered":"<p style=\"text-align: justify\">Voc\u00ea j\u00e1 ouviu ou talvez j\u00e1 usou esta express\u00e3o, que pode ser interpretada como valor do precioso tempo que temos, como tamb\u00e9m no sentido de n\u00e3o perder tempo em acumular riquezas, na pretens\u00e3o de garantir o futuro. Estamos numa grande encruzilhada, onde as coisas parecem ser o que de mais importante possu\u00edmos e com elas a preocupa\u00e7\u00e3o em acumular sempre mais. Como seria bom se fosse poss\u00edvel parar o tempo! Esse \u00e9 o grande desejo do ativismo desenfreado, desumano e estressante do homem moderno.<\/p>\n<p>  <!--more-->  <\/p>\n<p style=\"text-align: justify\">A a\u00e7\u00e3o, o agito \u00e9 a marca n\u00famero um de quem tem o tempo como dinheiro. T\u00e3o pobre porque s\u00f3 tem dinheiro. A outra op\u00e7\u00e3o nesta dupla via da vida \u00e9 a capacidade de contemplar. Mesmo mergulhado nos afazeres do ativismo de cada dia, ainda saber ouvir, aquietar o cora\u00e7\u00e3o, buscar o sil\u00eancio do quarto ou do templo para orar, para respirar com plenos pulm\u00f5es a verdadeira vida.<\/p>\n<p style=\"text-align: justify\">Esse dilema moderno j\u00e1 foi vivido por duas mulheres no tempo de Jesus. Foi l\u00e1 em Bet\u00e2nia, na Palestina, em casa de Marta e Maria, que o dilema da a\u00e7\u00e3o e da contempla\u00e7\u00e3o, da a\u00e7\u00e3o e da ora\u00e7\u00e3o se encontraram, revelando duas dimens\u00f5es essenciais da vida humana.<\/p>\n<p style=\"text-align: justify\">Diante da justa preocupa\u00e7\u00e3o com visita t\u00e3o nobre em casa, Marta, mulher dedicada, servi\u00e7al, preocupada em oferecer o melhor para o Mestre que naquele dia escolheu a sua casa, corre e se agita com os afazeres, perde a paci\u00eancia e reclama: \u201cSenhor, n\u00e3o te importa que minha irm\u00e3 me deixe sozinha com todo o servi\u00e7o? Manda que ela me venha ajudar!\u201d (Lc 10,40).\u00a0 Express\u00e3o t\u00edpica do ativista, daquele ou daquela que n\u00e3o sabe ver outra coisa a n\u00e3o ser o servi\u00e7o, por mais importante que seja.<\/p>\n<p style=\"text-align: justify\">Ao lado, se v\u00ea Maria sentada aos p\u00e9s do Mestre, ouvindo. Atitude t\u00edpica de quem sabe parar, silenciar a mente e o cora\u00e7\u00e3o para carregar as baterias a fim de n\u00e3o faltar energia para uma atividade fecunda e gratificante. Essa energia n\u00e3o se encontra em lugar nenhum a n\u00e3o ser na constante uni\u00e3o com o Criador na ora\u00e7\u00e3o. Saber orar \u00e9 estender a m\u00e3o a Deus e amar, \u00e9 abrir os bra\u00e7os solid\u00e1rios a todas as pessoas.<\/p>\n<p style=\"text-align: justify\">Jesus responde \u00e0 agitada mulher dona da casa: \u201cMarta, Marta voc\u00ea se preocupa com muita coisa; uma s\u00f3 \u00e9 necess\u00e1ria. Maria escolheu a melhor parte, que nunca lhe ser\u00e1 tirada\u201d (Lc 10,41). Marta, agitada com as coisas, parecia ver Maria perder tempo. Para o ativismo dos dias atuais n\u00e3o \u00e9 diferente. N\u00e3o se tem tempo para estender as m\u00e3os a Deus, n\u00e3o se tem tempo para amar, para estender os bra\u00e7os \u00e0s pessoas que conosco fazem o mesmo caminho.<\/p>\n<p style=\"text-align: justify\">Embriagados pela ideologia do capital, muitos se esquecem que \u201cuma s\u00f3 coisa \u00e9 necess\u00e1ria e essa n\u00e3o ser\u00e1 tirada\u201d. O nosso caix\u00e3o n\u00e3o tem gavetas, na casa do Pai s\u00f3 h\u00e1 lugar para quem sabe orar e amar. S\u00e3o Jo\u00e3o Maria Vianey dizia: \u201cEssa \u00e9 a mais bela profiss\u00e3o do homem: rezar e amar\u201d. Como seriam diferentes as rela\u00e7\u00f5es nas fam\u00edlias, nas empresas, nos hospitais, nos consult\u00f3rios m\u00e9dicos, nas escolas, nas universidades, nas Igrejas, na conviv\u00eancia di\u00e1ria, se as pessoas soubessem o valor da ora\u00e7\u00e3o e da contempla\u00e7\u00e3o.<\/p>\n<p style=\"text-align: justify\">O sentido profundo dos nossos afazeres, trabalhos e luta pelo p\u00e3o de cada dia, que n\u00e3o pode ser menosprezado, est\u00e1 no equil\u00edbrio entre a agita\u00e7\u00e3o e a constante uni\u00e3o com Deus. Esse \u00e9 o tempo que vale a eternidade!<\/p>\n<h4 style=\"text-align: right\">Dom Anuar Battisti<\/h4>\n","protected":false},"excerpt":{"rendered":"<p>Voc\u00ea j\u00e1 ouviu ou talvez j\u00e1 usou esta express\u00e3o, que pode ser interpretada como valor do precioso tempo que temos, como tamb\u00e9m no sentido de n\u00e3o perder tempo em acumular riquezas, na pretens\u00e3o de garantir o futuro. Estamos numa grande encruzilhada, onde as coisas parecem ser o que de mais importante possu\u00edmos e com elas &hellip;<\/p>\n<p class=\"read-more\"> <a class=\"\" href=\"https:\/\/www.cnbb.org.br\/tempo-e-dinheiro\/\"> <span class=\"screen-reader-text\">Tempo \u00e9 dinheiro<\/span> Leia mais &raquo;<\/a><\/p>\n","protected":false},"author":83,"featured_media":0,"comment_status":"open","ping_status":"open","sticky":false,"template":"","format":"standard","meta":{"site-sidebar-layout":"default","site-content-layout":"default","ast-global-header-display":"","ast-banner-title-visibility":"","ast-main-header-display":"","ast-hfb-above-header-display":"","ast-hfb-below-header-display":"","ast-hfb-mobile-header-display":"","site-post-title":"","ast-breadcrumbs-content":"","ast-featured-img":"","footer-sml-layout":"","theme-transparent-header-meta":"","adv-header-id-meta":"","stick-header-meta":"","header-above-stick-meta":"","header-main-stick-meta":"","header-below-stick-meta":""},"categories":[758],"tags":[],"acf":[],"_links":{"self":[{"href":"https:\/\/www.cnbb.org.br\/cnbb-app\/wp\/v2\/posts\/12140"}],"collection":[{"href":"https:\/\/www.cnbb.org.br\/cnbb-app\/wp\/v2\/posts"}],"about":[{"href":"https:\/\/www.cnbb.org.br\/cnbb-app\/wp\/v2\/types\/post"}],"author":[{"embeddable":true,"href":"https:\/\/www.cnbb.org.br\/cnbb-app\/wp\/v2\/users\/83"}],"replies":[{"embeddable":true,"href":"https:\/\/www.cnbb.org.br\/cnbb-app\/wp\/v2\/comments?post=12140"}],"version-history":[{"count":0,"href":"https:\/\/www.cnbb.org.br\/cnbb-app\/wp\/v2\/posts\/12140\/revisions"}],"wp:attachment":[{"href":"https:\/\/www.cnbb.org.br\/cnbb-app\/wp\/v2\/media?parent=12140"}],"wp:term":[{"taxonomy":"category","embeddable":true,"href":"https:\/\/www.cnbb.org.br\/cnbb-app\/wp\/v2\/categories?post=12140"},{"taxonomy":"post_tag","embeddable":true,"href":"https:\/\/www.cnbb.org.br\/cnbb-app\/wp\/v2\/tags?post=12140"}],"curies":[{"name":"wp","href":"https:\/\/api.w.org\/{rel}","templated":true}]}}