{"id":12155,"date":"2009-12-11T00:00:00","date_gmt":"2009-12-11T02:00:00","guid":{"rendered":"https:\/\/www.cnbb.org.br\/50-anos\/"},"modified":"2009-12-11T00:00:00","modified_gmt":"2009-12-11T02:00:00","slug":"50-anos","status":"publish","type":"post","link":"https:\/\/www.cnbb.org.br\/50-anos\/","title":{"rendered":"50 Anos"},"content":{"rendered":"<p style=\"text-align: justify\">A celebra\u00e7\u00e3o dos 50 anos da Diocese nos deixa pensando sobre o ritmo da hist\u00f3ria, e os rumos que ela vai tomando. Como estava o mundo 50 anos atr\u00e1s?\u00a0 Como estar\u00e1 o mundo daqui a 50 anos?<\/p>\n<p><!--more--><\/p>\n<p style=\"text-align: justify\">Para compreender\u00a0 a hist\u00f3ria conv\u00e9m tomar recuos que se medem por s\u00e9culos. Mas ultimamente ela se acelerou de tal maneira, que dentro de um per\u00edodo de 50 anos j\u00e1 encontramos tantos epis\u00f3dios, que n\u00e3o permitem deixar sua an\u00e1lise para depois. Somos estimulados a\u00a0 compreender melhor n\u00e3o s\u00f3 as not\u00edcias, mas a din\u00e2mica que vai desencadeando os acontecimentos.\u00a0 As correntes submarinas v\u00e3o produzindo efeitos cuja vincula\u00e7\u00e3o com suas causas n\u00e3o s\u00e3o evidentes. Assim os fatos da hist\u00f3ria. Parecem isolados. Na verdade est\u00e3o encadeados por causalidades, que nem sempre \u00e9 f\u00e1cil perceber.<\/p>\n<p style=\"text-align: justify\">Esta din\u00e2mica da hist\u00f3ria n\u00e3o se enquadra dentro das medidas externas, como n\u00e3o nossos calend\u00e1rios. O s\u00e9culo passado, por exemplo, para alguns historiadores, come\u00e7ou tarde e terminou cedo, se queremos explicitar a vincula\u00e7\u00e3o com alguns acontecimentos que emergem com mais nitidez na contabilidade da hist\u00f3ria. Ele teria come\u00e7ado em 1914, com o desencadear da primeira guerra mundial, e teria\u00a0 terminado em 1989, com os epis\u00f3dios conhecidos como a queda do socialismo real, que teve na derrubada do muro de Berlim o seu gesto mais eloq\u00fcente.<\/p>\n<p style=\"text-align: justify\">Fazer hist\u00f3ria, na verdade, \u00e9 sempre uma tentativa de ler os acontecimentos dentro de nossos objetivos. Isto \u00e9 v\u00e1lido, na medida em que nos sentimos atores da hist\u00f3ria.. Mas corre o risco de deturpar os acontecimentos, atribuindo-lhes conota\u00e7\u00f5es que n\u00e3o tiveram.<\/p>\n<p style=\"text-align: justify\">Detectar a din\u00e2mica interna dos fatos \u00e9 sempre um desafio. Vale a pena descobrir vincula\u00e7\u00f5es, que sem uma an\u00e1lise aguda n\u00e3o apareceriam. Se tomamos o ano de 1959, por exemplo. Aparentemente n\u00e3o registra nenhum fato importante. Mas se olhamos o contexto eclesial, emerge com evid\u00eancia a singular import\u00e2ncia de\u00a0 um acontecimento, que ali\u00e1s logo foi entendido como instigador da hist\u00f3ria. Foi o an\u00fancio de um novo conc\u00edlio ecum\u00eanico, feito pelo Papa Jo\u00e3o 23, a 25 de Janeiro daquele ano.\u00a0 Identificado o evento, como a superf\u00edcie de\u00a0 um iceberg, a ele podemos ent\u00e3o vincular muitos outros, que t\u00eam tudo a ver com ele.<\/p>\n<p style=\"text-align: justify\">A Diocese de Jales, por exemplo, tem raz\u00e3o em fazer sua vincula\u00e7\u00e3o com a hist\u00f3ria, associando o dia 25 de janeiro daquele ano, com o dia 12 de dezembro, quando foi assinada a bula de sua cria\u00e7\u00e3o. Ajuda muito a situar sua caminhada hist\u00f3rica de 50 anos, vinculando-a com estes dois epis\u00f3dios, que pareceriam sem nenhuma liga\u00e7\u00e3o,\u00a0 mas que na verdade se encadeiam profundamente.<\/p>\n<p style=\"text-align: justify\">Um r\u00e1pido percurso desses \u00faltimos 50 anos, seja em refer\u00eancia \u00e0 hist\u00f3ria mundial, seja em refer\u00eancia \u00e0 Igreja, ou ao Brasil, revela uma evidente acelera\u00e7\u00e3o dos acontecimentos, que nos coloca no compromisso de pilotar bem o barco desta nave que n\u00e3o estaciona, mas continua acelerando a velocidade.<\/p>\n<p style=\"text-align: justify\">S\u00e3o muitas as refer\u00eancias que poderiam ser tomadas como amostra. Uma delas \u00e9 o cen\u00e1rio pol\u00edtico internacional. N\u00e3o h\u00e1 d\u00favida de que o mundo come\u00e7a a se dar conta da emerg\u00eancia do Brasil, como ator que tem responsabilidades especiais, sobretudo do ponto de vista da ecologia. Ser\u00e1 capaz o Brasil de ocupar o espa\u00e7o que o momento hist\u00f3rico est\u00e1 lhe reservando?<\/p>\n<p style=\"text-align: justify\">Quando lan\u00e7amos a pergunta para o futuro, como estar\u00e1 a humanidade daqui a 50 anos, a dimens\u00e3o que mais preocupa \u00e9 a ecol\u00f3gica. Independente das fei\u00e7\u00f5es que forem tomando os fen\u00f4menos da natureza em nosso planeta, o certo \u00e9 que a humanidade come\u00e7a a se dar conta, de maneira muito mais aguda, de sua responsabilidade com a cria\u00e7\u00e3o.<\/p>\n<p style=\"text-align: justify\">Seja a prop\u00f3sito de 50 anos, ou de qualquer outra medida de tempo, temos sempre motivos para perceber os apelos da hist\u00f3ria, e viv\u00ea-los com responsabilidade.<\/p>\n<h4 style=\"text-align: right\">Dom Luiz Dem\u00e9trio Valentini<\/h4>\n<div id=\"_mcePaste\" style=\"width: 1px;height: 1px;overflow: hidden\">\n<div style=\"text-align: justify\"><\/div>\n<p style=\"text-align: justify\">\n<div style=\"text-align: justify\"><!-- [if gte mso 9]&gt;  Normal 0   21   false false false  PT-BR X-NONE X-NONE              MicrosoftInternetExplorer4              &lt;![endif]--><!-- [if gte mso 9]&gt;                                                                                                                                            &lt;![endif]--><!-- [if !mso]&gt;<span class=\"mceItemObject\" id=\"ieooui\"><\/span> &lt;![endif]--><!-- [if gte mso 10]&gt; &lt;![endif]--><\/div>\n<p class=\"MsoNormal\" style=\"text-align: justify\"><strong><span style=\"font-size: 24pt;font-family: 'Times New Roman','serif'\">50 Anos<\/span><\/strong><\/p>\n<div style=\"text-align: justify\"><\/div>\n<table class=\"MsoNormalTable\" style=\"width: 100%;text-align: justify\" border=\"0\" cellspacing=\"1\" cellpadding=\"0\">\n<tbody style=\"text-align: left\">\n<tr style=\"text-align: left\">\n<td style=\"padding: 0cm;text-align: left\">\n<p class=\"MsoNormal\" style=\"text-align: right\"><em><span style=\"font-size: 10pt;font-family: 'Times New Roman','serif'\"> 11 Dec 2009 <\/span><\/em><\/p>\n<p class=\"MsoNormal\" style=\"text-align: right\"><em><span style=\"font-size: 10pt;font-family: 'Times New Roman','serif'\"> <a href=\"..\/ns\/modules\/articles\/index.php?cat_id=20\"><span style=\"color: blue\">Dom Luiz Dem\u00e9trio Valentini<\/span><\/a> (135 leituras) <\/span><\/em><\/p>\n<\/td>\n<\/tr>\n<tr style=\"text-align: left\">\n<td style=\"padding: 0cm;text-align: left\">\n<p class=\"MsoNormal\" style=\"text-align: left\">\n<p class=\"MsoNormal\" style=\"text-align: justify\"><span style=\"font-size: 10pt;font-family: 'Verdana','sans-serif'\">A celebra\u00e7\u00e3o dos 50 anos da Diocese nos deixa pensando sobre o ritmo da hist\u00f3ria, e os rumos que ela vai tomando.<\/span><\/p>\n<p class=\"MsoNormal\" style=\"text-align: justify\"><span style=\"font-size: 10pt;font-family: 'Verdana','sans-serif'\">Como estava o mundo 50 anos atr\u00e1s?\u00a0 Como estar\u00e1 o mundo daqui a 50 anos?<\/span><\/p>\n<p class=\"MsoNormal\" style=\"text-align: justify\"><span style=\"font-size: 10pt;font-family: 'Verdana','sans-serif'\">Para compreender \u00a0a hist\u00f3ria conv\u00e9m tomar recuos que se medem por s\u00e9culos. Mas ultimamente ela se acelerou de tal maneira, que dentro de um per\u00edodo de 50 anos j\u00e1 encontramos tantos epis\u00f3dios, que n\u00e3o permitem deixar sua an\u00e1lise para depois. Somos estimulados a\u00a0 compreender melhor n\u00e3o s\u00f3 as not\u00edcias, mas a din\u00e2mica que vai desencadeando os acontecimentos.\u00a0 As correntes submarinas v\u00e3o produzindo efeitos cuja vincula\u00e7\u00e3o com suas causas n\u00e3o s\u00e3o evidentes. Assim os fatos da hist\u00f3ria. Parecem isolados. Na verdade est\u00e3o encadeados por causalidades, que nem sempre \u00e9 f\u00e1cil perceber. <\/span><\/p>\n<p class=\"MsoNormal\" style=\"text-align: justify\"><span style=\"font-size: 10pt;font-family: 'Verdana','sans-serif'\">Esta din\u00e2mica da hist\u00f3ria n\u00e3o se enquadra dentro das medidas externas, como n\u00e3o nossos calend\u00e1rios. O s\u00e9culo passado, por exemplo, para alguns historiadores, come\u00e7ou tarde e terminou cedo, se queremos explicitar a vincula\u00e7\u00e3o com alguns acontecimentos que emergem com mais nitidez na contabilidade da hist\u00f3ria. Ele teria come\u00e7ado em 1914, com o desencadear da primeira guerra mundial, e teria\u00a0 terminado em 1989, com os epis\u00f3dios conhecidos como a queda do socialismo real, que teve na derrubada do muro de Berlim o seu gesto mais eloq\u00fcente. <\/span><\/p>\n<p class=\"MsoNormal\" style=\"text-align: justify\"><span style=\"font-size: 10pt;font-family: 'Verdana','sans-serif'\">Fazer hist\u00f3ria, na verdade, \u00e9 sempre uma tentativa de ler os acontecimentos dentro de nossos objetivos. Isto \u00e9 v\u00e1lido, na medida em que nos sentimos atores da hist\u00f3ria.. Mas corre o risco de deturpar os acontecimentos, atribuindo-lhes conota\u00e7\u00f5es que n\u00e3o tiveram.<\/span><\/p>\n<p class=\"MsoNormal\" style=\"text-align: justify\"><span style=\"font-size: 10pt;font-family: 'Verdana','sans-serif'\">Detectar a din\u00e2mica interna dos fatos \u00e9 sempre um desafio. Vale a pena descobrir vincula\u00e7\u00f5es, que sem uma an\u00e1lise aguda n\u00e3o apareceriam. Se tomamos o ano de 1959, por exemplo. Aparentemente n\u00e3o registra nenhum fato importante. Mas se olhamos o contexto eclesial, emerge com evid\u00eancia a singular import\u00e2ncia de\u00a0 um acontecimento, que ali\u00e1s logo foi entendido como instigador da hist\u00f3ria. Foi o an\u00fancio de um novo conc\u00edlio ecum\u00eanico, feito pelo Papa Jo\u00e3o 23, a 25 de Janeiro daquele ano.\u00a0 Identificado o evento, como a superf\u00edcie de\u00a0 um iceberg, a ele podemos ent\u00e3o vincular muitos outros, que t\u00eam tudo a ver com ele. <\/span><\/p>\n<p class=\"MsoNormal\" style=\"text-align: justify\"><span style=\"font-size: 10pt;font-family: 'Verdana','sans-serif'\">A Diocese de Jales, por exemplo, tem raz\u00e3o em fazer sua vincula\u00e7\u00e3o com a hist\u00f3ria, associando o dia 25 de janeiro daquele ano, com o dia 12 de dezembro, quando foi assinada a bula de sua cria\u00e7\u00e3o. Ajuda muito a situar sua caminhada hist\u00f3rica de 50 anos, vinculando-a com estes dois epis\u00f3dios, que pareceriam sem nenhuma liga\u00e7\u00e3o,\u00a0 mas que na verdade se encadeiam profundamente. <\/span><\/p>\n<p class=\"MsoNormal\" style=\"text-align: justify\"><span style=\"font-size: 10pt;font-family: 'Verdana','sans-serif'\">Um r\u00e1pido percurso desses \u00faltimos 50 anos, seja em refer\u00eancia \u00e0 hist\u00f3ria mundial, seja em refer\u00eancia \u00e0 Igreja, ou ao Brasil, revela uma evidente acelera\u00e7\u00e3o dos acontecimentos, que nos coloca no compromisso de pilotar bem o barco desta nave que n\u00e3o estaciona, mas continua acelerando a velocidade. <\/span><\/p>\n<p class=\"MsoNormal\" style=\"text-align: justify\"><span style=\"font-size: 10pt;font-family: 'Verdana','sans-serif'\">S\u00e3o muitas as refer\u00eancias que poderiam ser tomadas como amostra. Uma delas \u00e9 o cen\u00e1rio pol\u00edtico internacional. N\u00e3o h\u00e1 d\u00favida de que o mundo come\u00e7a a se dar conta da emerg\u00eancia do Brasil, como ator que tem responsabilidades especiais, sobretudo do ponto de vista da ecologia. Ser\u00e1 capaz o Brasil de ocupar o espa\u00e7o que o momento hist\u00f3rico est\u00e1 lhe reservando?<\/span><\/p>\n<p class=\"MsoNormal\" style=\"text-align: justify\"><span style=\"font-size: 10pt;font-family: 'Verdana','sans-serif'\">Quando lan\u00e7amos a pergunta para o futuro, como estar\u00e1 a humanidade daqui a 50 anos, a dimens\u00e3o que mais preocupa \u00e9 a ecol\u00f3gica. Independente das fei\u00e7\u00f5es que forem tomando os fen\u00f4menos da natureza em nosso planeta, o certo \u00e9 que a humanidade come\u00e7a a se dar conta, de maneira muito mais aguda, de sua responsabilidade com a cria\u00e7\u00e3o. <\/span><\/p>\n<p class=\"MsoNormal\" style=\"text-align: justify\"><span style=\"font-size: 10pt;font-family: 'Verdana','sans-serif'\">Seja a prop\u00f3sito de 50 anos, ou de qualquer outra medida de tempo, temos sempre motivos para perceber os apelos da hist\u00f3ria, e viv\u00ea-los com responsabilidade. <\/span><\/p>\n<\/td>\n<\/tr>\n<\/tbody>\n<\/table>\n<\/div>\n","protected":false},"excerpt":{"rendered":"<p>A celebra\u00e7\u00e3o dos 50 anos da Diocese nos deixa pensando sobre o ritmo da hist\u00f3ria, e os rumos que ela vai tomando. Como estava o mundo 50 anos atr\u00e1s?\u00a0 Como estar\u00e1 o mundo daqui a 50 anos?<\/p>\n","protected":false},"author":83,"featured_media":0,"comment_status":"open","ping_status":"open","sticky":false,"template":"","format":"standard","meta":{"site-sidebar-layout":"default","site-content-layout":"default","ast-global-header-display":"","ast-banner-title-visibility":"","ast-main-header-display":"","ast-hfb-above-header-display":"","ast-hfb-below-header-display":"","ast-hfb-mobile-header-display":"","site-post-title":"","ast-breadcrumbs-content":"","ast-featured-img":"","footer-sml-layout":"","theme-transparent-header-meta":"","adv-header-id-meta":"","stick-header-meta":"","header-above-stick-meta":"","header-main-stick-meta":"","header-below-stick-meta":""},"categories":[758],"tags":[],"acf":[],"_links":{"self":[{"href":"https:\/\/www.cnbb.org.br\/cnbb-app\/wp\/v2\/posts\/12155"}],"collection":[{"href":"https:\/\/www.cnbb.org.br\/cnbb-app\/wp\/v2\/posts"}],"about":[{"href":"https:\/\/www.cnbb.org.br\/cnbb-app\/wp\/v2\/types\/post"}],"author":[{"embeddable":true,"href":"https:\/\/www.cnbb.org.br\/cnbb-app\/wp\/v2\/users\/83"}],"replies":[{"embeddable":true,"href":"https:\/\/www.cnbb.org.br\/cnbb-app\/wp\/v2\/comments?post=12155"}],"version-history":[{"count":0,"href":"https:\/\/www.cnbb.org.br\/cnbb-app\/wp\/v2\/posts\/12155\/revisions"}],"wp:attachment":[{"href":"https:\/\/www.cnbb.org.br\/cnbb-app\/wp\/v2\/media?parent=12155"}],"wp:term":[{"taxonomy":"category","embeddable":true,"href":"https:\/\/www.cnbb.org.br\/cnbb-app\/wp\/v2\/categories?post=12155"},{"taxonomy":"post_tag","embeddable":true,"href":"https:\/\/www.cnbb.org.br\/cnbb-app\/wp\/v2\/tags?post=12155"}],"curies":[{"name":"wp","href":"https:\/\/api.w.org\/{rel}","templated":true}]}}