{"id":12168,"date":"2009-06-25T00:00:00","date_gmt":"2009-06-25T03:00:00","guid":{"rendered":"https:\/\/www.cnbb.org.br\/licoes-do-ano-paulino\/"},"modified":"2009-06-25T00:00:00","modified_gmt":"2009-06-25T03:00:00","slug":"licoes-do-ano-paulino","status":"publish","type":"post","link":"https:\/\/www.cnbb.org.br\/licoes-do-ano-paulino\/","title":{"rendered":"Li\u00e7\u00f5es do Ano Paulino"},"content":{"rendered":"<p style=\"text-align: justify\">Neste domingo, termina o ano paulino, institu\u00eddo para comemorar os dois mil anos de nascimento do Ap\u00f3stolo S\u00e3o Paulo. A iniciativa encontrou ades\u00e3o espont\u00e2nea em toda a Igreja.<\/p>\n<p>  <!--more-->  <\/p>\n<p style=\"text-align: justify\">Fazia sentido! Depois de celebrados os dois mil anos de Jesus, nada mais condizente do que celebrar a personalidade humana que, depois de Cristo, historicamente mais determinou as fei\u00e7\u00f5es do cristianismo. Tanto que alguns o consideram como verdadeiro fundador, no sentido de ter ele, Paulo, dado o formato te\u00f3rico da nova express\u00e3o religiosa, que se propagou com rapidez surpreendente no imp\u00e9rio romano, e se tornou a religi\u00e3o com maior n\u00famero de seguidores no mundo inteiro.<\/p>\n<p style=\"text-align: justify\">Conclu\u00eddo agora o \u201cano paulino\u201d, podemos melhor nos dar conta de como \u00e9 fortemente \u201cpaulina\u201d a formula\u00e7\u00e3o da f\u00e9 crist\u00e3, e continuam sendo muito \u201cpaulinas\u201d as fei\u00e7\u00f5es da Igreja de Cristo.<\/p>\n<p style=\"text-align: justify\">Algumas dimens\u00f5es merecem destaque. Uma delas sobressai, pela amplid\u00e3o do seu significado. Antes de sua convers\u00e3o, Saulo personificava a oposi\u00e7\u00e3o mais radical e mais feroz \u00e0 nova religi\u00e3o que estava surgindo. Mas a rejei\u00e7\u00e3o radical levou \u00e0 ades\u00e3o profunda e envolvente. Na experi\u00eancia de Saulo, que o levou a ser \u201cPaulo \u2013 o Ap\u00f3stolo das na\u00e7\u00f5es\u201d, a f\u00e9 crist\u00e3 mostrou sua singular for\u00e7a de atra\u00e7\u00e3o, com a capacidade surpreendente de iluminar a intelig\u00eancia e de seduzir a vontade humana, no pleno respeito \u00e0 dignidade e \u00e0 liberdade.<\/p>\n<p style=\"text-align: justify\">Em Paulo, toda pessoa encontra inspira\u00e7\u00e3o para empreender a mesma trajet\u00f3ria. Da atitude de descaso, ou at\u00e9 de rejei\u00e7\u00e3o, quem resolve se defrontar com Cristo, percebe logo a sintonia profunda que \u00e9 poss\u00edvel estabelecer entre f\u00e9 e raz\u00e3o. Em Cristo se harmoniza, com perfei\u00e7\u00e3o, a natureza humana com a natureza divina. Paulo, com sua busca radical da verdade, nos d\u00e1 a demonstra\u00e7\u00e3o cabal de quanto a f\u00e9 crist\u00e3 n\u00e3o s\u00f3 \u00e9 palat\u00e1vel \u00e0 intelig\u00eancia, mas tem a for\u00e7a de atra\u00ed-la, e quanto o seguimento de Cristo abre caminho para a verdadeira realiza\u00e7\u00e3o humana.<\/p>\n<p style=\"text-align: justify\">Em Jesus, temos a presen\u00e7a plena do mist\u00e9rio de Deus na humanidade. Em Paulo, temos a demonstra\u00e7\u00e3o de como esta presen\u00e7a se coaduna com nossa condi\u00e7\u00e3o humana. Esta a grandeza maior de Paulo.<\/p>\n<p style=\"text-align: justify\">Mas as li\u00e7\u00f5es do ano paulino n\u00e3o param a\u00ed.<\/p>\n<p style=\"text-align: justify\">Sua experi\u00eancia de convers\u00e3o \u00e9 comovente, e sobretudo exemplar. Tinha um temperamento dif\u00edcil, com seu \u00e2nimo impetuoso suscitando muitos atritos, mesmo entre os crist\u00e3os. Precisou empreender um longo e penoso itiner\u00e1rio de convers\u00e3o que o levou a passar anos em Tarso, onde finalmente Barnab\u00e9 foi busc\u00e1-lo. A vida de Paulo se constitui em precioso exemplo de empenho pessoal para colocar as energias vitais a servi\u00e7o da causa de Cristo.<\/p>\n<p style=\"text-align: justify\">Outra li\u00e7\u00e3o est\u00e1 na centralidade de Cristo. Da rejei\u00e7\u00e3o inicial, quando Saulo achava que o Nazareno tinha sido um taumaturgo perturbador da ordem religiosa, Paulo foi aos poucos se dando conta da densidade do mist\u00e9rio de Jesus, \u201cem quem est\u00e1 a plenitude da divindade\u201d. Tanto que no final de sua vida, Paulo p\u00f4de dizer com sinceridade: \u201cPara mim, o viver \u00e9 Cristo!\u201d Perceber como em Cristo encontramos a s\u00edntese do mist\u00e9rio e do projeto de Deus, \u00e9 outro salutar testemunho que Paulo nos deixou, e que o ano paulino nos recorda.<\/p>\n<p style=\"text-align: justify\">Podemos identificar outros aspectos importantes, que acabaram sendo ressaltados por este ano providencial, que est\u00e1 se encerrando. Como por exemplo a import\u00e2ncia da miss\u00e3o, que possibilitou a Paulo desabrochar seus talentos na evangeliza\u00e7\u00e3o dos gentios. E a validade de sua estrat\u00e9gia de deixar por escrito suas mensagens, nas numerosas cartas que continuam alimentando a Igreja.<\/p>\n<p style=\"text-align: justify\">Na verdade, em Paulo reconhecemos um dom precioso, do qual a Igreja nunca poder\u00e1 prescindir, para formular sua f\u00e9 e para cumprir sua miss\u00e3o.<\/p>\n<h4 style=\"text-align: right\">Dom Luiz Dem\u00e9trio Valentini<\/h4>\n","protected":false},"excerpt":{"rendered":"<p>Neste domingo, termina o ano paulino, institu\u00eddo para comemorar os dois mil anos de nascimento do Ap\u00f3stolo S\u00e3o Paulo. A iniciativa encontrou ades\u00e3o espont\u00e2nea em toda a Igreja.<\/p>\n","protected":false},"author":83,"featured_media":0,"comment_status":"open","ping_status":"open","sticky":false,"template":"","format":"standard","meta":{"site-sidebar-layout":"default","site-content-layout":"default","ast-global-header-display":"","ast-banner-title-visibility":"","ast-main-header-display":"","ast-hfb-above-header-display":"","ast-hfb-below-header-display":"","ast-hfb-mobile-header-display":"","site-post-title":"","ast-breadcrumbs-content":"","ast-featured-img":"","footer-sml-layout":"","theme-transparent-header-meta":"","adv-header-id-meta":"","stick-header-meta":"","header-above-stick-meta":"","header-main-stick-meta":"","header-below-stick-meta":""},"categories":[758],"tags":[],"acf":[],"_links":{"self":[{"href":"https:\/\/www.cnbb.org.br\/cnbb-app\/wp\/v2\/posts\/12168"}],"collection":[{"href":"https:\/\/www.cnbb.org.br\/cnbb-app\/wp\/v2\/posts"}],"about":[{"href":"https:\/\/www.cnbb.org.br\/cnbb-app\/wp\/v2\/types\/post"}],"author":[{"embeddable":true,"href":"https:\/\/www.cnbb.org.br\/cnbb-app\/wp\/v2\/users\/83"}],"replies":[{"embeddable":true,"href":"https:\/\/www.cnbb.org.br\/cnbb-app\/wp\/v2\/comments?post=12168"}],"version-history":[{"count":0,"href":"https:\/\/www.cnbb.org.br\/cnbb-app\/wp\/v2\/posts\/12168\/revisions"}],"wp:attachment":[{"href":"https:\/\/www.cnbb.org.br\/cnbb-app\/wp\/v2\/media?parent=12168"}],"wp:term":[{"taxonomy":"category","embeddable":true,"href":"https:\/\/www.cnbb.org.br\/cnbb-app\/wp\/v2\/categories?post=12168"},{"taxonomy":"post_tag","embeddable":true,"href":"https:\/\/www.cnbb.org.br\/cnbb-app\/wp\/v2\/tags?post=12168"}],"curies":[{"name":"wp","href":"https:\/\/api.w.org\/{rel}","templated":true}]}}