{"id":12170,"date":"2009-06-12T00:00:00","date_gmt":"2009-06-12T03:00:00","guid":{"rendered":"https:\/\/www.cnbb.org.br\/mudancas-climaticas-1\/"},"modified":"2009-06-12T00:00:00","modified_gmt":"2009-06-12T03:00:00","slug":"mudancas-climaticas-1","status":"publish","type":"post","link":"https:\/\/www.cnbb.org.br\/mudancas-climaticas-1\/","title":{"rendered":"Mudan\u00e7as Clim\u00e1ticas"},"content":{"rendered":"<p style=\"text-align: justify\">A CNBB, em conjunto com a Misereor, da Alemanha, acaba de realizar um simp\u00f3sio internacional sobre Mudan\u00e7as Clim\u00e1ticas e Justi\u00e7a Social. A pr\u00f3pria realiza\u00e7\u00e3o do simp\u00f3sio evidencia a gravidade da situa\u00e7\u00e3o. As duas institui\u00e7\u00f5es, promotoras do evento, testemunham a seriedade com que precisamos nos preocupar com os fen\u00f4menos relacionados com a vida em nosso planeta. O enfoque do encontro, vinculando situa\u00e7\u00f5es clim\u00e1ticas com justi\u00e7a social, denota a indispens\u00e1vel dimens\u00e3o \u00e9tica, inerente a todo relacionamento humano com a natureza, da qual fazemos parte, e pela qual precisamos nos sentir respons\u00e1veis.<\/p>\n<p>  <!--more-->  <\/p>\n<p style=\"text-align: justify\">O assunto \u00e9 muito complexo, pois lida com uma quantidade de dados e situa\u00e7\u00f5es, que nem de longe conseguimos dominar e esgotar, quando nos defrontamos com o prod\u00edgio que \u00e9 a vida em nosso planeta. Dentro do cosmo, nos sentimos privilegiados, participando da surpreendente complexidade do sistema vital, em que estamos inseridos. Diante dele, a primeira atitude adequada \u00e9 a da contempla\u00e7\u00e3o, do respeito e da admira\u00e7\u00e3o, junto com o cuidado pela sua preserva\u00e7\u00e3o.<\/p>\n<p style=\"text-align: justify\">Mas \u00e9 indiscut\u00edvel que o nosso planeta emite sinais de alerta, que por sua insist\u00eancia e densidade despertam a consci\u00eancia ecol\u00f3gica, levando a nos perguntar seriamente pela vincula\u00e7\u00e3o das\u00a0 mudan\u00e7as\u00a0 com a a\u00e7\u00e3o humana sobre o planeta.<\/p>\n<p style=\"text-align: justify\">Esta vincula\u00e7\u00e3o se torna mais plaus\u00edvel quando constatamos o aquecimento global em curso, fen\u00f4meno que mais preocupa, pois mais traz conseq\u00fc\u00eancias para o sistema vital do planeta.<\/p>\n<p style=\"text-align: justify\">Um dos fatores que mais possibilita a vida \u00e9 a adequada temperatura da terra. Para proporcionar esta temperatura, s\u00e3o muito preciosos os gases de efeito estufa, que garantem o calor suficiente para que a vida se propague na terra. Mas quando estes gases aumentam demasiado, provocam conseq\u00fc\u00eancias negativas, advindas do aquecimento exagerado da atmosfera. E a\u00ed percebemos com clareza a contribui\u00e7\u00e3o da a\u00e7\u00e3o humana neste aquecimento exagerado, provocado pela emiss\u00e3o de gases de efeito estufa, provenientes, sobretudo, do uso de combust\u00edveis f\u00f3sseis e da queima de matas, como acontece no Brasil.<\/p>\n<p style=\"text-align: justify\">Este aquecimento global pode provocar fen\u00f4menos prejudiciais \u00e0 vida, em propor\u00e7\u00f5es que n\u00e3o estamos em condi\u00e7\u00f5es de mensurar, mas que possuem evidente car\u00e1ter catastr\u00f3fico.<\/p>\n<p style=\"text-align: justify\">Para n\u00e3o achar que estas s\u00e3o fantasias in\u00fateis,\u00a0 \u00e9 importante constatar algumas situa\u00e7\u00f5es muito evidentes e preocupantes. A principal delas \u00e9 o r\u00e1pido processo de degelo, seja das neves nas altas montanhas, ou das geleiras nos p\u00f3los. Isto d\u00e1 para ver, comparando fotos de um ano para outro.<\/p>\n<p style=\"text-align: justify\">A rapidez do processo leva a pensar nas inevit\u00e1veis conseq\u00fc\u00eancias. A mais evidente \u00e9 a escassez de \u00e1gua pot\u00e1vel, que tem nas geleiras uma fonte muito importante. Muitas regi\u00f5es dependem da \u00e1gua que desce das geleiras. Se estas acabarem,\u00a0 torna-se invi\u00e1vel a vida e a agricultura em muitas partes do mundo.<\/p>\n<p style=\"text-align: justify\">Outra conseq\u00fc\u00eancia, mais dif\u00edcil de visualizar, mas potencialmente mais desastrosa, \u00e9 o aumento do n\u00edvel dos mares, por acolherem a \u00e1gua das geleiras, e por se expandirem pela dilata\u00e7\u00e3o provocada pelo aumento da temperatura.<\/p>\n<p style=\"text-align: justify\">Os cientistas se incumbem de fazer os c\u00e1lculos do tamanho do desastre. Se nos pr\u00f3ximos cem anos a temperatura m\u00e9dia aumentar em seis graus, o mar subir\u00e1 um metro, inviabilizando as cidades costeiras. Haveria profundas mudan\u00e7as clim\u00e1ticas, com enormes desastres ambientais. A floresta amaz\u00f4nica desapareceria,\u00a0 e haveria grandes deslocamentos de regi\u00f5es clim\u00e1ticas. O caf\u00e9 passaria a ser cultivado na Argentina!<\/p>\n<p style=\"text-align: justify\">De tudo isto, fica uma li\u00e7\u00e3o indiscut\u00edvel e premente: precisamos agir com responsabilidade ambiental. Dotados de capacidade para intervir na natureza, devemos faz\u00ea-lo em sintonia com seu processo vital. Esta a voca\u00e7\u00e3o humana. Se contribu\u00edmos para o desequil\u00edbrio do planeta, somos agora interpelados a colaborar para a recupera\u00e7\u00e3o de seu sistema vital, antes que seja tarde demais.<\/p>\n<h4 style=\"text-align: right\">Dom Luiz Dem\u00e9trio Valentini<\/h4>\n","protected":false},"excerpt":{"rendered":"<p>A CNBB, em conjunto com a Misereor, da Alemanha, acaba de realizar um simp\u00f3sio internacional sobre Mudan\u00e7as Clim\u00e1ticas e Justi\u00e7a Social. A pr\u00f3pria realiza\u00e7\u00e3o do simp\u00f3sio evidencia a gravidade da situa\u00e7\u00e3o. As duas institui\u00e7\u00f5es, promotoras do evento, testemunham a seriedade com que precisamos nos preocupar com os fen\u00f4menos relacionados com a vida em nosso planeta. &hellip;<\/p>\n<p class=\"read-more\"> <a class=\"\" href=\"https:\/\/www.cnbb.org.br\/mudancas-climaticas-1\/\"> <span class=\"screen-reader-text\">Mudan\u00e7as Clim\u00e1ticas<\/span> Leia mais &raquo;<\/a><\/p>\n","protected":false},"author":83,"featured_media":0,"comment_status":"open","ping_status":"open","sticky":false,"template":"","format":"standard","meta":{"site-sidebar-layout":"default","site-content-layout":"default","ast-global-header-display":"","ast-banner-title-visibility":"","ast-main-header-display":"","ast-hfb-above-header-display":"","ast-hfb-below-header-display":"","ast-hfb-mobile-header-display":"","site-post-title":"","ast-breadcrumbs-content":"","ast-featured-img":"","footer-sml-layout":"","theme-transparent-header-meta":"","adv-header-id-meta":"","stick-header-meta":"","header-above-stick-meta":"","header-main-stick-meta":"","header-below-stick-meta":""},"categories":[758],"tags":[],"acf":[],"_links":{"self":[{"href":"https:\/\/www.cnbb.org.br\/cnbb-app\/wp\/v2\/posts\/12170"}],"collection":[{"href":"https:\/\/www.cnbb.org.br\/cnbb-app\/wp\/v2\/posts"}],"about":[{"href":"https:\/\/www.cnbb.org.br\/cnbb-app\/wp\/v2\/types\/post"}],"author":[{"embeddable":true,"href":"https:\/\/www.cnbb.org.br\/cnbb-app\/wp\/v2\/users\/83"}],"replies":[{"embeddable":true,"href":"https:\/\/www.cnbb.org.br\/cnbb-app\/wp\/v2\/comments?post=12170"}],"version-history":[{"count":0,"href":"https:\/\/www.cnbb.org.br\/cnbb-app\/wp\/v2\/posts\/12170\/revisions"}],"wp:attachment":[{"href":"https:\/\/www.cnbb.org.br\/cnbb-app\/wp\/v2\/media?parent=12170"}],"wp:term":[{"taxonomy":"category","embeddable":true,"href":"https:\/\/www.cnbb.org.br\/cnbb-app\/wp\/v2\/categories?post=12170"},{"taxonomy":"post_tag","embeddable":true,"href":"https:\/\/www.cnbb.org.br\/cnbb-app\/wp\/v2\/tags?post=12170"}],"curies":[{"name":"wp","href":"https:\/\/api.w.org\/{rel}","templated":true}]}}