{"id":12174,"date":"2009-05-08T00:00:00","date_gmt":"2009-05-08T03:00:00","guid":{"rendered":"https:\/\/www.cnbb.org.br\/preocupacoes-amazonicas\/"},"modified":"2009-05-08T00:00:00","modified_gmt":"2009-05-08T03:00:00","slug":"preocupacoes-amazonicas","status":"publish","type":"post","link":"https:\/\/www.cnbb.org.br\/preocupacoes-amazonicas\/","title":{"rendered":"Preocupa\u00e7\u00f5es Amaz\u00f4nicas"},"content":{"rendered":"<p style=\"text-align: justify\">Enquanto no Sul continua a seca, no Norte acontecem agora as enchentes. Em seu territ\u00f3rio, o Brasil abriga estes contrastes, que aumentam as apreens\u00f5es sobre as conseq\u00fc\u00eancias do desequil\u00edbrio ambiental.<\/p>\n<p>  <!--more-->  <\/p>\n<p style=\"text-align: justify\">De maneira especial, a Amaz\u00f4nia est\u00e1 no centro das aten\u00e7\u00f5es de todo o mundo. Na recente assembl\u00e9ia da CNBB, o assunto que mais ficou em aberto, e que mais deixou apreens\u00f5es, foi a Amaz\u00f4nia. Precisamos perceb\u00ea-la em seus diferentes \u00e2ngulos.<\/p>\n<p style=\"text-align: justify\">Por sua pr\u00f3pria configura\u00e7\u00e3o geogr\u00e1fica, a Amaz\u00f4nia \u00e9 imensa. Pela exuber\u00e2ncia de sua natureza, a Amaz\u00f4nia \u00e9 fascinante. Pela riqueza de seu solo, de suas \u00e1guas, de suas matas, de sua biodiversidade, a Amaz\u00f4nia \u00e9 cobi\u00e7ada.\u00a0 Por sua import\u00e2ncia ecol\u00f3gica, pela influ\u00eancia que exerce no clima do planeta, a Amaz\u00f4nia \u00e9 imprescind\u00edvel. Pelas amea\u00e7as \u00e0 sua integridade, pelos ataques \u00e0 sua natureza, a situa\u00e7\u00e3o da Amaz\u00f4nia \u00e9 preocupante.<\/p>\n<p style=\"text-align: justify\">Por tudo isto, a Amaz\u00f4nia se tornou um grande desafio.<\/p>\n<p style=\"text-align: justify\">Inquieto com os sinais evidentes de desequilibro ambiental, o mundo olha para a Amaz\u00f4nia, e manifesta o impulso de se sentir respons\u00e1vel por ela. Em sua can\u00e7\u00e3o sobre a Amaz\u00f4nia, Roberto Carlos capta bem este sentimento universal, relacionando \u201cAmaz\u00f4nia\u201d com \u201cins\u00f4nia\u201d. Ela se tornou, de fato, a ins\u00f4nia do mundo, que teme o aquecimento global e aspira abrigar-se \u00e0 sombra da selva amaz\u00f4nica!<\/p>\n<p style=\"text-align: justify\">Mas quem, em primeiro lugar, deve se preocupar com a Amaz\u00f4nia \u00e9 o Brasil. Nosso pa\u00eds foi agraciado com mais da metade da Amaz\u00f4nia continental.\u00a0 Agora precisa despertar para a responsabilidade de assumir e integrar seu territ\u00f3rio amaz\u00f4nico em sua nacionalidade, sob risco de perder o dom\u00ednio sobre ele.<\/p>\n<p style=\"text-align: justify\">Sem a Amaz\u00f4nia, o Brasil n\u00e3o s\u00f3 reduz sua dimens\u00e3o geogr\u00e1fica pela metade, mas perde seu status de grande pa\u00eds e sua relev\u00e2ncia mundial.\u00a0 Sem a Amaz\u00f4nia, viramos uma insignificante rep\u00fablica sub tropical. A Amaz\u00f4nia nos confere o direito a tratamento vip no cen\u00e1rio mundial. Mas isto tem o seu custo, que precisa ser assumido e honrado com pontualidade. Infelizmente, ainda n\u00e3o nos damos conta da dimens\u00e3o de grandeza que a Amaz\u00f4nia confere ao Brasil, que se transformaria em atestado de incompet\u00eancia se n\u00e3o soubermos corresponder a esta grandeza com uma a\u00e7\u00e3o respons\u00e1vel e qualificada.<\/p>\n<p style=\"text-align: justify\">O perigo maior e mais iminente \u00e9 a cobi\u00e7a internacional se revestir de zelo pela preserva\u00e7\u00e3o da Amaz\u00f4nia, para submet\u00ea-la aos interesses de sua explora\u00e7\u00e3o. Por isso tamb\u00e9m que o Brasil tem a urgente tarefa de se mostrar capaz de zelar por seu territ\u00f3rio amaz\u00f4nico, e por sua fun\u00e7\u00e3o ecol\u00f3gica mundial.<\/p>\n<p style=\"text-align: justify\">Mas tamb\u00e9m a Igreja do Brasil est\u00e1 diante de um claro desafio. Ela \u00e9 chamada a assumir a evangeliza\u00e7\u00e3o da Amaz\u00f4nia. N\u00e3o pode mais dormir tranq\u00fcila, na convic\u00e7\u00e3o de que a Amaz\u00f4nia est\u00e1 segura sob os cuidados de sua pr\u00f3diga\u00a0 natureza.\u00a0 Cabe \u00e0 Igreja do Brasil levar o Evangelho de Cristo aos povos da Amaz\u00f4nia, animando-os a assumirem sua pr\u00f3pria vida eclesial, garantindo a voca\u00e7\u00e3o especial que Deus confiou a esta imensa regi\u00e3o do mundo. Os mission\u00e1rios estrangeiros j\u00e1 fizeram sua parte. Agora \u00e9 a vez dos mission\u00e1rios brasileiros.<\/p>\n<p style=\"text-align: justify\">Percebendo o tamanho do desafio, e a urg\u00eancia de buscar solu\u00e7\u00f5es concretas, a CNBB decidiu promover, em cada ano, uma \u201cSemana da Amaz\u00f4nia\u201d.\u00a0 Esta iniciativa n\u00e3o pode se limitar a resultados perfunct\u00f3rios, sem conseq\u00fc\u00eancias pr\u00e1ticas. Deve suscitar um verdadeiro mutir\u00e3o em favor da Amaz\u00f4nia, que a comiss\u00e3o de bispos escolhida para esta finalidade\u00a0 precisa urgir e cobrar.<\/p>\n<p style=\"text-align: justify\">De pesadelo e ins\u00f4nia, a Amaz\u00f4nia precisa fazer parte de nossos sonhos e de nossos compromissos.<\/p>\n<h4 style=\"text-align: right\">Dom Luiz Dem\u00e9trio Valentini<\/h4>\n","protected":false},"excerpt":{"rendered":"<p>Enquanto no Sul continua a seca, no Norte acontecem agora as enchentes. Em seu territ\u00f3rio, o Brasil abriga estes contrastes, que aumentam as apreens\u00f5es sobre as conseq\u00fc\u00eancias do desequil\u00edbrio ambiental.<\/p>\n","protected":false},"author":83,"featured_media":0,"comment_status":"open","ping_status":"open","sticky":false,"template":"","format":"standard","meta":{"site-sidebar-layout":"default","site-content-layout":"default","ast-global-header-display":"","ast-banner-title-visibility":"","ast-main-header-display":"","ast-hfb-above-header-display":"","ast-hfb-below-header-display":"","ast-hfb-mobile-header-display":"","site-post-title":"","ast-breadcrumbs-content":"","ast-featured-img":"","footer-sml-layout":"","theme-transparent-header-meta":"","adv-header-id-meta":"","stick-header-meta":"","header-above-stick-meta":"","header-main-stick-meta":"","header-below-stick-meta":""},"categories":[758],"tags":[],"acf":[],"_links":{"self":[{"href":"https:\/\/www.cnbb.org.br\/cnbb-app\/wp\/v2\/posts\/12174"}],"collection":[{"href":"https:\/\/www.cnbb.org.br\/cnbb-app\/wp\/v2\/posts"}],"about":[{"href":"https:\/\/www.cnbb.org.br\/cnbb-app\/wp\/v2\/types\/post"}],"author":[{"embeddable":true,"href":"https:\/\/www.cnbb.org.br\/cnbb-app\/wp\/v2\/users\/83"}],"replies":[{"embeddable":true,"href":"https:\/\/www.cnbb.org.br\/cnbb-app\/wp\/v2\/comments?post=12174"}],"version-history":[{"count":0,"href":"https:\/\/www.cnbb.org.br\/cnbb-app\/wp\/v2\/posts\/12174\/revisions"}],"wp:attachment":[{"href":"https:\/\/www.cnbb.org.br\/cnbb-app\/wp\/v2\/media?parent=12174"}],"wp:term":[{"taxonomy":"category","embeddable":true,"href":"https:\/\/www.cnbb.org.br\/cnbb-app\/wp\/v2\/categories?post=12174"},{"taxonomy":"post_tag","embeddable":true,"href":"https:\/\/www.cnbb.org.br\/cnbb-app\/wp\/v2\/tags?post=12174"}],"curies":[{"name":"wp","href":"https:\/\/api.w.org\/{rel}","templated":true}]}}