{"id":12176,"date":"2009-05-04T00:00:00","date_gmt":"2009-05-04T03:00:00","guid":{"rendered":"https:\/\/www.cnbb.org.br\/centralidade-do-trabalho\/"},"modified":"2009-05-04T00:00:00","modified_gmt":"2009-05-04T03:00:00","slug":"centralidade-do-trabalho","status":"publish","type":"post","link":"https:\/\/www.cnbb.org.br\/centralidade-do-trabalho\/","title":{"rendered":"Centralidade do Trabalho"},"content":{"rendered":"<p style=\"text-align: justify\">As assembl\u00e9ias da CNBB sempre se realizam nas proximidades do Dia do Trabalhador. Por coincid\u00eancia, neste ano a assembl\u00e9ia se concluiu com o Primeiro de Maio.<\/p>\n<p>  <!--more-->  <\/p>\n<p style=\"text-align: justify\">Esta circunst\u00e2ncia fez dos trabalhadores uma presen\u00e7a constante nas assembl\u00e9ias, contribuindo para que a realidade do trabalho ajudasse a trazer presente, na reuni\u00e3o dos bispos, a situa\u00e7\u00e3o vivida pelo povo.<\/p>\n<p style=\"text-align: justify\">Desta vez, al\u00e9m da coincid\u00eancia da data, havia outro motivo a urgir um pronunciamento da CNBB sobre o Dia do Trabalhador.\u00a0 As conseq\u00fc\u00eancias da crise mundial t\u00eam repercuss\u00e3o direta nos trabalhadores. Eles se tornam, de novo, o term\u00f4metro para medir a problem\u00e1tica social, decorrente da crise de amplo espectro que o mundo est\u00e1 vivendo. Comprova-se o que \u201co trabalho \u00e9 chave de toda quest\u00e3o social\u201d, como j\u00e1 dizia Jo\u00e3o Paulo II, em sua enc\u00edclica Laborem Exercens.<\/p>\n<p style=\"text-align: justify\">\u00c9 neste contexto de crise mundial que chega a palavra dos bispos dirigida especialmente \u00e0s trabalhadoras e aos trabalhadores.<\/p>\n<p style=\"text-align: justify\">\u201cNeste ano, o dia 1\u00ba de maio acontece no contexto da crise que assola o conjunto da economia mundial. A crise mostra a sua face mais cruel ao se deslocar do capital financeiro para o setor produtivo, dizimando milhares de postos de trabalho, na cidade e no campo. Os pa\u00edses e as popula\u00e7\u00f5es pobres sofrem mais diretamente as conseq\u00fc\u00eancias do atual modelo capitalista de desenvolvimento, incapaz de assegurar a dignidade humana, garantir os direitos sociais b\u00e1sicos e preservar a vida em nosso planeta.\u201d<\/p>\n<p style=\"text-align: justify\">Esta situa\u00e7\u00e3o de crise leva a CNBB a expressar sua solidariedade, e reafirmar seu compromisso com os trabalhadores:<\/p>\n<p style=\"text-align: justify\">\u201cAo celebrar o Dia do Trabalhador, a CNBB confirma seu compromisso em favor dos direitos sociais do povo e, em especial, dos direitos trabalhistas e dos esfor\u00e7os para consolidar as suas organiza\u00e7\u00f5es. Expressa tamb\u00e9m a solidariedade com todos os desempregados, v\u00edtimas da crise ou dos que se aproveitam dela. Os princ\u00edpios da Doutrina Social da Igreja &#8211; a dignidade da pessoa humana, a destina\u00e7\u00e3o universal dos bens da terra e a prioridade do trabalho sobre o capital &#8211; inspiram alternativas para uma nova ordem econ\u00f4mica, em vista de um mundo justo e solid\u00e1rio.\u201d<\/p>\n<p style=\"text-align: justify\">Esta solidariedade da Igreja n\u00e3o se limita ao conforto que resulta da estima pessoal e do reconhecimento da import\u00e2ncia dos trabalhadores. Ela toma a forma de firme posicionamento em favor de suas causas, e a convic\u00e7\u00e3o de que a sa\u00edda da crise passa pelo atendimento da pauta de reivindica\u00e7\u00f5es dos trabalhadores, como afirma com \u00eanfase a nota:<\/p>\n<p style=\"text-align: justify\">\u201cOs tempos atuais, mesmo dif\u00edceis, representam oportunidades para as mudan\u00e7as necess\u00e1rias em dire\u00e7\u00e3o a uma nova ordem econ\u00f4mica. Nesse contexto, a Igreja faz ressoar o clamor dos trabalhadores por vida e dignidade. As aspira\u00e7\u00f5es do povo trabalhador, por meio de suas organiza\u00e7\u00f5es, indicam caminhos para a consolida\u00e7\u00e3o dos direitos, tais como: n\u00e3o \u00e0s demiss\u00f5es, valoriza\u00e7\u00e3o das aposentadorias, queda nos juros, redu\u00e7\u00e3o da jornada de trabalho sem redu\u00e7\u00e3o dos sal\u00e1rios, reforma agr\u00e1ria e fortalecimento da agricultura familiar e agro-ecol\u00f3gica, combate ao trabalho escravo e degradante, valoriza\u00e7\u00e3o dos movimentos de trabalhadores desempregados, incentivo \u00e0s iniciativas de economia popular solid\u00e1ria, investimento nas pol\u00edticas p\u00fablicas de sa\u00fade, educa\u00e7\u00e3o e moradia.<\/p>\n<p style=\"text-align: justify\">Depois de dez dias de intensos trabalhos, os bispos concluem sua assembl\u00e9ia no Dia do Trabalhador.\u00a0 A mesma data \u00e9 mais que mera coincid\u00eancia. Lembra um compromisso hist\u00f3rico, entre Igreja e trabalhadores, que precisa ser levado adiante, no novo contexto de profundas transforma\u00e7\u00f5es que atingem hoje o mundo do trabalho.<\/p>\n<h4 style=\"text-align: right\">Dom Luiz Dem\u00e9trio Valentini<\/h4>\n","protected":false},"excerpt":{"rendered":"<p>As assembl\u00e9ias da CNBB sempre se realizam nas proximidades do Dia do Trabalhador. Por coincid\u00eancia, neste ano a assembl\u00e9ia se concluiu com o Primeiro de Maio.<\/p>\n","protected":false},"author":83,"featured_media":0,"comment_status":"open","ping_status":"open","sticky":false,"template":"","format":"standard","meta":{"site-sidebar-layout":"default","site-content-layout":"default","ast-global-header-display":"","ast-banner-title-visibility":"","ast-main-header-display":"","ast-hfb-above-header-display":"","ast-hfb-below-header-display":"","ast-hfb-mobile-header-display":"","site-post-title":"","ast-breadcrumbs-content":"","ast-featured-img":"","footer-sml-layout":"","theme-transparent-header-meta":"","adv-header-id-meta":"","stick-header-meta":"","header-above-stick-meta":"","header-main-stick-meta":"","header-below-stick-meta":""},"categories":[758],"tags":[],"acf":[],"_links":{"self":[{"href":"https:\/\/www.cnbb.org.br\/cnbb-app\/wp\/v2\/posts\/12176"}],"collection":[{"href":"https:\/\/www.cnbb.org.br\/cnbb-app\/wp\/v2\/posts"}],"about":[{"href":"https:\/\/www.cnbb.org.br\/cnbb-app\/wp\/v2\/types\/post"}],"author":[{"embeddable":true,"href":"https:\/\/www.cnbb.org.br\/cnbb-app\/wp\/v2\/users\/83"}],"replies":[{"embeddable":true,"href":"https:\/\/www.cnbb.org.br\/cnbb-app\/wp\/v2\/comments?post=12176"}],"version-history":[{"count":0,"href":"https:\/\/www.cnbb.org.br\/cnbb-app\/wp\/v2\/posts\/12176\/revisions"}],"wp:attachment":[{"href":"https:\/\/www.cnbb.org.br\/cnbb-app\/wp\/v2\/media?parent=12176"}],"wp:term":[{"taxonomy":"category","embeddable":true,"href":"https:\/\/www.cnbb.org.br\/cnbb-app\/wp\/v2\/categories?post=12176"},{"taxonomy":"post_tag","embeddable":true,"href":"https:\/\/www.cnbb.org.br\/cnbb-app\/wp\/v2\/tags?post=12176"}],"curies":[{"name":"wp","href":"https:\/\/api.w.org\/{rel}","templated":true}]}}