{"id":12179,"date":"2009-04-13T00:00:00","date_gmt":"2009-04-13T03:00:00","guid":{"rendered":"https:\/\/www.cnbb.org.br\/mensagem-de-pascoa-2009\/"},"modified":"2009-04-13T00:00:00","modified_gmt":"2009-04-13T03:00:00","slug":"mensagem-de-pascoa-2009","status":"publish","type":"post","link":"https:\/\/www.cnbb.org.br\/mensagem-de-pascoa-2009\/","title":{"rendered":"Mensagem de P\u00e1scoa &#8211; 2009"},"content":{"rendered":"<p style=\"text-align: justify\">Conduzidos pela Provid\u00eancia, temos a alegria de celebrar a P\u00e1scoa deste ano.\u00a0 Com ela, queremos renovar nossa confian\u00e7a em Deus, que na morte de Cristo nos d\u00e1 a certeza do seu amor, e na sua ressurrei\u00e7\u00e3o nos garante a esperan\u00e7a de nossa salva\u00e7\u00e3o.<\/p>\n<p>  <!--more-->  <\/p>\n<p style=\"text-align: justify\">P\u00e1scoa \u00e9 sempre bem vinda. Mais ainda neste ano de 2009. \u00c0 sua luz podemos compreender melhor os acontecimentos que nos envolvem, para discernirmos os caminhos por onde Deus quer nos conduzir.<\/p>\n<p style=\"text-align: justify\">A Campanha da Fraternidade mostrou quanto nossa seguran\u00e7a depende de Deus, e quanto precisamos da justi\u00e7a e da solidariedade para vivermos a paz que todos sonhamos.<\/p>\n<p style=\"text-align: justify\">A realidade mundial nos mostra um mundo em profunda crise, e a Igreja angustiada diante dos dif\u00edceis desafios que a realidade coloca hoje \u00e0 nossa consci\u00eancia crist\u00e3.<\/p>\n<p style=\"text-align: justify\">Quando avisaram a Jesus que seu amigo L\u00e1zaro estava doente, ele n\u00e3o se apressou em visit\u00e1-lo. Disse que aquela doen\u00e7a era para manifestar os des\u00edgnios de Deus, e deixou que L\u00e1zaro morresse, para depois ressuscit\u00e1-lo.<\/p>\n<p style=\"text-align: justify\">Tamb\u00e9m diante desta crise n\u00e3o adianta ter pressa. Pois ela deve, primeiro, levar \u00e0 morte muitas ilus\u00f5es, produzidas por um modelo de civiliza\u00e7\u00e3o marcado pela injusti\u00e7a e pela desigualdade, produtoras de mis\u00e9ria e de viol\u00eancia.<\/p>\n<p style=\"text-align: justify\">Com a crise, Deus quer nos ensinar os caminhos do respeito por sua natureza, de justi\u00e7a em nossa organiza\u00e7\u00e3o social, e de fraternidade em nossos relacionamentos humanos.<\/p>\n<p style=\"text-align: justify\">Em nossa Diocese, a P\u00e1scoa deste ano nos encaminha para um tempo muito fecundo e aben\u00e7oado. Estamos nos aproximando dos 50 anos de nossa Diocese.<\/p>\n<p style=\"text-align: justify\">Por isto, nesta P\u00e1scoa venho convocar toda a Diocese a celebrar um ANO JUBILAR, que ter\u00e1 seu in\u00edcio na romaria deste ano, em 16 de agosto, para ser conclu\u00eddo na romaria de 2.010, no dia em que a Diocese estar\u00e1 completando 50 anos de sua implanta\u00e7\u00e3o.<\/p>\n<p style=\"text-align: justify\">Com a certeza de contarmos com a gra\u00e7a de Deus para superar as dificuldades e para cumprir nossa miss\u00e3o, renovo meus votos de Feliz P\u00e1scoa, convidando a todos a se associarem desde agora \u00e0s alegrias do jubileu de ouro de nossa Diocese.<\/p>\n<h4 style=\"text-align: right\">Dom Luiz Dem\u00e9trio Valentini<\/h4>\n","protected":false},"excerpt":{"rendered":"<p>Conduzidos pela Provid\u00eancia, temos a alegria de celebrar a P\u00e1scoa deste ano.\u00a0 Com ela, queremos renovar nossa confian\u00e7a em Deus, que na morte de Cristo nos d\u00e1 a certeza do seu amor, e na sua ressurrei\u00e7\u00e3o nos garante a esperan\u00e7a de nossa salva\u00e7\u00e3o.<\/p>\n","protected":false},"author":83,"featured_media":0,"comment_status":"open","ping_status":"open","sticky":false,"template":"","format":"standard","meta":{"site-sidebar-layout":"default","site-content-layout":"default","ast-global-header-display":"","ast-banner-title-visibility":"","ast-main-header-display":"","ast-hfb-above-header-display":"","ast-hfb-below-header-display":"","ast-hfb-mobile-header-display":"","site-post-title":"","ast-breadcrumbs-content":"","ast-featured-img":"","footer-sml-layout":"","theme-transparent-header-meta":"","adv-header-id-meta":"","stick-header-meta":"","header-above-stick-meta":"","header-main-stick-meta":"","header-below-stick-meta":""},"categories":[758],"tags":[],"acf":[],"_links":{"self":[{"href":"https:\/\/www.cnbb.org.br\/cnbb-app\/wp\/v2\/posts\/12179"}],"collection":[{"href":"https:\/\/www.cnbb.org.br\/cnbb-app\/wp\/v2\/posts"}],"about":[{"href":"https:\/\/www.cnbb.org.br\/cnbb-app\/wp\/v2\/types\/post"}],"author":[{"embeddable":true,"href":"https:\/\/www.cnbb.org.br\/cnbb-app\/wp\/v2\/users\/83"}],"replies":[{"embeddable":true,"href":"https:\/\/www.cnbb.org.br\/cnbb-app\/wp\/v2\/comments?post=12179"}],"version-history":[{"count":0,"href":"https:\/\/www.cnbb.org.br\/cnbb-app\/wp\/v2\/posts\/12179\/revisions"}],"wp:attachment":[{"href":"https:\/\/www.cnbb.org.br\/cnbb-app\/wp\/v2\/media?parent=12179"}],"wp:term":[{"taxonomy":"category","embeddable":true,"href":"https:\/\/www.cnbb.org.br\/cnbb-app\/wp\/v2\/categories?post=12179"},{"taxonomy":"post_tag","embeddable":true,"href":"https:\/\/www.cnbb.org.br\/cnbb-app\/wp\/v2\/tags?post=12179"}],"curies":[{"name":"wp","href":"https:\/\/api.w.org\/{rel}","templated":true}]}}