{"id":12180,"date":"2009-04-02T00:00:00","date_gmt":"2009-04-02T03:00:00","guid":{"rendered":"https:\/\/www.cnbb.org.br\/semana-santa-e-religiao\/"},"modified":"2009-04-02T00:00:00","modified_gmt":"2009-04-02T03:00:00","slug":"semana-santa-e-religiao","status":"publish","type":"post","link":"https:\/\/www.cnbb.org.br\/semana-santa-e-religiao\/","title":{"rendered":"Semana Santa e Religi\u00e3o"},"content":{"rendered":"<p style=\"text-align: justify\">Para a Semana Santa convergem os dois trunfos mais importantes da Igreja Cat\u00f3lica em nosso pa\u00eds. De um lado, a Campanha da Fraternidade, instrumento privilegiado de inser\u00e7\u00e3o da Igreja na sociedade, assumindo causas importantes e de comum interesse, como se comprovou mais uma vez neste ano com o tema da seguran\u00e7a p\u00fablica.<\/p>\n<p>  <!--more-->  <\/p>\n<p style=\"text-align: justify\">Por outro lado, as celebra\u00e7\u00f5es lit\u00fargicas da Semana Santa, que melhor recolhem os sentimentos religiosos e a express\u00e3o de f\u00e9 do povo brasileiro, desde o Domingo de Ramos, passando pela paix\u00e3o do Senhor, e chegando \u00e0 festa da P\u00e1scoa.<\/p>\n<p style=\"text-align: justify\">Nesta converg\u00eancia entre a\u00e7\u00e3o social e celebra\u00e7\u00e3o religiosa, encontramos a justificava maior para a Igreja Cat\u00f3lica se sentir integrada na hist\u00f3ria e na tradi\u00e7\u00e3o do povo brasileiro, com o lugar que lhe compete de direito, como institui\u00e7\u00e3o que tem sua identidade pr\u00f3pria, a partir de sua miss\u00e3o religiosa, mas que tem tamb\u00e9m o seu lugar na sociedade, por sua consist\u00eancia institucional e pela atua\u00e7\u00e3o social que dela decorre.<\/p>\n<p style=\"text-align: justify\">As campanhas anuais de fraternidade, que h\u00e1 d\u00e9cadas a Igreja vem promovendo, se tornaram s\u00edmbolo da intera\u00e7\u00e3o positiva que pode existir entre uma entidade de cunho religioso, como \u00e9 a Igreja Cat\u00f3lica, e a sociedade civil de nosso pa\u00eds. Ao cumprir sua fun\u00e7\u00e3o espec\u00edfica de expressar a f\u00e9, a Igreja se mostra solid\u00e1ria com as quest\u00f5es que permeiam a vida da sociedade. Ela tamb\u00e9m oferece sua valiosa contribui\u00e7\u00e3o, seja motivando seus membros a participarem com responsabilidade da cidadania, seja oferecendo para a pr\u00f3pria sociedade sua competente atua\u00e7\u00e3o concreta em diversos campos de a\u00e7\u00e3o social, sobretudo em atividades de car\u00e1ter beneficente, mas tamb\u00e9m apontando valores que s\u00e3o coincidentes com o interesse comum de toda a sociedade.<\/p>\n<p style=\"text-align: justify\">Ao mesmo tempo, a Igreja se habilita a ter esta presen\u00e7a de credibilidade na sociedade, em primeiro lugar pela maneira correta de expressar a religiosidade do povo, colocando-se a servi\u00e7o dos sentimentos de f\u00e9, para que eles encontrem express\u00e3o adequada na sociedade, que assim se enriquece de tradi\u00e7\u00f5es salutares e muito significativas. Basta conferir quanto s\u00e3o apreciadas pelo povo as celebra\u00e7\u00f5es religiosas da Semana Santa, com as quais a Igreja Cat\u00f3lica tradicionalmente mais se identifica. Se fosse suprimir estas celebra\u00e7\u00f5es, que empobrecimento isto significaria para a sociedade brasileira, que conta com elas at\u00e9 para estabelecer a data do carnaval!<\/p>\n<p style=\"text-align: justify\">A credibilidade da Igreja Cat\u00f3lica na sociedade brasileira tem sua maior justificativa na coer\u00eancia \u00e9tica com que a Igreja lida com os sentimentos religiosos. Ela sabe que estes sentimentos precisam ser bem assumidos e conduzidos com responsabilidade. E todos constatam como estes sentimentos s\u00e3o facilmente explorados, levando institui\u00e7\u00f5es religiosas a se enriquecerem de maneira desonesta, explorando o apelo forte da religiosidade do povo brasileiro, e ao mesmo tempo explorando sua ingenuidade, sua falta de discernimento, e tamb\u00e9m sua cren\u00e7a f\u00e1cil em todos os que se apresentam com fachada eclesial, muitas vezes mascarada sutilmente com artif\u00edcios de seriedade, mas que escondem espertezas enganadoras.<\/p>\n<p style=\"text-align: justify\">Quando a religiosidade do povo \u00e9 explorada de maneira desonesta, cabe ao Estado, por seus instrumentos legais, desmascarar as institui\u00e7\u00f5es que se revestem de fun\u00e7\u00f5es religiosas, mas na verdade s\u00e3o meras empresas que vivem explorando a religiosidade popular, inclusive eximindo-se de obriga\u00e7\u00f5es fiscais. E\u00b4 tarefa delicada, que necessita de par\u00e2metros legais para ser exercida com seguran\u00e7a.<\/p>\n<p style=\"text-align: justify\">Da\u00ed a import\u00e2ncia do Estado dispor desses par\u00e2metros legais, para agir com seguran\u00e7a jur\u00eddica e presteza eficaz. Neste sentido, \u00e9 bem vindo o \u201cAcordo\u201d firmado recentemente pelo Governo Brasileiro e a Santa F\u00e9, regulando a exist\u00eancia e a atua\u00e7\u00e3o da Igreja Cat\u00f3lica no Brasil. Ele somente explicita o que o ordenamento jur\u00eddico brasileiro j\u00e1 reconhece. Nas pr\u00f3ximas semanas ele ser\u00e1 levado ao Congresso Nacional, para ser ratificado, como manda a Constitui\u00e7\u00e3o Brasileira. Tornado p\u00fablico e reconhecido oficialmente, ele pode se tornar par\u00e2metro v\u00e1lido para todas as institui\u00e7\u00f5es religiosas que aceitam o confronto transparente com a sociedade e o Estado Brasileiro.<\/p>\n<p style=\"text-align: justify\">O contexto da Campanha da Fraternidade e da Semana Santa pode servir de boa justificativa, para os Congressistas que talvez ainda n\u00e3o atinaram para a import\u00e2ncia deste instrumento jur\u00eddico que eles s\u00e3o chamados a analisar e a ratificar.<\/p>\n<h4 style=\"text-align: right\">Dom Luiz Dem\u00e9trio Valentini<\/h4>\n","protected":false},"excerpt":{"rendered":"<p>Para a Semana Santa convergem os dois trunfos mais importantes da Igreja Cat\u00f3lica em nosso pa\u00eds. De um lado, a Campanha da Fraternidade, instrumento privilegiado de inser\u00e7\u00e3o da Igreja na sociedade, assumindo causas importantes e de comum interesse, como se comprovou mais uma vez neste ano com o tema da seguran\u00e7a p\u00fablica.<\/p>\n","protected":false},"author":83,"featured_media":0,"comment_status":"open","ping_status":"open","sticky":false,"template":"","format":"standard","meta":{"site-sidebar-layout":"default","site-content-layout":"default","ast-global-header-display":"","ast-banner-title-visibility":"","ast-main-header-display":"","ast-hfb-above-header-display":"","ast-hfb-below-header-display":"","ast-hfb-mobile-header-display":"","site-post-title":"","ast-breadcrumbs-content":"","ast-featured-img":"","footer-sml-layout":"","theme-transparent-header-meta":"","adv-header-id-meta":"","stick-header-meta":"","header-above-stick-meta":"","header-main-stick-meta":"","header-below-stick-meta":""},"categories":[758],"tags":[],"acf":[],"_links":{"self":[{"href":"https:\/\/www.cnbb.org.br\/cnbb-app\/wp\/v2\/posts\/12180"}],"collection":[{"href":"https:\/\/www.cnbb.org.br\/cnbb-app\/wp\/v2\/posts"}],"about":[{"href":"https:\/\/www.cnbb.org.br\/cnbb-app\/wp\/v2\/types\/post"}],"author":[{"embeddable":true,"href":"https:\/\/www.cnbb.org.br\/cnbb-app\/wp\/v2\/users\/83"}],"replies":[{"embeddable":true,"href":"https:\/\/www.cnbb.org.br\/cnbb-app\/wp\/v2\/comments?post=12180"}],"version-history":[{"count":0,"href":"https:\/\/www.cnbb.org.br\/cnbb-app\/wp\/v2\/posts\/12180\/revisions"}],"wp:attachment":[{"href":"https:\/\/www.cnbb.org.br\/cnbb-app\/wp\/v2\/media?parent=12180"}],"wp:term":[{"taxonomy":"category","embeddable":true,"href":"https:\/\/www.cnbb.org.br\/cnbb-app\/wp\/v2\/categories?post=12180"},{"taxonomy":"post_tag","embeddable":true,"href":"https:\/\/www.cnbb.org.br\/cnbb-app\/wp\/v2\/tags?post=12180"}],"curies":[{"name":"wp","href":"https:\/\/api.w.org\/{rel}","templated":true}]}}