{"id":12184,"date":"2009-02-04T00:00:00","date_gmt":"2009-02-04T02:00:00","guid":{"rendered":"https:\/\/www.cnbb.org.br\/centenario-de-dom-helder\/"},"modified":"2009-02-04T00:00:00","modified_gmt":"2009-02-04T02:00:00","slug":"centenario-de-dom-helder","status":"publish","type":"post","link":"https:\/\/www.cnbb.org.br\/centenario-de-dom-helder\/","title":{"rendered":"Centen\u00e1rio de Dom Helder"},"content":{"rendered":"<p style=\"text-align: justify\">Nesta semana temos uma data especial a agendar. No dia 07 de fevereiro se completam cem anos do nascimento de D.Helder.\u00a0 Para personagens com dimens\u00e3o hist\u00f3rica, a roupagem adequada \u00e9 a dos s\u00e9culos.<\/p>\n<p>  <!--more-->  <\/p>\n<p style=\"text-align: justify\">De fato, o arco de um s\u00e9culo situa melhor a import\u00e2ncia e a grandeza de D.Helder.\u00a0 E\u00b4 muito acertada a iniciativa de se promover um \u201cano centen\u00e1rio\u201d, para recolher a grande heran\u00e7a deixada por ele.<\/p>\n<p style=\"text-align: justify\">A iniciativa parte de diversas institui\u00e7\u00f5es, a come\u00e7ar pela CNBB, com a presen\u00e7a do seu atual Presidente, D. Lyrio Rocha, na missa de abertura do \u201cano centen\u00e1rio\u201d, em Recife, defronte \u00e0 Igreja das Fronteiras.<\/p>\n<p style=\"text-align: justify\">A C\u00e1ritas Brasileira se sente particularmente ligada \u00e0 pessoa de D. Helder, que foi o seu fundador, no ano de 1956. Por isto, ela se antecipa, e promove uma homenagem especial ao seu primeiro secret\u00e1rio geral e presidente no dia 06 \u00e0 noite. Quando a liturgia tem uma data especial a celebrar, ela come\u00e7a no dia anterior, com as \u201cprimeiras v\u00e9speras\u201d. A C\u00e1ritas se incumbe de entoar os primeiros louvores, sinalizando que a celebra\u00e7\u00e3o \u00e9 de \u201cprimeira classe\u201d!<\/p>\n<p style=\"text-align: justify\">Entre tantos predicados, D. Helder foi indiscutivelmente um grande profeta e um sonhador das grandes utopias humanas e crist\u00e3s.<\/p>\n<p style=\"text-align: justify\">Para descortinar os amplos horizontes suscitados pelo centen\u00e1rio do seu nascimento, podemos lembrar os dois grandes sonhos de D.Helder. Ambos em vista da passagem do mil\u00eanio, que ele nem p\u00f4de ver. Como Mois\u00e9s que n\u00e3o chegou a pisar a terra prometida, s\u00f3 a enxergando do alto do Monte Nebo, assim D. Helder deixou este mundo em 1999, antes da chegada do novo mil\u00eanio, que ele sonhou com a generosidade de suas grandes utopias.<\/p>\n<p style=\"text-align: justify\">Pois bem, para o mundo, D. Helder sonhou o fim da mis\u00e9ria e da fome. Um mundo justo, em paz, reconciliado e fraterno, onde ningu\u00e9m precisasse viver na mis\u00e9ria e passando fome.\u00a0 Este o mundo que D. Helder sonhou para o mil\u00eanio que j\u00e1 estamos vivendo!<\/p>\n<p style=\"text-align: justify\">Para a Igreja, D. Helder sonhou, e divulgou, sua grande utopia, carregada de profundo simbolismo: a convoca\u00e7\u00e3o do Segundo Conc\u00edlio de Jerusal\u00e9m!\u00a0 Para entender a for\u00e7a deste sonho, \u00e9 preciso saber o que foi o primeiro conc\u00edlio, descrito na B\u00edblia e realizado no come\u00e7o da Igreja. Os ap\u00f3stolos se congregaram em Jerusal\u00e9m e perceberam a universalidade do Evangelho de Cristo, que precisava romper os limites estreitos do juda\u00edsmo e de quaisquer outras amarras culturais e religiosas, para ser levado a toda a humanidade, que o aguardava como terra sedenta de verdade e de amor, pronta para produzir os frutos do Reino de Deus.<\/p>\n<p style=\"text-align: justify\">Agora, um segundo \u201cconc\u00edlio de Jerusal\u00e9m\u201d implicaria a predisposi\u00e7\u00e3o da Igreja em rever sua caminhada, e o convite ao mundo para se abrir ao Evangelho de Cristo, superando preconceitos e confrontos in\u00fateis, e abrindo caminho para um novo tempo de reconcilia\u00e7\u00e3o e de paz mundial.<\/p>\n<p style=\"text-align: justify\">Assim sonhava D. Helder. Ele vinculava seus sonhos a uma data, carregada de simbolismo, para dizer que estes sonhos ultrapassam as possibilidades concretas do nosso dia a dia, mas ao mesmo tempo come\u00e7am a acontecer se lhes damos abrigo em nossas mentes e em nossos cora\u00e7\u00f5es.\u00a0 Ele insistia na dimens\u00e3o comunit\u00e1ria das utopias, alertando que um sonho que se sonha s\u00f3, fica na ilus\u00e3o, mas um sonho que sonhamos juntos,\u00a0 come\u00e7a sua encarna\u00e7\u00e3o.<\/p>\n<p style=\"text-align: justify\">O \u201cAno centen\u00e1rio\u201d \u00e9 para voltarmos a sonhar como D. Helder, para nos comprometer com a realiza\u00e7\u00e3o concreta de suas grandes utopias. Apesar das nuvens carregadas de pessimismo que se abateram sobre o mundo no alvorecer deste novo mil\u00eanio.<\/p>\n<p style=\"text-align: justify\">Em temos de borrascas os profetas precisam anunciar a bonan\u00e7a!<\/p>\n<h4 style=\"text-align: right\">Dom Luiz Dem\u00e9trio Valentini<\/h4>\n","protected":false},"excerpt":{"rendered":"<p>Nesta semana temos uma data especial a agendar. No dia 07 de fevereiro se completam cem anos do nascimento de D.Helder.\u00a0 Para personagens com dimens\u00e3o hist\u00f3rica, a roupagem adequada \u00e9 a dos s\u00e9culos.<\/p>\n","protected":false},"author":83,"featured_media":0,"comment_status":"open","ping_status":"open","sticky":false,"template":"","format":"standard","meta":{"site-sidebar-layout":"default","site-content-layout":"default","ast-global-header-display":"","ast-banner-title-visibility":"","ast-main-header-display":"","ast-hfb-above-header-display":"","ast-hfb-below-header-display":"","ast-hfb-mobile-header-display":"","site-post-title":"","ast-breadcrumbs-content":"","ast-featured-img":"","footer-sml-layout":"","theme-transparent-header-meta":"","adv-header-id-meta":"","stick-header-meta":"","header-above-stick-meta":"","header-main-stick-meta":"","header-below-stick-meta":""},"categories":[758],"tags":[],"acf":[],"_links":{"self":[{"href":"https:\/\/www.cnbb.org.br\/cnbb-app\/wp\/v2\/posts\/12184"}],"collection":[{"href":"https:\/\/www.cnbb.org.br\/cnbb-app\/wp\/v2\/posts"}],"about":[{"href":"https:\/\/www.cnbb.org.br\/cnbb-app\/wp\/v2\/types\/post"}],"author":[{"embeddable":true,"href":"https:\/\/www.cnbb.org.br\/cnbb-app\/wp\/v2\/users\/83"}],"replies":[{"embeddable":true,"href":"https:\/\/www.cnbb.org.br\/cnbb-app\/wp\/v2\/comments?post=12184"}],"version-history":[{"count":0,"href":"https:\/\/www.cnbb.org.br\/cnbb-app\/wp\/v2\/posts\/12184\/revisions"}],"wp:attachment":[{"href":"https:\/\/www.cnbb.org.br\/cnbb-app\/wp\/v2\/media?parent=12184"}],"wp:term":[{"taxonomy":"category","embeddable":true,"href":"https:\/\/www.cnbb.org.br\/cnbb-app\/wp\/v2\/categories?post=12184"},{"taxonomy":"post_tag","embeddable":true,"href":"https:\/\/www.cnbb.org.br\/cnbb-app\/wp\/v2\/tags?post=12184"}],"curies":[{"name":"wp","href":"https:\/\/api.w.org\/{rel}","templated":true}]}}