{"id":12187,"date":"2008-12-05T00:00:00","date_gmt":"2008-12-05T02:00:00","guid":{"rendered":"https:\/\/www.cnbb.org.br\/santa-catarina\/"},"modified":"2008-12-05T00:00:00","modified_gmt":"2008-12-05T02:00:00","slug":"santa-catarina","status":"publish","type":"post","link":"https:\/\/www.cnbb.org.br\/santa-catarina\/","title":{"rendered":"Santa Catarina"},"content":{"rendered":"<p style=\"text-align: justify\">As imagens das enchentes em Santa Catarina se fixaram em nossas retinas, e continuam interpelando nossa solidariedade. Ainda \u00e9 cedo para balan\u00e7os definitivos. At\u00e9 porque as conseq\u00fc\u00eancias desta inesperada calamidade ainda continuar\u00e3o se desdobrando de diversas maneiras. E o momento ainda requer prioridade absoluta para o poss\u00edvel socorro que possa ser dado \u00e0 popula\u00e7\u00e3o atingida de maneira t\u00e3o dura por esta cat\u00e1strofe.<\/p>\n<p><!--more--><\/p>\n<p style=\"text-align: justify\">Uma constata\u00e7\u00e3o conforta: a solidariedade de todos, tanto de perto como de longe, se agigantou diante do tamanho do desastre que atingiu a popula\u00e7\u00e3o catarinense. Claro que isto acarreta o desafio de canalizar o mais r\u00e1pido poss\u00edvel o fruto desta solidariedade, para que chegue sobretudo aos que mais foram penalizados.<\/p>\n<p style=\"text-align: justify\">Permanece a dor maior, e irrepar\u00e1vel, da perda de vidas humanas. Diante desta dor, sabemos bem, a atitude mais conveniente \u00e9 o sil\u00eancio e o respeito, sobretudo na presen\u00e7a de quem chora os familiares e amigos falecidos.<\/p>\n<p style=\"text-align: justify\">Enquanto isto, perguntas v\u00e3o surgindo, inundando nosso esp\u00edrito com interroga\u00e7\u00f5es que a seu tempo precisar\u00e3o ser respondidas de maneira adequada.<\/p>\n<p style=\"text-align: justify\">Uma delas \u00e9 de ordem ecol\u00f3gica, e nos faz perguntar se esta \u00e9 a medida das rea\u00e7\u00f5es provocadas pelo desequil\u00edbrio ambiental. Se assim \u00e9, o que ser\u00e1 que nos aguarda daqui para a frente? E que provid\u00eancias indispens\u00e1veis precisar\u00edamos tomar, se este fen\u00f4meno de todo inesperado \u00e9 uma advert\u00eancia da natureza t\u00e3o maltratada por nossa interven\u00e7\u00e3o humana.<\/p>\n<p style=\"text-align: justify\">Outra evid\u00eancia que emerge desta calamidade \u00e9 de ordem administrativa. E nos faz perguntar pelo tamanho da responsabilidade que pesa sobre todos os administradores p\u00fablicos, tanto os incumbidos de planejar, como de executar ou fiscalizar os planejamentos urbanos.<\/p>\n<p style=\"text-align: justify\">A situa\u00e7\u00e3o vivida em Santa Catarina merece ser colocada diante da consci\u00eancia pol\u00edtica de todos os cidad\u00e3os.\u00a0 Para que assim se crie aos poucos uma vis\u00e3o muito mais comprometida com\u00a0 a seguran\u00e7a coletiva de todos, baseada na implementa\u00e7\u00e3o de uma adequada infra-estrutura, que esteja de acordo em primeiro lugar com as condi\u00e7\u00f5es ambientais, e tenha a suficiente consist\u00eancia estrutural.<\/p>\n<p style=\"text-align: justify\">Muitas vezes \u00e9 mais f\u00e1cil, e mais popular, enfeitar as cidades com maquiagens do embelezamento superficial, do que garantir os investimentos necess\u00e1rios para a infra-estrutura que procure maior seguran\u00e7a efetiva para toda a popula\u00e7\u00e3o.<\/p>\n<p style=\"text-align: justify\">Enquanto ainda estamos empenhados em fazer chegar aos nossos irm\u00e3os catarinenses a ajuda emergencial que est\u00e1 ao nosso alcance, e a energia de nossa solidariedade humana, vamos colhendo desta inesperada situa\u00e7\u00e3o as li\u00e7\u00f5es que pudermos assimilar.<\/p>\n<p style=\"text-align: justify\">A experi\u00eancia da C\u00e1ritas nos alerta para outra constata\u00e7\u00e3o, que conv\u00e9m fazer logo: enquanto ainda todos nos sentimos ligados \u00e0 emerg\u00eancia, a solidariedade toma forma concreta, e express\u00e3o f\u00e1cil. Enquanto a situa\u00e7\u00e3o continua sendo divulgada, os gestos fluem espont\u00e2neos. O mais dif\u00edcil vem depois, no momento da reconstru\u00e7\u00e3o. A\u00ed se requer provid\u00eancias mais dur\u00e1veis, motiva\u00e7\u00e3o mais consistente, trabalho mais capacitado, e recursos mais abundantes. Ser\u00e1 necess\u00e1rio conjugar bem as responsabilidades estatais, com a indispens\u00e1vel participa\u00e7\u00e3o da cidadania, sobretudo para tornar eficaz o desejo que todos temos de ver o quanto antes o povo de Santa Catarina retomar sua vida, com o dinamismo e a laboriosidade que o caracterizam.<\/p>\n<p style=\"text-align: justify\">Que o tamanho da calamidade seja superado pela grandeza da solidariedade que despertou em todo o pa\u00eds.<\/p>\n<h4 style=\"text-align: right\">Dom Luiz Dem\u00e9trio Valentini<\/h4>\n","protected":false},"excerpt":{"rendered":"<p>As imagens das enchentes em Santa Catarina se fixaram em nossas retinas, e continuam interpelando nossa solidariedade. Ainda \u00e9 cedo para balan\u00e7os definitivos. At\u00e9 porque as conseq\u00fc\u00eancias desta inesperada calamidade ainda continuar\u00e3o se desdobrando de diversas maneiras. E o momento ainda requer prioridade absoluta para o poss\u00edvel socorro que possa ser dado \u00e0 popula\u00e7\u00e3o atingida &hellip;<\/p>\n<p class=\"read-more\"> <a class=\"\" href=\"https:\/\/www.cnbb.org.br\/santa-catarina\/\"> <span class=\"screen-reader-text\">Santa Catarina<\/span> Leia mais &raquo;<\/a><\/p>\n","protected":false},"author":83,"featured_media":0,"comment_status":"open","ping_status":"open","sticky":false,"template":"","format":"standard","meta":{"site-sidebar-layout":"default","site-content-layout":"default","ast-global-header-display":"","ast-banner-title-visibility":"","ast-main-header-display":"","ast-hfb-above-header-display":"","ast-hfb-below-header-display":"","ast-hfb-mobile-header-display":"","site-post-title":"","ast-breadcrumbs-content":"","ast-featured-img":"","footer-sml-layout":"","theme-transparent-header-meta":"","adv-header-id-meta":"","stick-header-meta":"","header-above-stick-meta":"","header-main-stick-meta":"","header-below-stick-meta":""},"categories":[758],"tags":[],"acf":[],"_links":{"self":[{"href":"https:\/\/www.cnbb.org.br\/cnbb-app\/wp\/v2\/posts\/12187"}],"collection":[{"href":"https:\/\/www.cnbb.org.br\/cnbb-app\/wp\/v2\/posts"}],"about":[{"href":"https:\/\/www.cnbb.org.br\/cnbb-app\/wp\/v2\/types\/post"}],"author":[{"embeddable":true,"href":"https:\/\/www.cnbb.org.br\/cnbb-app\/wp\/v2\/users\/83"}],"replies":[{"embeddable":true,"href":"https:\/\/www.cnbb.org.br\/cnbb-app\/wp\/v2\/comments?post=12187"}],"version-history":[{"count":0,"href":"https:\/\/www.cnbb.org.br\/cnbb-app\/wp\/v2\/posts\/12187\/revisions"}],"wp:attachment":[{"href":"https:\/\/www.cnbb.org.br\/cnbb-app\/wp\/v2\/media?parent=12187"}],"wp:term":[{"taxonomy":"category","embeddable":true,"href":"https:\/\/www.cnbb.org.br\/cnbb-app\/wp\/v2\/categories?post=12187"},{"taxonomy":"post_tag","embeddable":true,"href":"https:\/\/www.cnbb.org.br\/cnbb-app\/wp\/v2\/tags?post=12187"}],"curies":[{"name":"wp","href":"https:\/\/api.w.org\/{rel}","templated":true}]}}