{"id":12192,"date":"2008-10-30T00:00:00","date_gmt":"2008-10-30T02:00:00","guid":{"rendered":"https:\/\/www.cnbb.org.br\/50-anos-de-joao-23\/"},"modified":"2008-10-30T00:00:00","modified_gmt":"2008-10-30T02:00:00","slug":"50-anos-de-joao-23","status":"publish","type":"post","link":"https:\/\/www.cnbb.org.br\/50-anos-de-joao-23\/","title":{"rendered":"50 Anos de Jo\u00e3o 23"},"content":{"rendered":"<p style=\"text-align: justify\">O ano de 2008 traz muitas evoca\u00e7\u00f5es hist\u00f3ricas. Neste in\u00edcio de novembro recordamos mais uma. No dia 04 se completam 50 anos da posse do papa Jo\u00e3o 23.<\/p>\n<p>  <!--more-->  <\/p>\n<p style=\"text-align: justify\">J\u00e1 tinha sido uma surpresa a sua elei\u00e7\u00e3o, conclu\u00edda no dia 28 de outubro de 1958, depois de v\u00e1rios dias de fuma\u00e7a preta, indicando a dificuldade do conclave em escolher o substituto de Pio XII. Eleito o Cardeal \u00c2ngelo Roncalli, o novo papa prop\u00f4s sua posse para o dia 04 de novembro, uma ter\u00e7a-feira.<\/p>\n<p style=\"text-align: justify\">Na \u00e9poca ningu\u00e9m deu import\u00e2ncia a este capricho de Jo\u00e3o 23, de tomar posse num dia de semana, numa ter\u00e7a-feira, na festa de S. Carlos Borromeu. Depois, com a convoca\u00e7\u00e3o do Conc\u00edlio, se come\u00e7ou a desvendar o enigma, que ajuda a compreender por que seu pontificado foi t\u00e3o fecundo e t\u00e3o eficaz. O novo papa, que parecia um simples bonach\u00e3o, entendia muito bem de hist\u00f3ria, e tinha um apurado senso das estrat\u00e9gias a seguir para plantar fatos que fazem andar a hist\u00f3ria.<\/p>\n<p style=\"text-align: justify\">Acontece que Jo\u00e3o 23 tinha sido professor de hist\u00f3ria da Igreja, e tinha estudado particularmente a vida e a obra de S.Carlos Borromeu, bispo que tinha se dedicado a implementar o Conc\u00edlio de Trento, no s\u00e9culo 16.\u00a0 Jo\u00e3o 23 entendia de conc\u00edlios. E ele intuiu que estava na hora de fazer mais um. Mas para faz\u00ea-lo, era preciso agir com estrat\u00e9gia. Foi o que ele fez, desde o momento de sua posse.<\/p>\n<p style=\"text-align: justify\">Passados 50 anos, emerge agora com mais evid\u00eancia a lucidez de Jo\u00e3o 23, e a sua agilidade em viabilizar seus planos. E\u00b4 comum atribuir a uma inspira\u00e7\u00e3o de Deus o an\u00fancio do conc\u00edlio, feito pelo novo papa no dia 25 de janeiro de 1959, tr\u00eas meses depois de eleito. \u00c8 verdade. Mas a inspira\u00e7\u00e3o de Deus, como sempre, passa por media\u00e7\u00f5es humanas. Desta vez a media\u00e7\u00e3o\u00a0 foi um papa simples, bondoso, tradicional, mas muito esperto. Soube se antecipar \u00e0s resist\u00eancias, criando um fato consumado, e desencadeando um processo que ningu\u00e9m mais ousaria deter. Foi assim que nasceu o Conc\u00edlio Vaticano II.<\/p>\n<p style=\"text-align: justify\">De fato, ainda na fase de fixa\u00e7\u00e3o de sua imagem de papa, Jo\u00e3o 23 foi convidado a concluir, na Bas\u00edlica de S\u00e3o Paulo, a semana de ora\u00e7\u00f5es pela unidade dos crist\u00e3os. Ele intuiu que era a oportunidade de tra\u00e7ar as linhas mestras do seu pontificado. Mas n\u00e3o quis se dirigir s\u00f3 ao seleto grupo de cardeais que com ele estariam na bas\u00edlica. Antes de falar aos cardeais, colocou ao alcance dos jornalistas a informa\u00e7\u00e3o sobre os planos que anunciaria. De tal modo que, conclu\u00edda a celebra\u00e7\u00e3o, enquanto os cardeais ainda se refaziam da surpresa, a not\u00edcia de um novo conc\u00edlio j\u00e1 estava percorrendo o mundo. E ningu\u00e9m mais iria det\u00ea-la.<\/p>\n<p style=\"text-align: justify\">Sabe-se agora que Pio XII tamb\u00e9m tinha pensado em convocar um conc\u00edlio. E tinha nomeado, secretamente, uma comiss\u00e3o para analisar sua oportunidade. Passaram-se os anos, morreu o Papa, e o conc\u00edlio nem foi mencionado.<\/p>\n<p style=\"text-align: justify\">Mas Jo\u00e3o 23 fez diferente. Aproveitou um momento simb\u00f3lico, e abriu o jogo. Suscitou a din\u00e2mica que desde o tempo dos ap\u00f3stolos vem conduzindo os passos da Igreja. O Esp\u00edrito vai \u00e0 frente de nossas decis\u00f5es, e mostra na realidade os rumos que a Igreja precisa seguir. Assim aconteceu com Jo\u00e3o 23. Na ades\u00e3o entusiasta \u00e0 sua proposta de um novo conc\u00edlio, todos puderam perceber que se tratava de uma iniciativa que contava com a gra\u00e7a de Deus.<\/p>\n<p style=\"text-align: justify\">A mem\u00f3ria dos 50 anos do pontificado de Jo\u00e3o 23, e a lembran\u00e7a do seu desembara\u00e7o em integrar iniciativas humanas com inspira\u00e7\u00f5es divinas, nos coloca o s\u00e9rio desafio de perceber os sinais dos tempos, para neles inserir nossa a\u00e7\u00e3o humana, com estrat\u00e9gias adequadas para sua efic\u00e1cia. Sobretudo para aplicar agora as decis\u00f5es deste Conc\u00edlio que Jo\u00e3o 23 soube t\u00e3o bem desencadear. Para que n\u00e3o aconte\u00e7a de serem abortados os planos de Deus por causa de nossa imper\u00edcia humana, deixando que as resist\u00eancias sufoquem a renova\u00e7\u00e3o eclesial proposta pelo Vaticano II.<\/p>\n<h4 style=\"text-align: right\">Dom Luiz Dem\u00e9trio Valentini<\/h4>\n","protected":false},"excerpt":{"rendered":"<p>O ano de 2008 traz muitas evoca\u00e7\u00f5es hist\u00f3ricas. Neste in\u00edcio de novembro recordamos mais uma. No dia 04 se completam 50 anos da posse do papa Jo\u00e3o 23.<\/p>\n","protected":false},"author":83,"featured_media":0,"comment_status":"open","ping_status":"open","sticky":false,"template":"","format":"standard","meta":{"site-sidebar-layout":"default","site-content-layout":"default","ast-global-header-display":"","ast-banner-title-visibility":"","ast-main-header-display":"","ast-hfb-above-header-display":"","ast-hfb-below-header-display":"","ast-hfb-mobile-header-display":"","site-post-title":"","ast-breadcrumbs-content":"","ast-featured-img":"","footer-sml-layout":"","theme-transparent-header-meta":"","adv-header-id-meta":"","stick-header-meta":"","header-above-stick-meta":"","header-main-stick-meta":"","header-below-stick-meta":""},"categories":[758],"tags":[],"acf":[],"_links":{"self":[{"href":"https:\/\/www.cnbb.org.br\/cnbb-app\/wp\/v2\/posts\/12192"}],"collection":[{"href":"https:\/\/www.cnbb.org.br\/cnbb-app\/wp\/v2\/posts"}],"about":[{"href":"https:\/\/www.cnbb.org.br\/cnbb-app\/wp\/v2\/types\/post"}],"author":[{"embeddable":true,"href":"https:\/\/www.cnbb.org.br\/cnbb-app\/wp\/v2\/users\/83"}],"replies":[{"embeddable":true,"href":"https:\/\/www.cnbb.org.br\/cnbb-app\/wp\/v2\/comments?post=12192"}],"version-history":[{"count":0,"href":"https:\/\/www.cnbb.org.br\/cnbb-app\/wp\/v2\/posts\/12192\/revisions"}],"wp:attachment":[{"href":"https:\/\/www.cnbb.org.br\/cnbb-app\/wp\/v2\/media?parent=12192"}],"wp:term":[{"taxonomy":"category","embeddable":true,"href":"https:\/\/www.cnbb.org.br\/cnbb-app\/wp\/v2\/categories?post=12192"},{"taxonomy":"post_tag","embeddable":true,"href":"https:\/\/www.cnbb.org.br\/cnbb-app\/wp\/v2\/tags?post=12192"}],"curies":[{"name":"wp","href":"https:\/\/api.w.org\/{rel}","templated":true}]}}