{"id":12196,"date":"2008-09-08T00:00:00","date_gmt":"2008-09-08T03:00:00","guid":{"rendered":"https:\/\/www.cnbb.org.br\/migracoes\/"},"modified":"2008-09-08T00:00:00","modified_gmt":"2008-09-08T03:00:00","slug":"migracoes","status":"publish","type":"post","link":"https:\/\/www.cnbb.org.br\/migracoes\/","title":{"rendered":"Migra\u00e7\u00f5es"},"content":{"rendered":"<p style=\"text-align: justify\">Nestes dias se realiza na Espanha, na cidade de Rivas, nas proximidades de Madri, o Terceiro F\u00f3rum Social Mundial das Migra\u00e7\u00f5es. A Pastoral dos Migrantes do Brasil foi convidada a participar.<\/p>\n<p>  <!--more-->  <\/p>\n<p style=\"text-align: justify\">O fen\u00f4meno migrat\u00f3rio continua sendo o term\u00f4metro mais sens\u00edvel dos impasses que se apresentam hoje para a conviv\u00eancia justa e pac\u00edfica entre povos, na\u00e7\u00f5es e civiliza\u00e7\u00f5es.<\/p>\n<p style=\"text-align: justify\">Os F\u00f3runs anteriores j\u00e1 constataram, com suficiente clareza, que os migrantes s\u00e3o \u201cprofetas de mudan\u00e7as\u201d,\u00a0 em vista de avan\u00e7os na consci\u00eancia dos direitos humanos universais, e na consigna\u00e7\u00e3o destes direitos na legisla\u00e7\u00e3o internacional, que precisa ir sendo traduzida no interior de cada pa\u00eds ,de modo a se tornar pr\u00e1tica e objetiva.<\/p>\n<p style=\"text-align: justify\">Este F\u00f3rum se defronta, inevitavelmente, com um fato que veio comprovar de novo a incid\u00eancia das migra\u00e7\u00f5es no contexto da situa\u00e7\u00e3o mundial. Trata-se da \u201cDiretiva de Retorno\u201d, a r\u00edgida decis\u00e3o da Comunidade Europ\u00e9ia, de obstaculizar a entrada de migrantes, autorizando simplesmente a deporta\u00e7\u00e3o de todos os indocumentados.<\/p>\n<p style=\"text-align: justify\">Sem diminuir a repulsa que merece esta decis\u00e3o da Comunidade Europ\u00e9ia, somos desafiados a superar o clima de simples rejei\u00e7\u00e3o desta provid\u00eancia legal, para buscar uma compreens\u00e3o mais profunda do impasse que est\u00e1 em curso hoje no contexto de nossa civiliza\u00e7\u00e3o.<\/p>\n<p style=\"text-align: justify\">Na verdade, a \u201cDiretiva de Retorno\u201d n\u00e3o se limita a ser uma medida cautelar contra os migrantes, tomada circunstancialmente pelos pa\u00edses da Europa. Ela acaba revelando a crise interna, profunda, de esgotamento de uma civiliza\u00e7\u00e3o que est\u00e1 chegando a um impasse. Para superar este impasse \u00e9 necess\u00e1ria uma profunda mudan\u00e7a de paradigmas.<\/p>\n<p style=\"text-align: justify\">Para assumir a causa dos migrantes, precisamos assumir a causa da humanidade. Diante de uma lei como esta, nos damos conta que as v\u00edtimas n\u00e3o s\u00f3 os migrantes. Os que querem rejeitar os migrantes, achando que assim resolvem seu problema, tamb\u00e9m acabam sendo v\u00edtimas da vis\u00e3o estreita em que se enclausuraram, pensando ser poss\u00edvel criar ao redor de si mesmos ilhas de prosperidade, enquanto o resto do mundo pode continuar na pen\u00faria e na mis\u00e9ria. A\u00ed est\u00e1 o grande engano.<\/p>\n<p style=\"text-align: justify\">Este planeta em que vivemos, com a natureza que nos acolhe, nos aponta o caminho da equa\u00e7\u00e3o dos impasses da humanidade de maneira a encontrarmos solu\u00e7\u00f5es globais e inclusivas, e n\u00e3o falsas solu\u00e7\u00f5es parciais e excludentes.<\/p>\n<p style=\"text-align: justify\">O momento atual da civiliza\u00e7\u00e3o est\u00e1 carente de utopias, que inspirem solu\u00e7\u00f5es abertas e criativas, que fa\u00e7am avan\u00e7ar a consci\u00eancia \u00e9tica da humanidade, e despertem novas possibilidades de relacionamento com a natureza e de conv\u00edvio solid\u00e1rio entre os povos.<\/p>\n<p style=\"text-align: justify\">O atual impasse migrat\u00f3rio indica a urgente necessidade de recuperar a utopia da solidariedade entre os povos, da fraternidade universal, da justi\u00e7a nos relacionamentos econ\u00f4micos, dos direitos humanos para toda pessoa,\u00a0 da cidadania universal a que todos t\u00eam direito, independente de sua origem nacional.<\/p>\n<p style=\"text-align: justify\">A crise migrat\u00f3ria, mesmo que \u00e0 primeira vista n\u00e3o pare\u00e7a, tem estreita liga\u00e7\u00e3o com a crise ecol\u00f3gica. Esta se traduz hoje na preocupa\u00e7\u00e3o com o aquecimento global e as severas conseq\u00fc\u00eancias que dele podem advir. Ela mostra como os fen\u00f4menos repercutem no mundo todo. Uma a\u00e7\u00e3o que incide sobre a natureza, por mais isolada que pare\u00e7a,\u00a0 acaba tendo repercuss\u00e3o mundial.<\/p>\n<p style=\"text-align: justify\">O planeta em que vivemos nos ensina que dentro dele, tudo precisa tomar dimens\u00e3o planet\u00e1ria. Nada fica isolado, tudo precisa circular.<\/p>\n<p style=\"text-align: justify\">N\u00e3o se pode pensar um desenvolvimento que fique restrito a um s\u00f3 pa\u00eds, ou a um s\u00f3 continente. N\u00e3o existe progresso que possa ser reservado a minorias privilegiadas.<\/p>\n<p style=\"text-align: justify\">Riquezas mal distribu\u00eddas provocam desigualdades insustent\u00e1veis. Quando isto acontece, em vez de b\u00ean\u00e7\u00e3o, as riquezas se tornam maldi\u00e7\u00e3o, pois provocam simultaneamente a inseguran\u00e7a dos que t\u00eam e a desgra\u00e7a dos que n\u00e3o t\u00eam.<\/p>\n<p style=\"text-align: justify\">A crise migrat\u00f3ria revela a urgente necessidade de rever o modelo atual de desenvolvimento econ\u00f4mico, que levou o ocidente \u00e0 loucura do desperd\u00edcio, e que est\u00e1 levando o oriente \u00e0 mesma insanidade econ\u00f4mica.<\/p>\n<p style=\"text-align: justify\">E\u2019 urgente recuperar as utopias, que nos fazem sonhar um mundo solid\u00e1rio, justo, sustent\u00e1vel, fraterno, s\u00f3brio, respeitador da natureza e dos direitos fundamentais de toda pessoa. Ent\u00e3o o conv\u00edvio e a integra\u00e7\u00e3o entre os povos poderia se dar de maneira positiva e enriquecedora para toda a fam\u00edlia humana.<\/p>\n<h4 style=\"text-align: right\">Dom Luiz Dem\u00e9trio Valentini<\/h4>\n","protected":false},"excerpt":{"rendered":"<p>Nestes dias se realiza na Espanha, na cidade de Rivas, nas proximidades de Madri, o Terceiro F\u00f3rum Social Mundial das Migra\u00e7\u00f5es. A Pastoral dos Migrantes do Brasil foi convidada a participar.<\/p>\n","protected":false},"author":83,"featured_media":0,"comment_status":"open","ping_status":"open","sticky":false,"template":"","format":"standard","meta":{"site-sidebar-layout":"default","site-content-layout":"default","ast-global-header-display":"","ast-banner-title-visibility":"","ast-main-header-display":"","ast-hfb-above-header-display":"","ast-hfb-below-header-display":"","ast-hfb-mobile-header-display":"","site-post-title":"","ast-breadcrumbs-content":"","ast-featured-img":"","footer-sml-layout":"","theme-transparent-header-meta":"","adv-header-id-meta":"","stick-header-meta":"","header-above-stick-meta":"","header-main-stick-meta":"","header-below-stick-meta":""},"categories":[758],"tags":[],"acf":[],"_links":{"self":[{"href":"https:\/\/www.cnbb.org.br\/cnbb-app\/wp\/v2\/posts\/12196"}],"collection":[{"href":"https:\/\/www.cnbb.org.br\/cnbb-app\/wp\/v2\/posts"}],"about":[{"href":"https:\/\/www.cnbb.org.br\/cnbb-app\/wp\/v2\/types\/post"}],"author":[{"embeddable":true,"href":"https:\/\/www.cnbb.org.br\/cnbb-app\/wp\/v2\/users\/83"}],"replies":[{"embeddable":true,"href":"https:\/\/www.cnbb.org.br\/cnbb-app\/wp\/v2\/comments?post=12196"}],"version-history":[{"count":0,"href":"https:\/\/www.cnbb.org.br\/cnbb-app\/wp\/v2\/posts\/12196\/revisions"}],"wp:attachment":[{"href":"https:\/\/www.cnbb.org.br\/cnbb-app\/wp\/v2\/media?parent=12196"}],"wp:term":[{"taxonomy":"category","embeddable":true,"href":"https:\/\/www.cnbb.org.br\/cnbb-app\/wp\/v2\/categories?post=12196"},{"taxonomy":"post_tag","embeddable":true,"href":"https:\/\/www.cnbb.org.br\/cnbb-app\/wp\/v2\/tags?post=12196"}],"curies":[{"name":"wp","href":"https:\/\/api.w.org\/{rel}","templated":true}]}}