{"id":12198,"date":"2008-09-03T00:00:00","date_gmt":"2008-09-03T03:00:00","guid":{"rendered":"https:\/\/www.cnbb.org.br\/gritos-providenciais\/"},"modified":"2008-09-03T00:00:00","modified_gmt":"2008-09-03T03:00:00","slug":"gritos-providenciais","status":"publish","type":"post","link":"https:\/\/www.cnbb.org.br\/gritos-providenciais\/","title":{"rendered":"Gritos Providenciais"},"content":{"rendered":"<div style=\"text-align: justify\"><\/div>\n<p style=\"text-align: justify\">Muitos preferem tapar os ouvidos para n\u00e3o escutar nada. Mas neste ano, no Dia da P\u00e1tria vai acontecer de novo o Grito dos Exclu\u00eddos. Quando foi iniciado, em 1995, nem se imaginava que tivesse uma sobrevida t\u00e3o longa. Acontece que ainda continuam realidades gritantes, que o Grito expressa, para despertar nossa consci\u00eancia de cidad\u00e3os, sobretudo no dia em que celebramos a P\u00e1tria.<\/p>\n<p>  <!--more-->  <\/p>\n<p style=\"text-align: justify\">Um mission\u00e1rio de Manaus me contou um fato preocupante. De acordo com atentas observa\u00e7\u00f5es, vem acontecendo um fen\u00f4meno estranho com o Rio Amazonas. Em cada ano, na vazante, o leito do rio perde nove metros de largura, em ambos os lados. Os igarap\u00e9s v\u00e3o secando com uma rapidez assustadora.<\/p>\n<p style=\"text-align: justify\">Diante desta preocupa\u00e7\u00e3o, em meio \u00e0 imensid\u00e3o da Amaz\u00f4nia, surge espont\u00e2nea a vontade de gritar. Neste ano o Grito dos Exclu\u00eddos da Amaz\u00f4nia vai dar for\u00e7a ao clamor pela salva\u00e7\u00e3o dos igarap\u00e9s. Assim toma mais for\u00e7a o grito que h\u00e1 mais tempo vem ecoando no mundo inteiro em favor da Amaz\u00f4nia.<\/p>\n<p style=\"text-align: justify\">A Confer\u00eancia dos Religiosos do Brasil resolveu formar uma rede visando colaborar para a erradica\u00e7\u00e3o do tr\u00e1fico de seres humanos. Os n\u00fameros s\u00e3o assustadores. Calcula-se que existem na Europa oitenta mil mulheres brasileiras em regime de escravid\u00e3o, para explora\u00e7\u00e3o sexual. Tempos atr\u00e1s a imprensa se deu conta que a maioria das mulheres a servi\u00e7o dos turistas em Palma de Majorca s\u00e3o brasileiras. Pois este n\u00e3o \u00e9 um fato isolado. A extens\u00e3o do problema \u00e9 bem mais amplo.<\/p>\n<p style=\"text-align: justify\">Segundo a Organiza\u00e7\u00e3o Mundial do Trabalho (OIT), o lucro anual produzido pelo tr\u00e1fico de seres humanos, seja para explora\u00e7\u00e3o sexual, com\u00e9rcio de \u00f3rg\u00e3os ou para fins de trabalho escravo,\u00a0 ultrapassa os trinta bilh\u00f5es de d\u00f3lares. Depois da droga, \u00e9 o negocio mais rent\u00e1vel do mundo. Diante desta realidade, \u00e9 para ficar calado, ou deve-se gritar?. Os Religiosos resolveram gritar! E denominaram sua rede de \u201cGrito Pela Vida\u201d.<\/p>\n<p style=\"text-align: justify\">Outra situa\u00e7\u00e3o \u201cgritante\u201d \u00e9 a \u201cdiretiva de retorno\u201d, aprovada pela Comunidade Europ\u00e9ia. Numa estranha atitude de fechamento sobre si pr\u00f3pria, a Europa, que ao longo de s\u00e9culos enviou migrantes a quase todos os continentes, agora pretende devolver todos os estrangeiros que se encontram em seu territ\u00f3rio sem documenta\u00e7\u00e3o. Mesmo a custo de rompimento de la\u00e7os familiares, esta lei quer impor uma barreira definitiva \u00e0 entrada de migrantes no continente europeu.<\/p>\n<p style=\"text-align: justify\">Diante desta lei, os migrantes clamam por seus direitos de seres humanos, cidad\u00e3os deste mundo. Eles t\u00eam motivo de gritar. Sua situa\u00e7\u00e3o apela para a\u00a0 nossa solidariedade, ao mesmo tempo que urge um desenvolvimento mais justo que beneficie todos os pa\u00edses do mundo, para que voltem a ser habit\u00e1veis, tornando vi\u00e1vel uma sadia circula\u00e7\u00e3o de migrantes, que sempre foram portadores de novos impulsos vitais.<\/p>\n<p style=\"text-align: justify\">Em outubro teremos elei\u00e7\u00f5es municipais. Olhando as campanhas, parece que entramos em estado de letargia pol\u00edtica. Bem vindos os gritos que conseguem despertar os cidad\u00e3os para a responsabilidade de assumir as causas p\u00fablicas, valorizando nossas inst\u00e2ncias estatais.<\/p>\n<p style=\"text-align: justify\">Estas e outras situa\u00e7\u00f5es concretas podem se traduzir em gritos de alerta, que conv\u00e9m escutar. Mas existe um motivo maior e mais amplo. Ele vem da pr\u00f3pria natureza, e nos adverte da seriedade do desequil\u00edbrio ambiental. As conseq\u00fc\u00eancias do aquecimento global s\u00e3o um grito de alerta que a pr\u00f3pria natureza est\u00e1 nos dirigindo.<\/p>\n<p style=\"text-align: justify\">O grito \u00e9 a rea\u00e7\u00e3o salutar de um organismo que ainda tem dentro de si a vitalidade para enfrentar amea\u00e7as. No Dia da P\u00e1tria, os gritos somados v\u00e3o mostrar quanto estamos dispostos a assumir um projeto de na\u00e7\u00e3o onde todos se sentem cidad\u00e3os conscientes e respons\u00e1veis.<\/p>\n<h4 style=\"text-align: right\">Dom Luiz Dem\u00e9trio Valentini<\/h4>\n","protected":false},"excerpt":{"rendered":"<p>Muitos preferem tapar os ouvidos para n\u00e3o escutar nada. Mas neste ano, no Dia da P\u00e1tria vai acontecer de novo o Grito dos Exclu\u00eddos. Quando foi iniciado, em 1995, nem se imaginava que tivesse uma sobrevida t\u00e3o longa. Acontece que ainda continuam realidades gritantes, que o Grito expressa, para despertar nossa consci\u00eancia de cidad\u00e3os, sobretudo &hellip;<\/p>\n<p class=\"read-more\"> <a class=\"\" href=\"https:\/\/www.cnbb.org.br\/gritos-providenciais\/\"> <span class=\"screen-reader-text\">Gritos Providenciais<\/span> Leia mais &raquo;<\/a><\/p>\n","protected":false},"author":83,"featured_media":0,"comment_status":"open","ping_status":"open","sticky":false,"template":"","format":"standard","meta":{"site-sidebar-layout":"default","site-content-layout":"default","ast-global-header-display":"","ast-banner-title-visibility":"","ast-main-header-display":"","ast-hfb-above-header-display":"","ast-hfb-below-header-display":"","ast-hfb-mobile-header-display":"","site-post-title":"","ast-breadcrumbs-content":"","ast-featured-img":"","footer-sml-layout":"","theme-transparent-header-meta":"","adv-header-id-meta":"","stick-header-meta":"","header-above-stick-meta":"","header-main-stick-meta":"","header-below-stick-meta":""},"categories":[758],"tags":[],"acf":[],"_links":{"self":[{"href":"https:\/\/www.cnbb.org.br\/cnbb-app\/wp\/v2\/posts\/12198"}],"collection":[{"href":"https:\/\/www.cnbb.org.br\/cnbb-app\/wp\/v2\/posts"}],"about":[{"href":"https:\/\/www.cnbb.org.br\/cnbb-app\/wp\/v2\/types\/post"}],"author":[{"embeddable":true,"href":"https:\/\/www.cnbb.org.br\/cnbb-app\/wp\/v2\/users\/83"}],"replies":[{"embeddable":true,"href":"https:\/\/www.cnbb.org.br\/cnbb-app\/wp\/v2\/comments?post=12198"}],"version-history":[{"count":0,"href":"https:\/\/www.cnbb.org.br\/cnbb-app\/wp\/v2\/posts\/12198\/revisions"}],"wp:attachment":[{"href":"https:\/\/www.cnbb.org.br\/cnbb-app\/wp\/v2\/media?parent=12198"}],"wp:term":[{"taxonomy":"category","embeddable":true,"href":"https:\/\/www.cnbb.org.br\/cnbb-app\/wp\/v2\/categories?post=12198"},{"taxonomy":"post_tag","embeddable":true,"href":"https:\/\/www.cnbb.org.br\/cnbb-app\/wp\/v2\/tags?post=12198"}],"curies":[{"name":"wp","href":"https:\/\/api.w.org\/{rel}","templated":true}]}}