{"id":12241,"date":"2010-08-05T00:00:00","date_gmt":"2010-08-05T03:00:00","guid":{"rendered":"https:\/\/www.cnbb.org.br\/para-que-voce-foi-chamado\/"},"modified":"2010-08-05T00:00:00","modified_gmt":"2010-08-05T03:00:00","slug":"para-que-voce-foi-chamado","status":"publish","type":"post","link":"https:\/\/www.cnbb.org.br\/para-que-voce-foi-chamado\/","title":{"rendered":"Para que voc\u00ea foi chamado?"},"content":{"rendered":"<p style=\"text-align: justify\">Como criaturas humanas, nosso primeiro chamado foi \u00e0 vida. Feitos \u00e0 imagem e semelhan\u00e7a do Criador, somos a obra mais bela da natureza e fomos colocados no mundo para uma miss\u00e3o:\u201c Crescei-vos e multiplicai-vos e aperfei\u00e7oai a terra\u201d (Gn 1,28). Olhando ao nosso redor, vemos que estamos longe da perfei\u00e7\u00e3o e nos distanciando da multiplica\u00e7\u00e3o.<\/p>\n<p>  <!--more-->  <\/p>\n<p style=\"text-align: justify\">A cada dia que passa o desafio de um mundo melhor, de fam\u00edlias melhores, de sociedade melhor, se torna cada vez mais urgente. Nesta perspectiva, gostaria de recordar, trazer ao cora\u00e7\u00e3o, o chamado que Deus colocou em cada cora\u00e7\u00e3o humano. N\u00e3o somos obra do acaso e nem existimos para o acaso. Deus criador quis contar conosco para levar \u00e0 perfei\u00e7\u00e3o a sua obra.<\/p>\n<p style=\"text-align: justify\">Assim vale lembrar que em primeiro lugar Deus nos chamou \u00e0 vida. A gl\u00f3ria de Deus \u00e9 o homem vivo, a pessoa vivente. Defender e cuidar da vida nossa e do pr\u00f3ximo, como ecologia humana, para promover uma verdadeira ecologia da natureza: esta \u00e9 a voca\u00e7\u00e3o, o chamado que o Pai criador colocou em nossos cora\u00e7\u00f5es desde o nascimento.<\/p>\n<p style=\"text-align: justify\">Por isso, sempre gostei de dizer: minha voca\u00e7\u00e3o, e n\u00e3o minha profiss\u00e3o. Ser profissional, competente, capacitado para exercer a voca\u00e7\u00e3o com todas as suas exig\u00eancias, isto faz parte integrante da realiza\u00e7\u00e3o pessoal e do direito dos interlocutores. Como faz bem ouvir: \u201cEsse ou essa pessoa foi chamada para isso, faz t\u00e3o bem e com tanto amor que escolheu certo a sua voca\u00e7\u00e3o\u201d. Ent\u00e3o o diferencial no exerc\u00edcio da voca\u00e7\u00e3o est\u00e1 no amor com que se cumpre a miss\u00e3o.<\/p>\n<p style=\"text-align: justify\">A autoridade e o poder n\u00e3o entram como elementos fundamentais neste caminho de realiza\u00e7\u00e3o pessoal. Somos servos e a nossa felicidade est\u00e1 em fazer os outros felizes. Assim a voca\u00e7\u00e3o \u00e9 presente de Deus, que chama para colaborar na obra da cria\u00e7\u00e3o e no aperfei\u00e7oamento do ser humano. \u201cUma pessoa que tem caridade n\u00e3o \u00e9 orgulhosa, n\u00e3o gosta de dominar os outros; n\u00e3o gosta de falar do que faz. Uma pessoa que tem a caridade n\u00e3o analisa a inten\u00e7\u00e3o dos atos dos outros.<\/p>\n<p style=\"text-align: justify\">N\u00e3o se ofende se o pr\u00f3ximo prefere os outros; se desprezada, fica feliz da mesma forma. Vede que para amar o bom Deus e o pr\u00f3ximo n\u00e3o \u00e9 preciso ser eruditos, nem ricos; basta procurar agradar a Deus em tudo o que fazemos; fazer o bem, fazer o bem a todos, tanto aos maus, como aos bons, tanto aos que dilaceram nossa reputa\u00e7\u00e3o, como aos que nos amam\u201d (S\u00e3o Jo\u00e3o Maria Vianey).<\/p>\n<p style=\"text-align: justify\">Nesta primeira semana de agosto, recordando a voca\u00e7\u00e3o presbiteral e a voca\u00e7\u00e3o dos pais de fam\u00edlia, quero saud\u00e1-los e parabeniz\u00e1-los, presb\u00edteros e pais que aceitaram o chamado a dar a vida, servindo sem ser servido. Uma entrega oblativa para o bem de cada ser humano, de cada criatura colocada neste mundo, para serem perfeitos e aperfei\u00e7oar a terra em que vivemos.<\/p>\n<p style=\"text-align: justify\">Homens com voca\u00e7\u00e3o sublime para formar comunidades vivas, comunidades dom\u00e9sticas com a presen\u00e7a de Jesus: \u201conde dois ou mais estiverem unidos em meu nome, Eu estarei no meio deles\u201d (Mt 18,20). Fomos chamados para criar unidade ao redor da presen\u00e7a do Mestre e Senhor, defendendo a vida em todos os sentidos, porque \u201cEle veio para dar a vida e a vida em abund\u00e2ncia\u201d (Jo 15,5).<\/p>\n<p style=\"text-align: justify\">Que os pais de fam\u00edlia e os pais (Padres) das comunidades sejam sempre e cada vez mais testemunhas vivas de quem se apaixonou em primeiro lugar por Jesus, para que todas as outras paix\u00f5es sejam iluminadas pela \u00fanica e luminosa paix\u00e3o. Assim teremos a certeza de manter a fidelidade no matrimonio e no sacerd\u00f3cio por manter, custe o que custar, a fidelidade ao Senhor e Salvador Jesus. Esse \u00e9 o nosso chamado, essa \u00e9 a nossa voca\u00e7\u00e3o comum. E voc\u00ea, para que foi chamado?<\/p>\n<h4 style=\"text-align: right\">Dom Anuar Battisti<\/h4>\n","protected":false},"excerpt":{"rendered":"<p>Como criaturas humanas, nosso primeiro chamado foi \u00e0 vida. Feitos \u00e0 imagem e semelhan\u00e7a do Criador, somos a obra mais bela da natureza e fomos colocados no mundo para uma miss\u00e3o:\u201c Crescei-vos e multiplicai-vos e aperfei\u00e7oai a terra\u201d (Gn 1,28). Olhando ao nosso redor, vemos que estamos longe da perfei\u00e7\u00e3o e nos distanciando da multiplica\u00e7\u00e3o.<\/p>\n","protected":false},"author":83,"featured_media":0,"comment_status":"open","ping_status":"open","sticky":false,"template":"","format":"standard","meta":{"site-sidebar-layout":"default","site-content-layout":"default","ast-global-header-display":"","ast-banner-title-visibility":"","ast-main-header-display":"","ast-hfb-above-header-display":"","ast-hfb-below-header-display":"","ast-hfb-mobile-header-display":"","site-post-title":"","ast-breadcrumbs-content":"","ast-featured-img":"","footer-sml-layout":"","theme-transparent-header-meta":"","adv-header-id-meta":"","stick-header-meta":"","header-above-stick-meta":"","header-main-stick-meta":"","header-below-stick-meta":""},"categories":[758],"tags":[],"acf":[],"_links":{"self":[{"href":"https:\/\/www.cnbb.org.br\/cnbb-app\/wp\/v2\/posts\/12241"}],"collection":[{"href":"https:\/\/www.cnbb.org.br\/cnbb-app\/wp\/v2\/posts"}],"about":[{"href":"https:\/\/www.cnbb.org.br\/cnbb-app\/wp\/v2\/types\/post"}],"author":[{"embeddable":true,"href":"https:\/\/www.cnbb.org.br\/cnbb-app\/wp\/v2\/users\/83"}],"replies":[{"embeddable":true,"href":"https:\/\/www.cnbb.org.br\/cnbb-app\/wp\/v2\/comments?post=12241"}],"version-history":[{"count":0,"href":"https:\/\/www.cnbb.org.br\/cnbb-app\/wp\/v2\/posts\/12241\/revisions"}],"wp:attachment":[{"href":"https:\/\/www.cnbb.org.br\/cnbb-app\/wp\/v2\/media?parent=12241"}],"wp:term":[{"taxonomy":"category","embeddable":true,"href":"https:\/\/www.cnbb.org.br\/cnbb-app\/wp\/v2\/categories?post=12241"},{"taxonomy":"post_tag","embeddable":true,"href":"https:\/\/www.cnbb.org.br\/cnbb-app\/wp\/v2\/tags?post=12241"}],"curies":[{"name":"wp","href":"https:\/\/api.w.org\/{rel}","templated":true}]}}