{"id":12256,"date":"2010-08-12T00:00:00","date_gmt":"2010-08-12T03:00:00","guid":{"rendered":"https:\/\/www.cnbb.org.br\/vidas-consagradas\/"},"modified":"2010-08-12T00:00:00","modified_gmt":"2010-08-12T03:00:00","slug":"vidas-consagradas","status":"publish","type":"post","link":"https:\/\/www.cnbb.org.br\/vidas-consagradas\/","title":{"rendered":"Vidas Consagradas"},"content":{"rendered":"<p style=\"text-align: justify\">No dia 15 de agosto, a Igreja Cat\u00f3lica celebra a festa da Assun\u00e7\u00e3o de Nossa Senhora. \u00c9 a festa atrav\u00e9s da qual a Igreja professa que Maria, a m\u00e3e de Jesus, foi elevada \u201cem corpo e alma \u00e0 gl\u00f3ria celeste\u201d. Esta distin\u00e7\u00e3o se deve ao fato de Maria haver gasto sua vida terrena em favor de Jesus, merecendo, por isso, tamb\u00e9m participar da gl\u00f3ria da sua Ressurrei\u00e7\u00e3o.<\/p>\n<p>  <!--more-->  <\/p>\n<p style=\"text-align: justify\">Nos passos de Maria, desde o princ\u00edpio da Igreja, h\u00e1 homens e mulheres que \u201cgastam\u201d sua vida no seguimento a Jesus. Fazem isso com o prop\u00f3sito de colaborar intensamente na miss\u00e3o evangelizadora do filho de Maria. S\u00e3o aquelas pessoas que consagram sua vida a Deus atrav\u00e9s dos votos da pobreza, castidade e obedi\u00eancia. Aquelas pessoas que, a exemplo de Maria, se esquecem de si para servir a Jesus Cristo, e que s\u00e3o conhecidas entre n\u00f3s, como \u201cirm\u00e3os\u201d e \u201cirm\u00e3s\u201d. Oficialmente s\u00e3o aquelas pessoas que seguem a \u201cvoca\u00e7\u00e3o religiosa\u201d.<\/p>\n<p style=\"text-align: justify\">A regi\u00e3o da Diocese de Santa Cruz do Sul deve muito ao trabalho dos religiosos e das religiosas. Durante muito tempo foram eles e elas que administraram os principais hospitais e dirigiram as principais escolas. O Hospital Santa Cruz e o Col\u00e9gio Sagrado Cora\u00e7\u00e3o de Jesus eram das irm\u00e3s at\u00e9 o final da d\u00e9cada de 1990. O Col\u00e9gio S\u00e3o Lu\u00eds e a Casa da Crian\u00e7a continuam sendo administrados por irm\u00e3os e irm\u00e3s. Poucas s\u00e3o as pessoas da regi\u00e3o que nunca receberam um apoio de uma irm\u00e3 ou de um irm\u00e3o, que nunca tiveram um familiar hospitalizado num \u201chospital de irm\u00e3s\u201d ou um familiar que tenha estudado num col\u00e9gio de irm\u00e3os ou irm\u00e3s.<\/p>\n<p style=\"text-align: justify\">Nos \u00faltimos tempos, na medida em que a educa\u00e7\u00e3o e a sa\u00fade est\u00e3o sendo assumidas por outros grupos, a atua\u00e7\u00e3o da vida religiosa vem sendo redimensionada. Sempre mais encontramos os religiosos e as religiosas atuando nas periferias das cidades, onde animam comunidades e promovem a\u00e7\u00f5es de solidariedade. Encontramos os irm\u00e3os e as irm\u00e3s ensinando as m\u00e3es a cuidarem dos seus filhos, proporcionando-lhes alimenta\u00e7\u00e3o saud\u00e1vel. Encontramos as irm\u00e3s e os irm\u00e3os nos mosteiros, onde dedicam generoso tempo \u00e0 ora\u00e7\u00e3o e acolhem pessoas para o di\u00e1logo, aconselhamento e medita\u00e7\u00e3o. Encontramos irm\u00e3os e irm\u00e3s envolvidos em projetos alternativos que ajudam no sustento da popula\u00e7\u00e3o mais pobre.<\/p>\n<p style=\"text-align: justify\">Mais do que a\u00e7\u00f5es, a vida religiosa se caracteriza pelo \u201ctestemunho da absoluta primazia de Deus e de seu Reino\u201d. Ela \u201cse converte em testemunha do Deus da vida em uma realidade que relativiza seu valor (obedi\u00eancia), \u00e9 testemunha de liberdade frente ao mercado e \u00e0s riquezas que valorizam as pessoas pelo ter (pobreza), e \u00e9 testemunha de uma entrega no amor radical e livre a Deus e \u00e0 humanidade frente \u00e0 erotiza\u00e7\u00e3o e banaliza\u00e7\u00e3o das rela\u00e7\u00f5es (castidade)\u201d, (Confer\u00eancia de Aparecida, n\u00b0 219).<\/p>\n<p style=\"text-align: justify\">Que a Virgem assunta ao c\u00e9u continue a motivar crian\u00e7as e jovens a consagrarem suas vidas a Deus atrav\u00e9s da Vida Religiosa.<\/p>\n<h4 style=\"text-align: right\">Dom Can\u00edsio Klaus<\/h4>\n","protected":false},"excerpt":{"rendered":"<p>No dia 15 de agosto, a Igreja Cat\u00f3lica celebra a festa da Assun\u00e7\u00e3o de Nossa Senhora. \u00c9 a festa atrav\u00e9s da qual a Igreja professa que Maria, a m\u00e3e de Jesus, foi elevada \u201cem corpo e alma \u00e0 gl\u00f3ria celeste\u201d. Esta distin\u00e7\u00e3o se deve ao fato de Maria haver gasto sua vida terrena em favor &hellip;<\/p>\n<p class=\"read-more\"> <a class=\"\" href=\"https:\/\/www.cnbb.org.br\/vidas-consagradas\/\"> <span class=\"screen-reader-text\">Vidas Consagradas<\/span> Leia mais &raquo;<\/a><\/p>\n","protected":false},"author":83,"featured_media":0,"comment_status":"open","ping_status":"open","sticky":false,"template":"","format":"standard","meta":{"site-sidebar-layout":"default","site-content-layout":"default","ast-global-header-display":"","ast-banner-title-visibility":"","ast-main-header-display":"","ast-hfb-above-header-display":"","ast-hfb-below-header-display":"","ast-hfb-mobile-header-display":"","site-post-title":"","ast-breadcrumbs-content":"","ast-featured-img":"","footer-sml-layout":"","theme-transparent-header-meta":"","adv-header-id-meta":"","stick-header-meta":"","header-above-stick-meta":"","header-main-stick-meta":"","header-below-stick-meta":""},"categories":[758],"tags":[],"acf":[],"_links":{"self":[{"href":"https:\/\/www.cnbb.org.br\/cnbb-app\/wp\/v2\/posts\/12256"}],"collection":[{"href":"https:\/\/www.cnbb.org.br\/cnbb-app\/wp\/v2\/posts"}],"about":[{"href":"https:\/\/www.cnbb.org.br\/cnbb-app\/wp\/v2\/types\/post"}],"author":[{"embeddable":true,"href":"https:\/\/www.cnbb.org.br\/cnbb-app\/wp\/v2\/users\/83"}],"replies":[{"embeddable":true,"href":"https:\/\/www.cnbb.org.br\/cnbb-app\/wp\/v2\/comments?post=12256"}],"version-history":[{"count":0,"href":"https:\/\/www.cnbb.org.br\/cnbb-app\/wp\/v2\/posts\/12256\/revisions"}],"wp:attachment":[{"href":"https:\/\/www.cnbb.org.br\/cnbb-app\/wp\/v2\/media?parent=12256"}],"wp:term":[{"taxonomy":"category","embeddable":true,"href":"https:\/\/www.cnbb.org.br\/cnbb-app\/wp\/v2\/categories?post=12256"},{"taxonomy":"post_tag","embeddable":true,"href":"https:\/\/www.cnbb.org.br\/cnbb-app\/wp\/v2\/tags?post=12256"}],"curies":[{"name":"wp","href":"https:\/\/api.w.org\/{rel}","templated":true}]}}