{"id":12257,"date":"2010-08-13T00:00:00","date_gmt":"2010-08-13T03:00:00","guid":{"rendered":"https:\/\/www.cnbb.org.br\/avancos-e-competencias\/"},"modified":"2010-08-13T00:00:00","modified_gmt":"2010-08-13T03:00:00","slug":"avancos-e-competencias","status":"publish","type":"post","link":"https:\/\/www.cnbb.org.br\/avancos-e-competencias\/","title":{"rendered":"Avan\u00e7os e compet\u00eancias"},"content":{"rendered":"<p style=\"text-align: justify\">Os avan\u00e7os na sociedade contempor\u00e2nea s\u00e3o medidos, quase exclusivamente, considerando os aspectos envolvendo a tecnologia e a economia. H\u00e1, no entanto, uma demanda muito pertinente que remete \u00e0 quest\u00e3o do sentido da vida. Torna-se\u00a0 indispens\u00e1vel conhecer o significado da pr\u00f3pria vida, das suas atividades e da pr\u00f3pria morte. H\u00e1, por exemplo, uma progressiva insatisfa\u00e7\u00e3o que toca desde a condi\u00e7\u00e3o existencial do indiv\u00edduo, tornando-se veneno que corr\u00f3i o altru\u00edsmo e a alegria do viver, at\u00e9 o alto padr\u00e3o de vida sonhado nas sociedades contempor\u00e2neas. Essa insatisfa\u00e7\u00e3o contracena com o crescimento da consci\u00eancia acerca dos direitos inviol\u00e1veis e universais da pessoa, tornando mais viva a aspira\u00e7\u00e3o pelo estabelecimento de rela\u00e7\u00f5es mais justas e mais humanas. Aspira\u00e7\u00e3o que se concretizar\u00e1 no exerc\u00edcio das responsabilidades cidad\u00e3s, profissionais e governamentais.<\/p>\n<p>  <!--more-->  <\/p>\n<p style=\"text-align: justify\">Esse exerc\u00edcio, no entanto, n\u00e3o se efetiva apenas por interm\u00e9dio de mecanismos t\u00e9cnicos, por mais sofisticados que sejam. O contexto atual est\u00e1 ref\u00e9m de um d\u00e9ficit human\u00edstico, fator que causa uma incompet\u00eancia generalizada para a adequada condu\u00e7\u00e3o de processos, a efetiva\u00e7\u00e3o de projetos e a fecundidade de a\u00e7\u00f5es. Essa convic\u00e7\u00e3o n\u00e3o encontra lugar na forma\u00e7\u00e3o acad\u00eamica e nem nos investimentos permanentes que toda pessoa, seja qual for a sua condi\u00e7\u00e3o e em qualquer \u00e2mbito de a\u00e7\u00e3o profissional, precisa fazer para respaldar suas a\u00e7\u00f5es e garantir a indispens\u00e1vel sabedoria de ver frutos naquilo que se faz.<\/p>\n<p style=\"text-align: justify\">Por isso mesmo, a import\u00e2ncia da forma\u00e7\u00e3o integral que traz em sua ess\u00eancia os aspectos human\u00edsticos, cujas ra\u00edzes t\u00eam nascedouro tamb\u00e9m na op\u00e7\u00e3o religiosa e no que \u00e9 pr\u00f3prio de uma pr\u00e1tica confessional &#8211; o am\u00e1lgama que rejunta e tempera o que se aprende em qualquer campo do saber e da ci\u00eancia. \u00c9 inquestion\u00e1vel a situa\u00e7\u00e3o deficit\u00e1ria desse substrato human\u00edstico advindo de refer\u00eancias, com for\u00e7a de princ\u00edpio e de fonte como o cristianismo. Al\u00e9m, \u00e9 claro, dos valores para consertar situa\u00e7\u00f5es e garantir ao indiv\u00edduo uma indispens\u00e1vel capacidade para ocupar cargos, exercer lideran\u00e7as e\u00a0 conduzir processos.<\/p>\n<p style=\"text-align: justify\">\u00c9 uma l\u00e1stima e um preju\u00edzo enorme para a sociedade e toda institui\u00e7\u00e3o, civil ou religiosa, a dist\u00e2ncia de um substrato human\u00edstico indispens\u00e1vel e sua substitui\u00e7\u00e3o pela pretens\u00e3o ing\u00eanua e n\u00e9scia de ocupar lugares, garantir benesses e dignificar-se pela ocupa\u00e7\u00e3o de uma cadeira na institui\u00e7\u00e3o religiosa, governamental, civil. H\u00e1 um d\u00e9ficit human\u00edstico que assola o mundo contempor\u00e2neo e est\u00e1 precipitando as pessoas \u00e0 invers\u00e3o de um entendimento importante e necess\u00e1rio para a sa\u00fade da sociedade. Pensa-se mais na ocupa\u00e7\u00e3o de cadeiras e de cargos para se tornar importante.<\/p>\n<p style=\"text-align: justify\">O substrato human\u00edstico, alargado e fecundado, gera pessoas de refer\u00eancia que, assentadas na cadeira e ocupando cargos, os dignificam e fazem destes uma alavanca importante nos avan\u00e7os desse tempo. Confunde-se lideran\u00e7a com dom\u00ednio autorit\u00e1rio de s\u00faditos, ou com artimanhas de conchavos que escondem a verdade e n\u00e3o prezam a transpar\u00eancia e o respeito aos direitos e \u00e0 justi\u00e7a; com barganhas que acobertam as mediocridades. S\u00f3 o substrato human\u00edstico alavanca exerc\u00edcios profissionais e a condu\u00e7\u00e3o de processos, nas responsabilidades governamentais e institucionais, com fecundidade.<\/p>\n<p style=\"text-align: justify\">N\u00e3o se trata de uma maquiagem externa para impressionar com a mudan\u00e7a de visual ou com o retoque \u00e0 moda do que se pode fazer com o photoshop. Trata-se de um tratamento da interioridade, aquela que sustenta a capacidade do di\u00e1logo, evita os destemperos, equilibra com sabedoria a insubstitu\u00edvel capacidade de interpreta\u00e7\u00e3o adequada da realidade e dos fatos. \u00c9 muito dif\u00edcil porque a interioridade \u00e9 uma realidade n\u00e3o palp\u00e1vel. Sua revela\u00e7\u00e3o se d\u00e1 na leveza das condutas e na inteireza dos atos entrela\u00e7ados com a clareza nobre das ideias e argumenta\u00e7\u00f5es expostas na intelig\u00eancia do que se diz, se compreende e se vive na pr\u00e1tica.<\/p>\n<p style=\"text-align: justify\">O momento atual est\u00e1 clamando por pessoas de uma consider\u00e1vel envergadura human\u00edstica, entendida como a mais importante compet\u00eancia, emoldurando o que se aprendeu a fazer profissionalmente. A sociedade precisa ser governada por homens e mulheres com essa t\u00eampera. As institui\u00e7\u00f5es precisam alargar seus horizontes e construir suas identidades e miss\u00f5es fundamentadas na compet\u00eancia human\u00edstica e, assim, escrever outra hist\u00f3ria.<\/p>\n<h4 style=\"text-align: right\">Dom Walmor Oliveira de Azevedo<\/h4>\n","protected":false},"excerpt":{"rendered":"<p>Os avan\u00e7os na sociedade contempor\u00e2nea s\u00e3o medidos, quase exclusivamente, considerando os aspectos envolvendo a tecnologia e a economia. H\u00e1, no entanto, uma demanda muito pertinente que remete \u00e0 quest\u00e3o do sentido da vida. Torna-se\u00a0 indispens\u00e1vel conhecer o significado da pr\u00f3pria vida, das suas atividades e da pr\u00f3pria morte. H\u00e1, por exemplo, uma progressiva insatisfa\u00e7\u00e3o que &hellip;<\/p>\n<p class=\"read-more\"> <a class=\"\" href=\"https:\/\/www.cnbb.org.br\/avancos-e-competencias\/\"> <span class=\"screen-reader-text\">Avan\u00e7os e compet\u00eancias<\/span> Leia mais &raquo;<\/a><\/p>\n","protected":false},"author":83,"featured_media":0,"comment_status":"open","ping_status":"open","sticky":false,"template":"","format":"standard","meta":{"site-sidebar-layout":"default","site-content-layout":"default","ast-global-header-display":"","ast-banner-title-visibility":"","ast-main-header-display":"","ast-hfb-above-header-display":"","ast-hfb-below-header-display":"","ast-hfb-mobile-header-display":"","site-post-title":"","ast-breadcrumbs-content":"","ast-featured-img":"","footer-sml-layout":"","theme-transparent-header-meta":"","adv-header-id-meta":"","stick-header-meta":"","header-above-stick-meta":"","header-main-stick-meta":"","header-below-stick-meta":""},"categories":[758],"tags":[],"acf":[],"_links":{"self":[{"href":"https:\/\/www.cnbb.org.br\/cnbb-app\/wp\/v2\/posts\/12257"}],"collection":[{"href":"https:\/\/www.cnbb.org.br\/cnbb-app\/wp\/v2\/posts"}],"about":[{"href":"https:\/\/www.cnbb.org.br\/cnbb-app\/wp\/v2\/types\/post"}],"author":[{"embeddable":true,"href":"https:\/\/www.cnbb.org.br\/cnbb-app\/wp\/v2\/users\/83"}],"replies":[{"embeddable":true,"href":"https:\/\/www.cnbb.org.br\/cnbb-app\/wp\/v2\/comments?post=12257"}],"version-history":[{"count":0,"href":"https:\/\/www.cnbb.org.br\/cnbb-app\/wp\/v2\/posts\/12257\/revisions"}],"wp:attachment":[{"href":"https:\/\/www.cnbb.org.br\/cnbb-app\/wp\/v2\/media?parent=12257"}],"wp:term":[{"taxonomy":"category","embeddable":true,"href":"https:\/\/www.cnbb.org.br\/cnbb-app\/wp\/v2\/categories?post=12257"},{"taxonomy":"post_tag","embeddable":true,"href":"https:\/\/www.cnbb.org.br\/cnbb-app\/wp\/v2\/tags?post=12257"}],"curies":[{"name":"wp","href":"https:\/\/api.w.org\/{rel}","templated":true}]}}