{"id":12277,"date":"2010-08-23T00:00:00","date_gmt":"2010-08-23T03:00:00","guid":{"rendered":"https:\/\/www.cnbb.org.br\/a-esperanca-nao-morre\/"},"modified":"2010-08-23T00:00:00","modified_gmt":"2010-08-23T03:00:00","slug":"a-esperanca-nao-morre","status":"publish","type":"post","link":"https:\/\/www.cnbb.org.br\/a-esperanca-nao-morre\/","title":{"rendered":"A Esperan\u00e7a n\u00e3o morre"},"content":{"rendered":"<p style=\"text-align: justify\">Agosto \u00e9 m\u00eas vocacional. O tema deste ano \u00e9: \u201cH\u00e1 esperan\u00e7a no Caminho\u201d. O lema: \u201cArdia nosso cora\u00e7\u00e3o quando Ele nos falava no Caminho\u201d. (cf. Lc 24,13-35). Desde o final do pontificado de Jo\u00e3o Paulo II o texto de Lucas, que narra a experi\u00eancia dos disc\u00edpulos de Emaus, tem voltado sempre de novo em documentos da Igreja. O documento de Aparecida termina com a prece inspirada de Bento XVI: \u201cFica conosco, Senhor\u201d(DAp\u00a0 554). A esperan\u00e7a \u00e9 a virtude do caminho, tanto mais forte quanto mais o caminho se torna dif\u00edcil.<\/p>\n<p><!--more--><\/p>\n<p style=\"text-align: justify\">Na ora\u00e7\u00e3o do Santo Padre, h\u00e1 um trecho que nos chama a aten\u00e7\u00e3o de forma especial. Ei-lo: \u201cFica conosco, Senhor, porque ao redor de n\u00f3s as sombras v\u00e3o se tornando mais densas, e tu \u00e9s a Luz; em nossos cora\u00e7\u00f5es se insinua a desesperan\u00e7a, e tu os fazes arder com a certeza da P\u00e1scoa. Estamos cansados do caminho, mas tu nos confortas na Fra\u00e7\u00e3o do P\u00e3o para anunciar a nossos irm\u00e3os que na verdade tu ressuscitaste e que deste a miss\u00e3o de ser testemunhas de tua ressurrei\u00e7\u00e3o\u201d.<\/p>\n<p style=\"text-align: justify\">Neste m\u00eas vocacional somos todos convidados a renovar nossa f\u00e9 na presen\u00e7a do Senhor no caminho. Cada um de n\u00f3s, chamado por Cristo, faz um dia a experi\u00eancia dolorosa dos disc\u00edpulos de Emaus.\u00a0 Alguma vez &#8211; ou muitas, n\u00e3o sei &#8211; murmuramos a sensa\u00e7\u00e3o de que tudo n\u00e3o passou de um sonho: \u201cn\u00f3s esper\u00e1vamos&#8230;\u201d, esper\u00e1vamos tanto, planejamos com todo o cuidado e quer\u00edamos o sucesso, sonhamos com dias luminosos e frutos abundantes de nosso trabalho, e, no entanto&#8230; Uma coisa foi importante na hist\u00f3ria daqueles dois disc\u00edpulos: conversavam enquanto caminhavam. Falavam de suas esperan\u00e7as desfeitas, Afinal eles tinham crido em Jesus e nele apostaram tudo. Trocavam, com olhos tristes e com os rostos cobertos de sombra, a amargura de seu desencanto e se deixaram interpelar por um desconhecido: \u201cQue palavras s\u00e3o essas que trocais enquanto ides caminhando?\u201d. \u201cE eles pararam, com o rosto sombrio\u201d.<\/p>\n<p style=\"text-align: justify\">A presen\u00e7a de um terceiro lhes interrompe aquela conversa\u00e7\u00e3o triste e os arranca do c\u00edrculo vicioso do vazio sem fundo.\u00a0 Pararam, e se podia ver a sombra que cobria seus rostos. Mas olharam para o forasteiro que se aproximava. Por um instante sa\u00edram de si e ousaram partilhar com ele sua dor. Estabeleceu-se o di\u00e1logo salvador.\u00a0 N\u00e3o tiveram medo de abrir o pr\u00f3prio cora\u00e7\u00e3o para o desconhecido que, s\u00f3 ele, n\u00e3o sabia da trag\u00e9dia que se abatera sobre Jerusal\u00e9m. O desconhecido foi lhes passando o fogo que trazia em seu pr\u00f3prio cora\u00e7\u00e3o com palavras quentes de infinito amor e eles, de dentro de sua noite, como quem pressentia um lindo amanhecer, n\u00e3o se contiveram: \u201cfica conosco, Senhor\u201d.\u00a0 E o forasteiro ficou.<\/p>\n<p style=\"text-align: justify\">Foi no gesto de aben\u00e7oar e partir o p\u00e3o que o reconheceram: \u201c\u00e9 Jesus!\u201d. Quando partiu o p\u00e3o e estendeu suas m\u00e3os, entregando a um e outro o p\u00e3o partido, Jesus ficou invis\u00edvel diante deles, restando-lhes nas m\u00e3os o peda\u00e7o de p\u00e3o. \u00c9 que naquele peda\u00e7o de p\u00e3o Jesus se doou inteiramente ao ponto de desaparecer de diante de seus olhos para estar no p\u00e3o partido. E o cora\u00e7\u00e3o deles, que ardia quando ele lhes explicava as Escrituras, acabou de se incendiar pela sua presen\u00e7a agora definitivamente plantada em suas almas. Voltaram a Jerusal\u00e9m, reuniram-se aos outros. Seus rostos estavam iluminados. A noite tinha passado. A esperan\u00e7a virou certeza. A alegria de estar com os outros e trocar agora palavras de esperan\u00e7a e proclamar a verdade voltou.<\/p>\n<p style=\"text-align: justify\">Irm\u00e3o(\u00e3), voc\u00ea foi chamado(a) para seguir Jesus. No caminho aceite sua companhia, escute sua palavra, e coma do p\u00e3o que Ele parte. Partilhe com os irm\u00e3os de caminhada suas alegrias e tamb\u00e9m suas dores, pois: \u201conde dois ou tr\u00eas estiverem reunidos em meu nome, ali estou eu no meio deles\u201d(Mt 18, 20). Como s\u00e3o importantes nossas reuni\u00f5es, momentos preciosos de encontro com o Senhor!<\/p>\n<h4 style=\"text-align: right\">Dom Eduardo Benes de Sales Rodrigues<\/h4>\n","protected":false},"excerpt":{"rendered":"<p>Agosto \u00e9 m\u00eas vocacional. O tema deste ano \u00e9: \u201cH\u00e1 esperan\u00e7a no Caminho\u201d. O lema: \u201cArdia nosso cora\u00e7\u00e3o quando Ele nos falava no Caminho\u201d. (cf. Lc 24,13-35). Desde o final do pontificado de Jo\u00e3o Paulo II o texto de Lucas, que narra a experi\u00eancia dos disc\u00edpulos de Emaus, tem voltado sempre de novo em documentos &hellip;<\/p>\n<p class=\"read-more\"> <a class=\"\" href=\"https:\/\/www.cnbb.org.br\/a-esperanca-nao-morre\/\"> <span class=\"screen-reader-text\">A Esperan\u00e7a n\u00e3o morre<\/span> Leia mais &raquo;<\/a><\/p>\n","protected":false},"author":83,"featured_media":0,"comment_status":"open","ping_status":"open","sticky":false,"template":"","format":"standard","meta":{"site-sidebar-layout":"default","site-content-layout":"default","ast-global-header-display":"","ast-banner-title-visibility":"","ast-main-header-display":"","ast-hfb-above-header-display":"","ast-hfb-below-header-display":"","ast-hfb-mobile-header-display":"","site-post-title":"","ast-breadcrumbs-content":"","ast-featured-img":"","footer-sml-layout":"","theme-transparent-header-meta":"","adv-header-id-meta":"","stick-header-meta":"","header-above-stick-meta":"","header-main-stick-meta":"","header-below-stick-meta":""},"categories":[758],"tags":[],"acf":[],"_links":{"self":[{"href":"https:\/\/www.cnbb.org.br\/cnbb-app\/wp\/v2\/posts\/12277"}],"collection":[{"href":"https:\/\/www.cnbb.org.br\/cnbb-app\/wp\/v2\/posts"}],"about":[{"href":"https:\/\/www.cnbb.org.br\/cnbb-app\/wp\/v2\/types\/post"}],"author":[{"embeddable":true,"href":"https:\/\/www.cnbb.org.br\/cnbb-app\/wp\/v2\/users\/83"}],"replies":[{"embeddable":true,"href":"https:\/\/www.cnbb.org.br\/cnbb-app\/wp\/v2\/comments?post=12277"}],"version-history":[{"count":0,"href":"https:\/\/www.cnbb.org.br\/cnbb-app\/wp\/v2\/posts\/12277\/revisions"}],"wp:attachment":[{"href":"https:\/\/www.cnbb.org.br\/cnbb-app\/wp\/v2\/media?parent=12277"}],"wp:term":[{"taxonomy":"category","embeddable":true,"href":"https:\/\/www.cnbb.org.br\/cnbb-app\/wp\/v2\/categories?post=12277"},{"taxonomy":"post_tag","embeddable":true,"href":"https:\/\/www.cnbb.org.br\/cnbb-app\/wp\/v2\/tags?post=12277"}],"curies":[{"name":"wp","href":"https:\/\/api.w.org\/{rel}","templated":true}]}}