{"id":12319,"date":"2010-09-21T00:00:00","date_gmt":"2010-09-21T03:00:00","guid":{"rendered":"https:\/\/www.cnbb.org.br\/romaria-dos-bispos\/"},"modified":"2010-09-21T00:00:00","modified_gmt":"2010-09-21T03:00:00","slug":"romaria-dos-bispos","status":"publish","type":"post","link":"https:\/\/www.cnbb.org.br\/romaria-dos-bispos\/","title":{"rendered":"Romaria dos Bispos"},"content":{"rendered":"<p style=\"text-align: justify\">A visita \u201cad limina Apostolorum\u201d, que significa no limiar, na soleira, na entrada, nos limites (das bas\u00edlicas) dos ap\u00f3stolos (Pedro e Paulo), \u00e9 uma visita dos bispos diocesanos aos t\u00famulos dos Ap\u00f3stolos, na Diocese de Roma, a primeira de todas as Dioceses do mundo e onde est\u00e1 a S\u00e9 de Pedro, com quem se encontram na pessoa do Santo Padre.<\/p>\n<p>  <!--more-->  <\/p>\n<p style=\"text-align: justify\">Visita esta carregada de import\u00e2ncia e feita com periodicidade quinquenal, ou seja, obrigat\u00f3ria a cada cinco anos. Evidentemente que isso depende muito da \u00e9poca e dos compromissos do Papa e do n\u00famero de Bispos Cat\u00f3licos. Ela \u00e9 prevista no C\u00f3digo de Direito Can\u00f4nico nos seus c\u00e2nones 399-400 (\u201co Bispo deve ir a Roma para venerar os sepulcros dos Ap\u00f3stolos Pedro e Paulo e apresentar-se ao Romano Pont\u00edfice\u201d).<\/p>\n<p style=\"text-align: justify\">Essa tradi\u00e7\u00e3o salutar \u00e9 uma gra\u00e7a de Deus que nos d\u00e1 oportunidade de estar junto \u00e0 S\u00e9 de Pedro como um voltar \u00e0s fontes e \u00e0s inspira\u00e7\u00f5es originais em tudo aquilo que significa esses locais. Tamb\u00e9m as congrega\u00e7\u00f5es, institutos, comunidades e grupos diversos hoje fazem o mesmo, enviando as pessoas que est\u00e3o ligadas a certo trabalho ou carisma a irem atualizar-se nos locais onde a vida e o carisma iniciaram. Isso faz parte de toda institui\u00e7\u00e3o que busca retomar sempre ao carisma inicial. Recordemos o esfor\u00e7o do Conc\u00edlio Ecum\u00eanico Vaticano II sobre o tema da \u201cvolta \u00e0s fontes\u201d. A presen\u00e7a nos locais hist\u00f3ricos ajuda-nos a estar ainda mais unidos ao esp\u00edrito inicial.<\/p>\n<p style=\"text-align: justify\">Por isso, no seu cerne \u00e9 uma demonstra\u00e7\u00e3o de afeto e de obedi\u00eancia ao sucessor de Pedro num reconhecimento vis\u00edvel de sua universal jurisdi\u00e7\u00e3o sobre todo o orbe cat\u00f3lico dentro de uma peregrina\u00e7\u00e3o dos bispos a Roma e com um encontro pessoal com o Santo Padre.<\/p>\n<p style=\"text-align: justify\">Por sua vez, o Santo Padre demonstra afeto e solicitude para com todas as dioceses do mundo, dando-lhes conselhos e orienta\u00e7\u00f5es e, claro, diretrizes. Nos pronunciamentos do Papa encontramos algo pr\u00f3prio para cada regional que faz a visita e tamb\u00e9m uma orienta\u00e7\u00e3o para toda a Igreja que est\u00e1 no Brasil, de forma que, colecionando e publicando os textos dos discursos do Santo Padre, temos um tratado de reflex\u00f5es sobre a caminhada da Igreja em nosso pa\u00eds.<\/p>\n<p style=\"text-align: justify\">Desde remotos idos era costume que os bispos fizessem esta visita peri\u00f3dica ao Papa, em Roma. As primeiras manifesta\u00e7\u00f5es dessas visitas n\u00f3s as encontramos na pr\u00e1tica entre os bispos italianos, cuja jurisdi\u00e7\u00e3o se mostrava mais pr\u00f3ximas da S\u00e9 Apost\u00f3lica.Sob o Primado do Papa Zacarias (743) encontramos decretos pedindo aos bispos da Sic\u00edlia que fizessem uma visita a Roma uma vez pelo menos a cada tr\u00eas anos, que depois foi alongado para cinco anos. O car\u00e1ter obrigat\u00f3rio das visitas foi expresso sob o Pontificado de Pascoal II e principalmente em decretos de Inoc\u00eancio III.<\/p>\n<p style=\"text-align: justify\">O ritmo atual das visitas est\u00e1 nas decretais do Papa S\u00e3o Pio X, que, em dezembro de 1909, o Sumo Pont\u00edfice j\u00e1 pedia que os Bispos enviassem junto com a visita um relat\u00f3rio completo sobre o estado de suas dioceses. Essa obrigatoriedade \u00e9 contemplada hoje no C\u00f3digo de Direito Can\u00f4nico: \u201co Bispo Diocesano tem obriga\u00e7\u00e3o de apresentar ao Sumo Pont\u00edfice, a cada cinco anos, um relat\u00f3rio sobre a situa\u00e7\u00e3o da diocese que lhe est\u00e1 confiada\u201d (can 399).<\/p>\n<p style=\"text-align: justify\">Nesse relat\u00f3rio, os bispos prestam contas de suas administra\u00e7\u00f5es ao Papa e \u00e0 Santa S\u00e9. Podemos resumir este relat\u00f3rio da seguinte forma: nome, idade e p\u00e1tria, sua ordem religiosa, se a ela o bispo pertence quando foi sagrado bispo. Depois uma declara\u00e7\u00e3o geral do estado da sua diocese e o crescimento ou decr\u00e9scimo do n\u00famero de fi\u00e9is, e a sua rela\u00e7\u00e3o com o \u00faltimo quinqu\u00eanio apresentado. Informa-se tamb\u00e9m a origem da diocese, seu grau hier\u00e1rquico: diocese ou arquidiocese, e nesta \u00faltima o n\u00famero de sedes sufrag\u00e2neas. A extens\u00e3o territorial da diocese, a sua l\u00edngua e endere\u00e7os de correspond\u00eancias para eventuais consultas posteriores e complementares. Se h\u00e1 cat\u00f3licos de outros ritos presentes em seu territ\u00f3rio, o n\u00famero poss\u00edvel de n\u00e3o cat\u00f3licos e a presen\u00e7a de outras igrejas ou denomina\u00e7\u00f5es religiosas de express\u00e3o. Informa-se tamb\u00e9m, \u00e9 claro, o n\u00famero de sacerdotes e de ordena\u00e7\u00f5es acontecidas e a quest\u00e3o vocacional e a presen\u00e7a de seminaristas em sua casa de forma\u00e7\u00e3o. Menciona-se o n\u00famero de par\u00f3quias e outros lugares de culto e tamb\u00e9m a presen\u00e7a e o n\u00famero de casas religiosas e col\u00e9gios cat\u00f3licos. Enfim, \u00e9 um relat\u00f3rio minucioso sobre a situa\u00e7\u00e3o geral e o estado espec\u00edfico da diocese. Esse relat\u00f3rio deve ser entregue em at\u00e9 seis meses antes da visita e n\u00e3o menos de tr\u00eas meses do in\u00edcio desta.<\/p>\n<p style=\"text-align: justify\">A periodicidade come\u00e7a em 1911. Existia no passado certa organiza\u00e7\u00e3o quando nos primeiros cinco anos caberia aos bispos da It\u00e1lia e aos bispos das ilhas da C\u00f3rsega, Sardenha e Sicilia e Malta; no segundo per\u00edodo aos bispos da Espanha, Portugal, Fran\u00e7a, B\u00e9lgica, Pa\u00edses Baixos, Inglaterra, Esc\u00f3cia e Irlanda; no terceiro per\u00edodo caberia aos Bispos do Imp\u00e9rio austro-h\u00fangaro e Alem\u00e3o, e o resto da Europa, no quarto per\u00edodo aos bispos da Am\u00e9rica e quinto per\u00edodo aos bispos Africanos, \u00c1sia, Austr\u00e1lia e ilhas adjacentes. Evidentemente que hoje depende muito das circunst\u00e2ncias e das novas realidades. Hoje os documentos que regulam a visita \u00e9 o Decreto \u201cAd Romanan Ecclesiam\u201d de 29 de junho de 1975 e os artigos 28 a 32 da Constitui\u00e7\u00e3o \u201cPastor Bonus\u201d de Jo\u00e3o Paulo II de 28 de Junho de 1988.<\/p>\n<p style=\"text-align: justify\">Durante o ano santo de 2000, o Papa Jo\u00e3o Paulo II suspendeu as visitas ad limina devido \u00e0s comemora\u00e7\u00f5es do Ano Santo. Com a sua doen\u00e7a e retorno ao Pai e a elei\u00e7\u00e3o do Papa Bento XVI as datas foram postergadas. Podemos notar tamb\u00e9m que o n\u00famero de bispos cresceu significativamente nos \u00faltimos anos. De acordo com o anu\u00e1rio pontif\u00edcio, no final de 1983 t\u00ednhamos 2.285 bispos diocesanos no mundo e outros 651 bispos auxiliares. At\u00e9 o final de 2006 havia 2.705 bispos e cerca de 610 bispos auxiliares. Em ess\u00eancia isso significa que o Papa teria que atender, em m\u00e9dia, 457 bispos diocesanos a cada ano, a fim de v\u00ea-los todos, novamente, em cinco anos. Hoje essa m\u00e9dia subiu para 541.<\/p>\n<p style=\"text-align: justify\">Embora a obriga\u00e7\u00e3o da visita seja dos bispos titulares, estes, em geral, se fazem acompanhar pelos auxiliares. Assim como o Papa assume uma visita de cerca de 10-20 minutos por grupo, se multiplicarmos isso em horas chegaremos a n\u00fameros significativos para a agenda papal.<\/p>\n<p style=\"text-align: justify\">Essa visita \u00e9 , evidentemente, uma visita de trabalho, de reuni\u00f5es e de contatos que os bispos fazem junto \u00e0 Santa S\u00e9 e a seus diversos organismos e dicast\u00e9rios e comiss\u00f5es pontif\u00edcias. O nosso Regional Leste 1, al\u00e9m das celebra\u00e7\u00f5es nas Bas\u00edlicas Romanas e da audi\u00eancia e encontro com o Santo Padre, j\u00e1 agendou em m\u00e9dia de tr\u00eas visitas aos v\u00e1rios departamentos da C\u00faria Romana durante os dias da visita \u201cad limina\u201d, que ir\u00e1 do dia 23 ao dia 30 deste m\u00eas de setembro.<\/p>\n<p style=\"text-align: justify\">Pe\u00e7amos ao Senhor que esta visita seja uma fonte de gra\u00e7as para a nossa Arquidiocese, e que l\u00e1 junto ao t\u00famulo de Pedro e junto ao seu sucessor, o Santo Padre Bento XVI, possamos buscar for\u00e7as para a nossa caminhada e que as suas diretivas nos ajudem, como sinalizou em sua recente visita pastoral ao Reino Unido, em \u201cque a proclama\u00e7\u00e3o crist\u00e3 e o testemunho s\u00e3o cada vez mais importantes em um mundo marcado n\u00e3o somente pelo individualismo, mas tamb\u00e9m &#8220;indiferente ou inclusive hostil \u00e0 mensagem crist\u00e3&#8221;. Por isso, estar com o Papa Bento XVI \u00e9 ter a certeza de \u201cque a fidelidade exige obedi\u00eancia para poder alcan\u00e7ar uma compreens\u00e3o mais profunda da vontade do Senhor&#8221;.<\/p>\n<p style=\"text-align: justify\">Irei levando todos os queridos arquidiocesanos no cora\u00e7\u00e3o e nas ora\u00e7\u00f5es em todas as atividades que teremos durante esta semana, anseios, alegrias, dificuldades, buscas, sonhos. Assim, junto com os bispos do Regional Leste 1, que compreende o Estado do Rio de Janeiro e alguns irm\u00e3os bispos que se associaram a n\u00f3s, fazemos essa romaria para renovar a bonita e corajosa obedi\u00eancia que deve estar &#8220;livre de conformismo intelectual ou acomoda\u00e7\u00e3o f\u00e1cil \u00e0s modas do momento&#8221;. Por isso, unidos ao Papa Bento XVI, temos a convic\u00e7\u00e3o de que as suas palavras s\u00e3o sempre palavras que nos guiam neste momento hist\u00f3rico: &#8220;de fidelidade ao seu minist\u00e9rio de Bispo de Roma e Sucessor de S\u00e3o Pedro, encarregado de cuidar especialmente da unidade do rebanho de Cristo.&#8221;<\/p>\n<p style=\"text-align: justify\">\u00c9 isso que esperamos desta visita e esta \u00e9 a nossa meta de Arcebispo do Rio de Janeiro: superar as diferen\u00e7as e disputas para vivermos a unidade &#8220;UT OMNES UNUM SINT&#8221;.<\/p>\n<h4 style=\"text-align: right\">Dom Orani Jo\u00e3o Tempesta<\/h4>\n","protected":false},"excerpt":{"rendered":"<p>A visita \u201cad limina Apostolorum\u201d, que significa no limiar, na soleira, na entrada, nos limites (das bas\u00edlicas) dos ap\u00f3stolos (Pedro e Paulo), \u00e9 uma visita dos bispos diocesanos aos t\u00famulos dos Ap\u00f3stolos, na Diocese de Roma, a primeira de todas as Dioceses do mundo e onde est\u00e1 a S\u00e9 de Pedro, com quem se encontram &hellip;<\/p>\n<p class=\"read-more\"> <a class=\"\" href=\"https:\/\/www.cnbb.org.br\/romaria-dos-bispos\/\"> <span class=\"screen-reader-text\">Romaria dos Bispos<\/span> Leia mais &raquo;<\/a><\/p>\n","protected":false},"author":83,"featured_media":0,"comment_status":"open","ping_status":"open","sticky":false,"template":"","format":"standard","meta":{"site-sidebar-layout":"default","site-content-layout":"default","ast-global-header-display":"","ast-banner-title-visibility":"","ast-main-header-display":"","ast-hfb-above-header-display":"","ast-hfb-below-header-display":"","ast-hfb-mobile-header-display":"","site-post-title":"","ast-breadcrumbs-content":"","ast-featured-img":"","footer-sml-layout":"","theme-transparent-header-meta":"","adv-header-id-meta":"","stick-header-meta":"","header-above-stick-meta":"","header-main-stick-meta":"","header-below-stick-meta":""},"categories":[758],"tags":[],"acf":[],"_links":{"self":[{"href":"https:\/\/www.cnbb.org.br\/cnbb-app\/wp\/v2\/posts\/12319"}],"collection":[{"href":"https:\/\/www.cnbb.org.br\/cnbb-app\/wp\/v2\/posts"}],"about":[{"href":"https:\/\/www.cnbb.org.br\/cnbb-app\/wp\/v2\/types\/post"}],"author":[{"embeddable":true,"href":"https:\/\/www.cnbb.org.br\/cnbb-app\/wp\/v2\/users\/83"}],"replies":[{"embeddable":true,"href":"https:\/\/www.cnbb.org.br\/cnbb-app\/wp\/v2\/comments?post=12319"}],"version-history":[{"count":0,"href":"https:\/\/www.cnbb.org.br\/cnbb-app\/wp\/v2\/posts\/12319\/revisions"}],"wp:attachment":[{"href":"https:\/\/www.cnbb.org.br\/cnbb-app\/wp\/v2\/media?parent=12319"}],"wp:term":[{"taxonomy":"category","embeddable":true,"href":"https:\/\/www.cnbb.org.br\/cnbb-app\/wp\/v2\/categories?post=12319"},{"taxonomy":"post_tag","embeddable":true,"href":"https:\/\/www.cnbb.org.br\/cnbb-app\/wp\/v2\/tags?post=12319"}],"curies":[{"name":"wp","href":"https:\/\/api.w.org\/{rel}","templated":true}]}}