{"id":12327,"date":"2010-09-24T00:00:00","date_gmt":"2010-09-24T03:00:00","guid":{"rendered":"https:\/\/www.cnbb.org.br\/quando-o-furacao-e-bem-vindo\/"},"modified":"2010-09-24T00:00:00","modified_gmt":"2010-09-24T03:00:00","slug":"quando-o-furacao-e-bem-vindo","status":"publish","type":"post","link":"https:\/\/www.cnbb.org.br\/quando-o-furacao-e-bem-vindo\/","title":{"rendered":"Quando o furac\u00e3o \u00e9 bem-vindo!"},"content":{"rendered":"<p style=\"text-align: justify\">Em Dourados, no Mato Grosso do Sul, a Semana da P\u00e1tria de 2010 come\u00e7ou com um \u201cfurac\u00e3o\u201d t\u00e3o impetuoso, que colocou em polvorosa a popula\u00e7\u00e3o local e ocupou as manchetes dos meios de comunica\u00e7\u00e3o do pa\u00eds e do exterior. O \u201cciclone\u201d, desencadeado pela Pol\u00edcia Federal, tomou o nome de \u201cOpera\u00e7\u00e3o Uragano\u201d (furac\u00e3o, em italiano) e p\u00f4s na cadeia as principais lideran\u00e7as pol\u00edticas da cidade.<\/p>\n<p>  <!--more-->  <\/p>\n<p style=\"text-align: justify\">De uma hora para outra, soube-se que Dourados n\u00e3o fazia exce\u00e7\u00e3o ao que parece ser regra no Brasil: a corrup\u00e7\u00e3o, uma pandemia que amea\u00e7a tomar conta de todos os segmentos e estruturas da sociedade, como reconheceram os bispos da Am\u00e9rica Latina, reunidos em Aparecida, em 2007: \u00abCabe assinalar, como grande fator negativo em boa parte da regi\u00e3o, o recrudescimento da corrup\u00e7\u00e3o na sociedade e no Estado, envolvendo os poderes legislativos e executivos em todos os n\u00edveis, alcan\u00e7ando tamb\u00e9m o sistema judici\u00e1rio que, muitas vezes, inclina seu ju\u00edzo a favor dos poderosos e gera impunidade, o que coloca em s\u00e9rio risco a credibilidade das institui\u00e7\u00f5es p\u00fablicas e aumenta a desconfian\u00e7a do povo. Em amplos setores da popula\u00e7\u00e3o, sobretudo entre os jovens, cresce o desencanto pela pol\u00edtica, pois as promessas de uma vida melhor e mais justa n\u00e3o se cumpriram ou se cumpriram s\u00f3 pela metade\u00bb.<\/p>\n<p style=\"text-align: justify\">As lideran\u00e7as pol\u00edticas que, em Dourados, acabaram na pris\u00e3o, tinham sido eleitas no dia 4 de outubro de 2008. Sua vit\u00f3ria nas urnas se transformou numa imponente festa popular, com a presen\u00e7a maci\u00e7a das camadas mais carentes da popula\u00e7\u00e3o, que se sentiram cativadas pelas promessas de melhoria, sobretudo no campo da sa\u00fade p\u00fablica \u2013 um verdadeiro caos, n\u00e3o apenas em Dourados, mas em praticamente todo o pa\u00eds.<\/p>\n<p style=\"text-align: justify\">N\u00e3o posso esconder que, na ocasi\u00e3o, eu me senti frustrado, pois a quase totalidade dos candidatos apoiados pelas comunidades e movimentos cat\u00f3licos, tanto em Dourados como em v\u00e1rias outras cidades da Diocese, n\u00e3o conseguiu se eleger. Qual ter\u00e1 sido o motivo? Talvez porque os crist\u00e3os esquecem que faz parte de sua f\u00e9 a participa\u00e7\u00e3o ativa e conscienciosa nas elei\u00e7\u00f5es? Diz-se que a maioria deles prefere atuar na Igreja antes que na sociedade (se \u00e9 que se podem separar os campos&#8230;). Contudo, a miss\u00e3o por excel\u00eancia dos leigos \u00e9 a pol\u00edtica, lembrou o Papa Jo\u00e3o Paulo II, em 1999: \u00abA Am\u00e9rica necessita de crist\u00e3os leigos preparados para assumir cargos de dirigentes na sociedade. \u00c9 urgente formar homens e mulheres capazes de influir, segundo a pr\u00f3pria voca\u00e7\u00e3o, na vida p\u00fablica, orientando-a para o bem comum. No exerc\u00edcio da pol\u00edtica, considerada no seu sentido mais nobre e aut\u00eantico de administra\u00e7\u00e3o do bem comum, eles encontram o caminho da pr\u00f3pria santifica\u00e7\u00e3o\u00bb.<\/p>\n<p style=\"text-align: justify\">Entre os presos da \u201cOpera\u00e7\u00e3o Uragano\u201d, h\u00e1 v\u00e1rios que se professam crist\u00e3os, tanto cat\u00f3licos como evang\u00e9licos. Se isso aconteceu, talvez seja porque a Am\u00e9rica Latina \u00e9 um continente que foi batizado, mas n\u00e3o evangelizado. Esquece-se que a f\u00e9, para ser verdadeira, deve atingir a raz\u00e3o e o cora\u00e7\u00e3o, a pessoa e suas atitudes. Caso contr\u00e1rio, se lhe aplicariam as incisivas palavras de S\u00e3o Tiago, que transcrevo numa tradu\u00e7\u00e3o livre: \u00abAlgu\u00e9m, talvez, diga: \u201cVoc\u00ea tem a f\u00e9 e eu tenho as obras\u201d. Insensato! Mostre-me a sua f\u00e9 sem as obras e eu, com as minhas obras, lhe mostrarei a minha f\u00e9. Voc\u00ea diz acreditar que Deus existe? Muito bem! S\u00f3 que tamb\u00e9m os dem\u00f4nios acreditam e continuam dem\u00f4nios\u00bb (Tg 18-19).<\/p>\n<p style=\"text-align: justify\">Gra\u00e7as a Deus, por\u00e9m, para todo mal h\u00e1 um rem\u00e9dio. Esta convic\u00e7\u00e3o era t\u00e3o forte em S\u00e3o Paulo, que n\u00e3o cansava de repetir: \u00abTudo concorre para o bem dos que amam a Deus\u00bb (Rm 8,28). \u00c9 o que est\u00e1 acontecendo em Dourados e em todo o Brasil. S\u00e3o uma multid\u00e3o as pessoas, inclusive jovens, que n\u00e3o apenas pedem \u201cficha limpa\u201d aos candidatos pol\u00edticos, mas tamb\u00e9m a si mesmos. E o fazem porque sabem que a for\u00e7a do mal \u00e9 t\u00e3o grande que \u00abat\u00e9 Satan\u00e1s se disfar\u00e7a em anjo de luz\u00bb (2Cor 11,14). \u00c9 por isso que acreditam nas palavras do Documento de Aparecida: \u00abOs crist\u00e3os devem recome\u00e7ar a partir de Cristo, para se fazerem disc\u00edpulos d\u00f3ceis e aprenderem dele a dignidade e a plenitude da vida. Pois s\u00f3 quem reconhece a Deus conhece a realidade e pode responder a ela de modo adequado\u00bb.<\/p>\n<h4 style=\"text-align: right\">Dom Redovino Rizzardo<\/h4>\n","protected":false},"excerpt":{"rendered":"<p>Em Dourados, no Mato Grosso do Sul, a Semana da P\u00e1tria de 2010 come\u00e7ou com um \u201cfurac\u00e3o\u201d t\u00e3o impetuoso, que colocou em polvorosa a popula\u00e7\u00e3o local e ocupou as manchetes dos meios de comunica\u00e7\u00e3o do pa\u00eds e do exterior. O \u201cciclone\u201d, desencadeado pela Pol\u00edcia Federal, tomou o nome de \u201cOpera\u00e7\u00e3o Uragano\u201d (furac\u00e3o, em italiano) e &hellip;<\/p>\n<p class=\"read-more\"> <a class=\"\" href=\"https:\/\/www.cnbb.org.br\/quando-o-furacao-e-bem-vindo\/\"> <span class=\"screen-reader-text\">Quando o furac\u00e3o \u00e9 bem-vindo!<\/span> Leia mais &raquo;<\/a><\/p>\n","protected":false},"author":83,"featured_media":0,"comment_status":"open","ping_status":"open","sticky":false,"template":"","format":"standard","meta":{"site-sidebar-layout":"default","site-content-layout":"default","ast-global-header-display":"","ast-banner-title-visibility":"","ast-main-header-display":"","ast-hfb-above-header-display":"","ast-hfb-below-header-display":"","ast-hfb-mobile-header-display":"","site-post-title":"","ast-breadcrumbs-content":"","ast-featured-img":"","footer-sml-layout":"","theme-transparent-header-meta":"","adv-header-id-meta":"","stick-header-meta":"","header-above-stick-meta":"","header-main-stick-meta":"","header-below-stick-meta":""},"categories":[758],"tags":[],"acf":[],"_links":{"self":[{"href":"https:\/\/www.cnbb.org.br\/cnbb-app\/wp\/v2\/posts\/12327"}],"collection":[{"href":"https:\/\/www.cnbb.org.br\/cnbb-app\/wp\/v2\/posts"}],"about":[{"href":"https:\/\/www.cnbb.org.br\/cnbb-app\/wp\/v2\/types\/post"}],"author":[{"embeddable":true,"href":"https:\/\/www.cnbb.org.br\/cnbb-app\/wp\/v2\/users\/83"}],"replies":[{"embeddable":true,"href":"https:\/\/www.cnbb.org.br\/cnbb-app\/wp\/v2\/comments?post=12327"}],"version-history":[{"count":0,"href":"https:\/\/www.cnbb.org.br\/cnbb-app\/wp\/v2\/posts\/12327\/revisions"}],"wp:attachment":[{"href":"https:\/\/www.cnbb.org.br\/cnbb-app\/wp\/v2\/media?parent=12327"}],"wp:term":[{"taxonomy":"category","embeddable":true,"href":"https:\/\/www.cnbb.org.br\/cnbb-app\/wp\/v2\/categories?post=12327"},{"taxonomy":"post_tag","embeddable":true,"href":"https:\/\/www.cnbb.org.br\/cnbb-app\/wp\/v2\/tags?post=12327"}],"curies":[{"name":"wp","href":"https:\/\/api.w.org\/{rel}","templated":true}]}}