{"id":12343,"date":"2008-08-29T00:00:00","date_gmt":"2008-08-29T03:00:00","guid":{"rendered":"https:\/\/www.cnbb.org.br\/santa-maria-de-belem\/"},"modified":"2008-08-29T00:00:00","modified_gmt":"2008-08-29T03:00:00","slug":"santa-maria-de-belem","status":"publish","type":"post","link":"https:\/\/www.cnbb.org.br\/santa-maria-de-belem\/","title":{"rendered":"Santa Maria de Bel\u00e9m"},"content":{"rendered":"<p style=\"text-align: justify\">No Diret\u00f3rio Lit\u00fargico que orienta as celebra\u00e7\u00f5es da Igreja Cat\u00f3lica durante o ano consta que no dia 1\u00ba de setembro celebra-se o dia de Nossa Senhora de Bel\u00e9m como padroeira arquidiocesana e municipal, sendo festa em toda a Arquidiocese e solenidade na cidade de Bel\u00e9m. Em documenta\u00e7\u00e3o dos arquivos da Arquidiocese Municipal consta\u00a0 o que o Diret\u00f3rio prescreve e que o bispo D. Macedo Costa, em fins do s\u00e9culo XIX, devido a uma promessa feita, entregou tamb\u00e9m a Catedral a Santa Maria de Bel\u00e9m numa celebra\u00e7\u00e3o solene e perpetuada em art\u00edsticos pain\u00e9is na ab\u00f3bada do templo. Sabemos, por\u00e9m, que a titular da Catedral sempre esteve sob orago de Nossa Senhora da Gra\u00e7a.<\/p>\n<p><!--more--><\/p>\n<p style=\"text-align: justify\">A Padroeira da Arquidiocese e da cidade de Bel\u00e9m traz \u00e0 tona a pessoa da m\u00e3e de Jesus, a Virgem Maria, enquanto aquela que esteve em Bel\u00e9m de Jud\u00e1, cidade onde nasceu Jesus. Recorda todo o mist\u00e9rio da Encarna\u00e7\u00e3o, a visita dos pastores, dos magos e a experi\u00eancia de n\u00e3o ter lugar para Ele na hospedaria. A pequena Bel\u00e9m de Jud\u00e1 tornou-se famosa em todo o mundo por ter sido o ber\u00e7o do Salvador, Jesus Cristo, iniciando-se ali a nova era da humanidade.<\/p>\n<p style=\"text-align: justify\">A regi\u00e3o da Jud\u00e9ia depois de um tempo como vassalo do Imp\u00e9rio Romano, ap\u00f3s o ano 70 passou a fazer parte do Imp\u00e9rio que ainda se expandia na \u00e9poca. O Imperador<\/p>\n<p style=\"text-align: justify\">Constantino, convertido ao cristianismo no ano 330, mandou edificar em Bel\u00e9m, sobre a Gruta da Natividade, uma Bas\u00edlica, cujos belos mosaicos representando os antepassados de Jesus e os profetas que anunciaram o seu nascimento a celebrizaram como um dos principais monumentos art\u00edsticos para os crist\u00e3os. E \u00e9 justamente nesse templo que havia uma imagem bizantina da Virgem Maria, que se tornou conhecida com o t\u00edtulo de Santa Maria de Bel\u00e9m. A peregrina\u00e7\u00e3o aos lugares santos fez com que seu culto se espalhasse pelo mundo, chegando \u00e0 Europa e tamb\u00e9m a Portugal atrav\u00e9s desses religiosos peregrinos que estiveram na Terra Santa.<\/p>\n<p style=\"text-align: justify\">Em Lisboa foi constru\u00edda uma Capela dedicada a Santa Maria de Bel\u00e9m muito pr\u00f3xima ao Rio Tejo, quase \u00e0 beira-mar, na praia do Rastelo, nas portas do Atl\u00e2ntico. Essa<\/p>\n<p style=\"text-align: justify\">pequena Igreja ou \u201cermida\u201d que o Infante D. Henrique, fundador da Escola de Sagres e grande incentivador das navega\u00e7\u00f5es portuguesas, come\u00e7ou a ser constru\u00edda em 1459, obtendo do Papa que lhe fosse dado estatuto de par\u00f3quia para nela ser prestada assist\u00eancia espiritual aos navegantes que ali passavam.<\/p>\n<p style=\"text-align: justify\">A esta Igreja, integrada na Ordem Militar de Cristo, deu o Infante D. Henrique o t\u00edtulo de Santa Maria de Bel\u00e9m, em homenagem ao local onde nasceu Jesus Cristo.<\/p>\n<p style=\"text-align: justify\">Dizia ele que, assim como a estrela de Bel\u00e9m guiou os magos at\u00e9 a manjedoura onde se achava o Menino Deus, assim tamb\u00e9m a Senhora de Bel\u00e9m ajudaria a encontrar novas terras e o caminho para as \u00cdndias.<\/p>\n<p style=\"text-align: justify\">Foi justamente a\u00ed que Vasco da Gama e Pedro \u00c1lvares Cabral ouviram missa e comungaram, com os seus homens, antes de se fazerem ao mar: o primeiro em 8 de julho de 1497; o segundo em 8 de mar\u00e7o de 1500. Partiram para as suas hist\u00f3ricas viagens, que os levariam \u00e0 \u00cdndia e ao Brasil, respectivamente. Foi tamb\u00e9m a\u00ed que o Rei D.<\/p>\n<p style=\"text-align: justify\">Manuel de Portugal, logo depois de ter subido ao trono em 1495, decidiu erguer um grandioso templo confiado aos Monges da Ordem de S\u00e3o Jer\u00f4nimo e que iniciaram a vida ali em 21 de abril de 1500.<\/p>\n<p style=\"text-align: justify\">A partir da primeira pedra do edif\u00edcio, lan\u00e7ada em 6 de janeiro de 1501, construiu-se ali um belo Mosteiro, o chamado hoje Mosteiro dos Jer\u00f4nimos, uma das obras primas da arquitetura manuelina. Dedicado a Santa Maria de Bel\u00e9m, o Mosteiro dos Jer\u00f4nimos reflete um particular fasc\u00ednio pela Encarna\u00e7\u00e3o, Nascimento e Epifania do Filho de Deus feito homem, Jesus Cristo. Ainda hoje funciona ali uma Par\u00f3quia dedicada a Santa Maria de Bel\u00e9m.<\/p>\n<p style=\"text-align: justify\">Como as expedi\u00e7\u00f5es mar\u00edtimas portuguesas eram precedidas de solene celebra\u00e7\u00e3o para a magn\u00edfica protetora dos navegantes, podemos deduzir como essa devo\u00e7\u00e3o chegou ao Brasil. Ela foi trazida pelos primeiro povoadores europeus, que tendo muitos devotos em todo territ\u00f3rio brasileiro, acabou sendo invocada em Itatiba (SP) e tamb\u00e9m em Bel\u00e9m do Par\u00e1, que dedicaram a Ela suas par\u00f3quias.<\/p>\n<p style=\"text-align: justify\">No Natal de 1615, o capit\u00e3o-mor Francisco Caldeira Castelo Branco partiu de S\u00e3o Lu\u00eds do Maranh\u00e3o com tr\u00eas navios e 150 homens para ocupar o Amazonas. Em 16 de janeiro<\/p>\n<p style=\"text-align: justify\">de 1616, desembarcou na formosa Ba\u00eda do Guajar\u00e1, que para muitos recorda a foz do Rio Tejo, em Portugal, onde ergueu o Forte do Pres\u00e9pio, fundando a povoa\u00e7\u00e3o que recebeu, mais tarde, o nome de Santa Maria de Bel\u00e9m do Gr\u00e3o-Par\u00e1. Frei Agostinho de Santa Maria, em seu livro publicado em 1722, afirma que o nome de Santa Maria de Bel\u00e9m teria sido dado \u00e0 padroeira da cidade \u201cem mem\u00f3ria dos Santos<\/p>\n<p style=\"text-align: justify\">Inocentes que em Bel\u00e9m foram degolados\u201d, referindo-se ao massacre que houve, quando velhos, mulheres e crian\u00e7as foram mortos numa revolta ind\u00edgena, aproveitando-se da desuni\u00e3o entre os conquistadores que estavam em conflito entre o capit\u00e3o-mor e \u00e0 tropa, devido \u00e0 viol\u00eancia com que ele tratava seus oficiais, tendo sido demitido e levado para Portugal.<\/p>\n<p style=\"text-align: justify\">Com a Bula \u201cCopiosus in Miseric\u00f3rdia\u201d, o Papa Clemente XI criou, aos 4 de mar\u00e7o de 1719, o Bispado do Par\u00e1, dando \u00e0 nova Diocese o mesmo nome da cidade: Santa Maria de Bel\u00e9m.\u00a0 Com a Bula \u201cSempiternum Humani Generis\u201d do Papa S\u00e3o Pio X, a Diocese foi elevada a Arquidiocese em 1\u00ba de maio de 1906, renovando sua consagra\u00e7\u00e3o a Santa Maria de Bel\u00e9m como sua padroeira principal.<\/p>\n<p style=\"text-align: justify\">Na Bas\u00edlica da Natividade em Bel\u00e9m de Jud\u00e1 havia uma imagem bizantina da Virgem Sant\u00edssima que se tornou conhecida como o t\u00edtulo de Santa Maria de Bel\u00e9m. Na fachada da<\/p>\n<p style=\"text-align: justify\">atual Catedral de Bel\u00e9m do Par\u00e1, inspirada na arquitetura oficial da corte de Lisboa na \u00e9poca de D. Jo\u00e3o V, pode-se admirar uma enorme ef\u00edgie da Virgem Maria com o Menino Jesus sentado em seu colo e abra\u00e7ando sua m\u00e3e. Sobre o altar-mor, al\u00e9m da bonita imagem semelhante \u00e0 da fachada, existe uma grande tela, executada por um pintor portugu\u00eas, representando o pres\u00e9pio de Bel\u00e9m, recordando a Igreja que est\u00e1 em Lisboa no Mosteiro dos Jer\u00f4nimos e tamb\u00e9m o nome dado ao Forte do qual se originou a \u201ccidade das mangueiras\u201d.<\/p>\n<p style=\"text-align: justify\">Entretanto, a tradicional escultura barroca da padroeira, que antigamente se encontrava no altar, necessita de restaura\u00e7\u00e3o e a atual vers\u00e3o da imagem de Santa Maria de Bel\u00e9m foi esculpida para as comemora\u00e7\u00f5es dos 50 anos do Congresso Eucar\u00edstico Nacional, celebrado em Bel\u00e9m em 2003.<\/p>\n<p style=\"text-align: justify\">Viajando a procura do rio-mar, o capit\u00e3o portugu\u00eas, guiado pela estrela do Natal, chegou ao local predestinado a ser o ber\u00e7o do in\u00edcio da evangeliza\u00e7\u00e3o no extremo norte do Brasil, a cidade de Santa Maria de Bel\u00e9m do Gr\u00e3o-Par\u00e1, onde est\u00e1 situada a primeira par\u00f3quia e diocese desta regi\u00e3o, porta de entrada da fabulosa Amaz\u00f4nia.<\/p>\n<div style=\"text-align: justify\"><\/div>\n<p style=\"text-align: justify\">Cita\u00e7\u00f5es dos textos e pesquisas consultados nas anota\u00e7\u00f5es da Catedral de Bel\u00e9m Dia 1\u00ba de setembro, \u00e0s 19 horas, teremos a Missa Solene seguida pela prociss\u00e3o luminosa na Co-Catedral do Carmo, na Cidade Velha.<\/p>\n<h4 style=\"text-align: right\">Dom Orani Jo\u00e3o Tempesta<\/h4>\n","protected":false},"excerpt":{"rendered":"<p>No Diret\u00f3rio Lit\u00fargico que orienta as celebra\u00e7\u00f5es da Igreja Cat\u00f3lica durante o ano consta que no dia 1\u00ba de setembro celebra-se o dia de Nossa Senhora de Bel\u00e9m como padroeira arquidiocesana e municipal, sendo festa em toda a Arquidiocese e solenidade na cidade de Bel\u00e9m. Em documenta\u00e7\u00e3o dos arquivos da Arquidiocese Municipal consta\u00a0 o que &hellip;<\/p>\n<p class=\"read-more\"> <a class=\"\" href=\"https:\/\/www.cnbb.org.br\/santa-maria-de-belem\/\"> <span class=\"screen-reader-text\">Santa Maria de Bel\u00e9m<\/span> Leia mais &raquo;<\/a><\/p>\n","protected":false},"author":83,"featured_media":0,"comment_status":"open","ping_status":"open","sticky":false,"template":"","format":"standard","meta":{"site-sidebar-layout":"default","site-content-layout":"default","ast-global-header-display":"","ast-banner-title-visibility":"","ast-main-header-display":"","ast-hfb-above-header-display":"","ast-hfb-below-header-display":"","ast-hfb-mobile-header-display":"","site-post-title":"","ast-breadcrumbs-content":"","ast-featured-img":"","footer-sml-layout":"","theme-transparent-header-meta":"","adv-header-id-meta":"","stick-header-meta":"","header-above-stick-meta":"","header-main-stick-meta":"","header-below-stick-meta":""},"categories":[758],"tags":[],"acf":[],"_links":{"self":[{"href":"https:\/\/www.cnbb.org.br\/cnbb-app\/wp\/v2\/posts\/12343"}],"collection":[{"href":"https:\/\/www.cnbb.org.br\/cnbb-app\/wp\/v2\/posts"}],"about":[{"href":"https:\/\/www.cnbb.org.br\/cnbb-app\/wp\/v2\/types\/post"}],"author":[{"embeddable":true,"href":"https:\/\/www.cnbb.org.br\/cnbb-app\/wp\/v2\/users\/83"}],"replies":[{"embeddable":true,"href":"https:\/\/www.cnbb.org.br\/cnbb-app\/wp\/v2\/comments?post=12343"}],"version-history":[{"count":0,"href":"https:\/\/www.cnbb.org.br\/cnbb-app\/wp\/v2\/posts\/12343\/revisions"}],"wp:attachment":[{"href":"https:\/\/www.cnbb.org.br\/cnbb-app\/wp\/v2\/media?parent=12343"}],"wp:term":[{"taxonomy":"category","embeddable":true,"href":"https:\/\/www.cnbb.org.br\/cnbb-app\/wp\/v2\/categories?post=12343"},{"taxonomy":"post_tag","embeddable":true,"href":"https:\/\/www.cnbb.org.br\/cnbb-app\/wp\/v2\/tags?post=12343"}],"curies":[{"name":"wp","href":"https:\/\/api.w.org\/{rel}","templated":true}]}}