{"id":12344,"date":"2008-08-25T00:00:00","date_gmt":"2008-08-25T03:00:00","guid":{"rendered":"https:\/\/www.cnbb.org.br\/a-xenofobia-e-as-migracoes\/"},"modified":"2008-08-25T00:00:00","modified_gmt":"2008-08-25T03:00:00","slug":"a-xenofobia-e-as-migracoes","status":"publish","type":"post","link":"https:\/\/www.cnbb.org.br\/a-xenofobia-e-as-migracoes\/","title":{"rendered":"A Xenofobia e as Migra\u00e7\u00f5es"},"content":{"rendered":"<p style=\"text-align: justify\">Em nossa reuni\u00e3o do Conselho Episcopal de Pastoral da Confer\u00eancia Nacional dos Bispos do Brasil, reunida em Bras\u00edlia nesta semana,\u00a0 emitimos uma nota sobre a Solidariedade aos migrantes tomando posi\u00e7\u00e3o corajosa diante de um fato atual muito preocupante, que s\u00e3o as situa\u00e7\u00f5es dos pa\u00edses diante das migra\u00e7\u00f5es.<\/p>\n<p>  <!--more-->  <\/p>\n<p style=\"text-align: justify\">A nota da CNBB tem a data de 21 de agosto, quinta-feira passada, e vi pouca repercuss\u00e3o na m\u00eddia em geral. No momento de tantas e variadas not\u00edcias, muitas vezes posi\u00e7\u00f5es importantes se perdem diante de um farto notici\u00e1rio.<\/p>\n<p style=\"text-align: justify\">A nota \u00e9 muito clara com rela\u00e7\u00e3o \u00e0 posi\u00e7\u00e3o da Igreja do Brasil: \u201cvemos com apreens\u00e3o e preocupa\u00e7\u00e3o a ado\u00e7\u00e3o, por pa\u00edses para onde afluem numerosos grupos de migrantes, de medidas que ferem princ\u00edpios b\u00e1sicos dos direitos humanos dos migrantes e suas fam\u00edlias\u201d.<\/p>\n<p style=\"text-align: justify\">E \u00e9 muito interessante que esse posicionamento xen\u00f3fobo aumenta nestes \u00faltimos tempos em pa\u00edses que se posicionam como modelos de democracia e respeito aos direitos humanos, que, muitas vezes, se tornaram ju\u00edzes mundiais contra discrimina\u00e7\u00e3o e crimes contra a humanidade! Ali\u00e1s, representantes dessa sociedade, como professores mundiais, visitam os pa\u00edses que os recebem sem restri\u00e7\u00f5es para pontificar suas li\u00e7\u00f5es morais e c\u00edvicas como se seus pa\u00edses n\u00e3o precisassem primeiro de suas a\u00e7\u00f5es, talvez muito mais do que os que elem visitam fazendo seus discursos e cobrando atitudes!<\/p>\n<p style=\"text-align: justify\">Vivemos tempos dif\u00edceis! Chegamos t\u00e3o longe no desenvolvimento das ci\u00eancias e tecnologia e ainda marcamos passos com rela\u00e7\u00e3o ao relacionamento humano. Hoje olhamos para esse lado do mundo, mas sabemos que temos problemas semelhantes tamb\u00e9m em nosso pr\u00f3prio continente americano e se f\u00f4ssemos aprofundar, at\u00e9 mesmo em nosso pa\u00eds, t\u00e3o cheio de migra\u00e7\u00f5es no passado e no presente, ver\u00edamos que existem preconceitos contra os migrantes como se eles fossem a causa dos problemas que existem em v\u00e1rias regi\u00f5es.<\/p>\n<p style=\"text-align: justify\">O mundo recome\u00e7a a utilizar os princ\u00edpios \u201ctotalit\u00e1rios\u201d, que impede a locomo\u00e7\u00e3o livre das pessoas: quando algu\u00e9m viaja se torna um \u201ccriminoso\u201d at\u00e9 prova em contr\u00e1rio! A cada momento se pedem documentos cercado por todos os tipos de agentes. Agora que uma lei foi votada e que se imp\u00f5e \u00e0s leis de todos os pa\u00edses do bloco europeu, \u00e9 o momento de nos perguntarmos sobre os rumos da humanidade.<\/p>\n<p style=\"text-align: justify\">\u00c9 interessante que s\u00e3o os mesmos pa\u00edses que \u201coutrora assistiram a emigra\u00e7\u00e3o em massa de seus cidad\u00e3os\u201d. Inclusive muitos de n\u00f3s somos descendentes de tantos homens e mulheres que para c\u00e1 vieram. \u201cAqueles que no Brasil aportaram, foram acolhidos e, gradativamente, integraram-se \u00e0 sociedade local, contribuindo na constru\u00e7\u00e3o da identidade e cultura nacionais\u201d.<\/p>\n<p style=\"text-align: justify\">Sim, \u00e9 por esse lado que olhamos: a liberdade de ir e vir e a grande contribui\u00e7\u00e3o dos movimentos migrat\u00f3rios que \u201cs\u00e3o fatores de desenvolvimento humano e social\u201d, pois \u201co migrante leva consigo sua for\u00e7a de trabalho, a riqueza de sua cultura, seus valores, sua religi\u00e3o\u201d. \u201cMuitos pa\u00edses j\u00e1 n\u00e3o podem prescindir da contribui\u00e7\u00e3o dos imigrantes como m\u00e3o-de-obra em \u00e1reas espec\u00edficas do mercado de trabalho\u201d.<\/p>\n<p style=\"text-align: justify\">Embora saibamos que o tema \u00e9 complexo e que h\u00e1 grupos que se aproveitam de situa\u00e7\u00f5es para pressionar politicamente quest\u00f5es seculares, sabemos que tais medidas \u201cpodem representar retrocesso no caminho de integra\u00e7\u00e3o dos povos e da constru\u00e7\u00e3o de uma cultura de paz\u201d. At\u00e9 mesmo em nosso hemisf\u00e9rio sul lemos e vemos nos notici\u00e1rios o que querem fazer com os nossos irm\u00e3os brasileiros que vivem em zona fronteiri\u00e7a em pa\u00edses vizinhos nossos.<\/p>\n<p style=\"text-align: justify\">O que est\u00e1 realmente por baixo das decis\u00f5es \u00e9, infelizmente, quest\u00e3o econ\u00f4mica. A rejei\u00e7\u00e3o aos pobres que batem \u00e0s portas \u00e9 porque t\u00eam medo que a presen\u00e7a deles v\u00e1 fazer dividir um pouco os bens que acumularam. Isso faz com que reflitamos sobre os dois lados: primeiro sobre os pa\u00edses que n\u00e3o conseguem prover \u00e0s necessidades de seu povo, n\u00e3o proporcionando \u201ccondi\u00e7\u00f5es dignas de vida e perspectivas de futuro aos seus cidad\u00e3os\u201d, obrigando-os, assim, a procurarem outros lugares para tentar viver com dignidade. O segundo aspecto \u00e9 com os pa\u00edses que recebem os migrantes que s\u00e3o convidados a \u201cencontrar formas adequadas e justas de acolher o estrangeiro, integrando os imigrantes como protagonistas de um novo momento para a humanidade\u201d.<\/p>\n<p style=\"text-align: justify\">Nesse sentido, a nota da CNBB \u00e9 forte em uma de suas conclus\u00f5es: \u201cos valores humanos e crist\u00e3os da solidariedade e fraternidade t\u00eam primazia sobre as leis da economia e do mercado\u201d, ou seja, em geral vamos buscar a raiz de todos os problemas nessa dire\u00e7\u00e3o que domina os relacionamentos humanos e tamb\u00e9m os pa\u00edses hoje, al\u00e9m das quest\u00f5es \u00e9tnicas e ideol\u00f3gicas.<\/p>\n<p style=\"text-align: justify\">Os que assumem uma segunda p\u00e1tria, que \u201c\u00e9 a terra que lhe d\u00e1 o p\u00e3o\u201d, procurando \u201ccondi\u00e7\u00f5es dignas de vida, move, no mundo globalizado e desigual, milh\u00f5es de migrantes em dire\u00e7\u00e3o aos pa\u00edses mais desenvolvidos\u201d.<\/p>\n<p style=\"text-align: justify\">Diante dessas situa\u00e7\u00f5es em que \u201cmuitas vezes o tratamento dado aos migrantes \u00e9 injusto e humilhante, envolvendo deten\u00e7\u00e3o e pris\u00e3o, perda de moradia, do emprego e dos bens, separa\u00e7\u00e3o dos c\u00f4njuges e dos filhos\u201d, na tomada de posi\u00e7\u00e3o de nossa Confer\u00eancia Episcopal repudiando essas \u201cmedidas que criminalizam os migrantes\u201d, manifestamos nossa solidariedade \u201ca todos os brasileiros e brasileiras no exterior, e de modo especial, aos que se encontram em situa\u00e7\u00e3o de maior vulnerabilidade, com dificuldade de obter a documenta\u00e7\u00e3o de perman\u00eancia\u201d, muitas vezes impedidos pela burocracia ou m\u00e1 vontade do Estado que os recebe e por isso estudando ou vivendo ou trabalhando \u201cem clima de seguran\u00e7a e medo\u201d.<\/p>\n<p style=\"text-align: justify\">Acredito que esse tema deveria ser aprofundado para que pud\u00e9ssemos ver para onde caminhamos e que posi\u00e7\u00f5es temos tomado em nossa sociedade, pois muitas vezes o preconceito come\u00e7a com pequenas coisas e situa\u00e7\u00f5es ao nosso lado, dentro de nossa casa, cidade ou estado. As guerras, a fome, a mis\u00e9ria, desigualdades sociais e tantas outras situa\u00e7\u00f5es, juntamente com as necessidades de vida melhor ou at\u00e9 de estudos, diante da liberdade de ir e vir, deveriam encontrar solu\u00e7\u00f5es adequadas na comunidade internacional.<\/p>\n<p style=\"text-align: justify\">Mesmo sabendo que esses pa\u00edses em sua constitui\u00e7\u00e3o n\u00e3o quiseram colocar que a vida e o ensinamento crist\u00e3os est\u00e3o na base de sua cultura, ousamos lembrar junto com a Nota da CNBB: \u201cdiante da palavra de Jesus \u201cEu era estrangeiro e me receberam em sua casas (Mt 25,35), rogamos que prevale\u00e7a a solidariedade, baseada nos princ\u00edpios da dignidade da pessoa, da prote\u00e7\u00e3o dos direitos humanos e da fraternidade universal.<\/p>\n<p style=\"text-align: justify\">Agora entendemos a rejei\u00e7\u00e3o do fundamento crist\u00e3o de sua cultura e civiliza\u00e7\u00e3o: esse posicionamento demonstra que est\u00e3o muito longe daquilo que seus antepassados ensinaram e viveram e at\u00e9 exportaram para o mundo com os seus migrantes. Por incr\u00edvel que pare\u00e7a, deveremos ser n\u00f3s, que aprendemos deles a vida crist\u00e3, a ir novamente pregar o Evangelho em suas pra\u00e7as como novos mission\u00e1rios a descobrirem situa\u00e7\u00f5es de direitos humanos e de fraternidade crist\u00e3.<\/p>\n<h4 style=\"text-align: right\">Dom Orani Jo\u00e3o Tempesta<\/h4>\n","protected":false},"excerpt":{"rendered":"<p>Em nossa reuni\u00e3o do Conselho Episcopal de Pastoral da Confer\u00eancia Nacional dos Bispos do Brasil, reunida em Bras\u00edlia nesta semana,\u00a0 emitimos uma nota sobre a Solidariedade aos migrantes tomando posi\u00e7\u00e3o corajosa diante de um fato atual muito preocupante, que s\u00e3o as situa\u00e7\u00f5es dos pa\u00edses diante das migra\u00e7\u00f5es.<\/p>\n","protected":false},"author":83,"featured_media":0,"comment_status":"open","ping_status":"open","sticky":false,"template":"","format":"standard","meta":{"site-sidebar-layout":"default","site-content-layout":"default","ast-global-header-display":"","ast-banner-title-visibility":"","ast-main-header-display":"","ast-hfb-above-header-display":"","ast-hfb-below-header-display":"","ast-hfb-mobile-header-display":"","site-post-title":"","ast-breadcrumbs-content":"","ast-featured-img":"","footer-sml-layout":"","theme-transparent-header-meta":"","adv-header-id-meta":"","stick-header-meta":"","header-above-stick-meta":"","header-main-stick-meta":"","header-below-stick-meta":""},"categories":[758],"tags":[],"acf":[],"_links":{"self":[{"href":"https:\/\/www.cnbb.org.br\/cnbb-app\/wp\/v2\/posts\/12344"}],"collection":[{"href":"https:\/\/www.cnbb.org.br\/cnbb-app\/wp\/v2\/posts"}],"about":[{"href":"https:\/\/www.cnbb.org.br\/cnbb-app\/wp\/v2\/types\/post"}],"author":[{"embeddable":true,"href":"https:\/\/www.cnbb.org.br\/cnbb-app\/wp\/v2\/users\/83"}],"replies":[{"embeddable":true,"href":"https:\/\/www.cnbb.org.br\/cnbb-app\/wp\/v2\/comments?post=12344"}],"version-history":[{"count":0,"href":"https:\/\/www.cnbb.org.br\/cnbb-app\/wp\/v2\/posts\/12344\/revisions"}],"wp:attachment":[{"href":"https:\/\/www.cnbb.org.br\/cnbb-app\/wp\/v2\/media?parent=12344"}],"wp:term":[{"taxonomy":"category","embeddable":true,"href":"https:\/\/www.cnbb.org.br\/cnbb-app\/wp\/v2\/categories?post=12344"},{"taxonomy":"post_tag","embeddable":true,"href":"https:\/\/www.cnbb.org.br\/cnbb-app\/wp\/v2\/tags?post=12344"}],"curies":[{"name":"wp","href":"https:\/\/api.w.org\/{rel}","templated":true}]}}