{"id":12364,"date":"2009-04-17T00:00:00","date_gmt":"2009-04-17T03:00:00","guid":{"rendered":"https:\/\/www.cnbb.org.br\/unidade-amor-misericordia\/"},"modified":"2009-04-17T00:00:00","modified_gmt":"2009-04-17T03:00:00","slug":"unidade-amor-misericordia","status":"publish","type":"post","link":"https:\/\/www.cnbb.org.br\/unidade-amor-misericordia\/","title":{"rendered":"Unidade, amor, miseric\u00f3rdia"},"content":{"rendered":"<p style=\"text-align: justify\">Desejo a todos que a Paz do Cristo Ressuscitado esteja em seus cora\u00e7\u00f5es e espalhando-se por todas as atividades que cada um desenvolve.<\/p>\n<p>  <!--more-->  <\/p>\n<p style=\"text-align: justify\">Apresento-me a voc\u00ea, leitor, como aquele que foi enviado para servir a esta Igreja do Rio de Janeiro e, como Igreja, ser, junto com todos, sinal de Jesus Cristo presente nesta sociedade.<\/p>\n<p style=\"text-align: justify\">Ao iniciar minha miss\u00e3o neste segundo domingo da P\u00e1scoa e tamb\u00e9m da Miseric\u00f3rdia, alegro-me por escutar a voz do Senhor a nos dizer nos Atos dos Ap\u00f3stolos: \u201ca multid\u00e3o dos fi\u00e9is era um s\u00f3 cora\u00e7\u00e3o e uma s\u00f3 alma\u201d. Mesmo que as interpreta\u00e7\u00f5es exeg\u00e9ticas possam colocar este texto mais como an\u00fancio do futuro do que talvez uma realidade da \u00e9poca, \u00e9, no entanto, Palavra de Deus para n\u00f3s. \u00c9 uma dire\u00e7\u00e3o que espero que sigamos: a da unidade! Muitas vezes falaremos sobre esse assunto que \u00e9 fundamental em nossa vida eclesial, pois disso depende a f\u00e9 \u2013 \u201cpara que o mundo creia\u201d!<\/p>\n<p style=\"text-align: justify\">\u00c9 importante que nos Atos a unidade seja anunciada como partilha de bens: \u201ctudo entre eles era posto em comum\u201d! Nesse nosso mundo de tantas injusti\u00e7as e individualismo, a f\u00e9 crist\u00e3 e cat\u00f3lica nos faz ser sinais de outro mundo, onde reinam a fraternidade e o amor. Eis o grande desafio crist\u00e3o de nossos tempos! Muitos tentam por v\u00e1rias f\u00f3rmulas encontrar esse caminho, n\u00f3s o trilhamos pela f\u00e9!<\/p>\n<p style=\"text-align: justify\">Tamb\u00e9m somos chamados a viver a nossa f\u00e9 no amor m\u00fatuo: \u201cpodemos saber que amamos os filhos de Deus quando amamos a Deus e guardamos os seus mandamentos\u201d, recorda-nos hoje a primeira carta de Jo\u00e3o. Outra dire\u00e7\u00e3o para nossa vida e nossa caminhada nesta grande cidade! Viver os mandamentos, amarmos a Deus e, consequentemente, amarmos o pr\u00f3ximo, lembrando-nos de como Cristo explicou o que significa \u201camar o pr\u00f3ximo\u201d na par\u00e1bola do bom samaritano.<\/p>\n<p style=\"text-align: justify\">Do Evangelho deste domingo, entre tantos sinais escolho dois que Ele nos aponta para colocarmos em pr\u00e1tica: primeiro, o envio para semearmos a paz &#8211; \u201cComo o Pai me enviou, tamb\u00e9m eu vos envio\u201d, e isso traz presente todo o hist\u00f3rico do \u201cevento\u201d de Aparecida, que se traduziu num dos documentos mais importantes deste in\u00edcio de mil\u00eanio, recordando-nos que como disc\u00edpulos somos tamb\u00e9m mission\u00e1rios para anunciar a todos, com renovado ardor, o Evangelho do Cristo. A Miss\u00e3o continental pedida pelo Documento de Aparecida deve se traduzir em atitudes concretas em nossas vidas, par\u00f3quias e arquidiocese.<\/p>\n<p style=\"text-align: justify\">O segundo sinal que aparece no Evangelho deste domingo \u00e9 o perd\u00e3o, a miseric\u00f3rdia que hoje celebramos: \u201ca quem perdoardes os pecados, eles lhes ser\u00e3o perdoados\u201d! Somos chamados a ser uma Igreja que reconcilia, perdoa, ama e por isso mesmo, misericordiosa, e que, mesmo sem renunciar aos princ\u00edpios que nos norteiam, antes de tudo anuncia a Boa Nova ao mundo com alegria e coragem!<\/p>\n<p style=\"text-align: justify\">Irm\u00e3os e Irm\u00e3s, filhos desta grande Arquidiocese: o nosso primeiro trabalho ser\u00e1 a elabora\u00e7\u00e3o do novo Plano de Pastoral, que dever\u00e1 retratar as necessidades de todos na miss\u00e3o de pastorear essa grande cidade, que tem o direito de ver em n\u00f3s sinais da presen\u00e7a de Deus e suas consequ\u00eancias! Convido a todos e a todas para que nos irmanemos e todos tragam seus dons e carismas, como muitos j\u00e1 t\u00eam feito, na elabora\u00e7\u00e3o do direcionamento pastoral que agora iniciamos.<\/p>\n<p style=\"text-align: justify\">Abra\u00e7o a todos com carinho e formulo os meus votos de paz: \u201cA Paz esteja convosco\u201d.<\/p>\n<h4 style=\"text-align: right\">Dom Orani Jo\u00e3o Tempesta<\/h4>\n","protected":false},"excerpt":{"rendered":"<p>Desejo a todos que a Paz do Cristo Ressuscitado esteja em seus cora\u00e7\u00f5es e espalhando-se por todas as atividades que cada um desenvolve.<\/p>\n","protected":false},"author":83,"featured_media":0,"comment_status":"open","ping_status":"open","sticky":false,"template":"","format":"standard","meta":{"site-sidebar-layout":"default","site-content-layout":"default","ast-global-header-display":"","ast-banner-title-visibility":"","ast-main-header-display":"","ast-hfb-above-header-display":"","ast-hfb-below-header-display":"","ast-hfb-mobile-header-display":"","site-post-title":"","ast-breadcrumbs-content":"","ast-featured-img":"","footer-sml-layout":"","theme-transparent-header-meta":"","adv-header-id-meta":"","stick-header-meta":"","header-above-stick-meta":"","header-main-stick-meta":"","header-below-stick-meta":""},"categories":[758],"tags":[],"acf":[],"_links":{"self":[{"href":"https:\/\/www.cnbb.org.br\/cnbb-app\/wp\/v2\/posts\/12364"}],"collection":[{"href":"https:\/\/www.cnbb.org.br\/cnbb-app\/wp\/v2\/posts"}],"about":[{"href":"https:\/\/www.cnbb.org.br\/cnbb-app\/wp\/v2\/types\/post"}],"author":[{"embeddable":true,"href":"https:\/\/www.cnbb.org.br\/cnbb-app\/wp\/v2\/users\/83"}],"replies":[{"embeddable":true,"href":"https:\/\/www.cnbb.org.br\/cnbb-app\/wp\/v2\/comments?post=12364"}],"version-history":[{"count":0,"href":"https:\/\/www.cnbb.org.br\/cnbb-app\/wp\/v2\/posts\/12364\/revisions"}],"wp:attachment":[{"href":"https:\/\/www.cnbb.org.br\/cnbb-app\/wp\/v2\/media?parent=12364"}],"wp:term":[{"taxonomy":"category","embeddable":true,"href":"https:\/\/www.cnbb.org.br\/cnbb-app\/wp\/v2\/categories?post=12364"},{"taxonomy":"post_tag","embeddable":true,"href":"https:\/\/www.cnbb.org.br\/cnbb-app\/wp\/v2\/tags?post=12364"}],"curies":[{"name":"wp","href":"https:\/\/api.w.org\/{rel}","templated":true}]}}