{"id":12365,"date":"2009-04-13T00:00:00","date_gmt":"2009-04-13T03:00:00","guid":{"rendered":"https:\/\/www.cnbb.org.br\/pascoa-e-ressurreicao\/"},"modified":"2009-04-13T00:00:00","modified_gmt":"2009-04-13T03:00:00","slug":"pascoa-e-ressurreicao","status":"publish","type":"post","link":"https:\/\/www.cnbb.org.br\/pascoa-e-ressurreicao\/","title":{"rendered":"P\u00e1scoa e Ressurrei\u00e7\u00e3o"},"content":{"rendered":"<p style=\"text-align: justify\">Paira no ar um sentimento de sil\u00eancio e de paz! Nestes dias do Tr\u00edduo Pascal sente-se, mesmo em nossa sociedade secularizada e despreocupada com a dimens\u00e3o transcendental da pessoa humana, que existe uma expectativa que as celebra\u00e7\u00f5es, apresenta\u00e7\u00f5es e devo\u00e7\u00f5es se fazem esperar neste tempo especial.<\/p>\n<p>  <!--more-->  <\/p>\n<p style=\"text-align: justify\">Conclu\u00eddo o tempo da Quaresma vivemos o Tr\u00edduo Pascal e iniciamos o Tempo da P\u00e1scoa, que nos acompanhar\u00e1 pelos pr\u00f3ximos cinquenta dias. O sil\u00eancio contemplativo destes dias irrompe na alegria pascal na noite da Grande Vig\u00edlia.<\/p>\n<p style=\"text-align: justify\">Ansiamos por tempos melhores, mundo mais humano e fraterno, maior seguran\u00e7a e respeito com a vida humana em todas as suas fases, respeito pelo outro sem intoler\u00e2ncias ou xenofobias, procurando a unidade na diversidade.<\/p>\n<p style=\"text-align: justify\">As not\u00edcias de mortes, chacinas, roubos, crimes nos machucam a cada dia. Parece que estamos em uma disputa sobre quem comete mais maldades. Estamos como os disc\u00edpulos de Ema\u00fas, que deixam Jerusal\u00e9m para tr\u00e1s e tentam voltar para casa, para seus afazeres achando que tudo n\u00e3o passou de ilus\u00e3o e nada se pode fazer contra o mal.<\/p>\n<p style=\"text-align: justify\">Muitos se entregam ao des\u00e2nimo diante das situa\u00e7\u00f5es de crises mundiais, diante do furor maldoso contra a vida em todos os cantos. Hoje, quando a Igreja al\u00e9m das persegui\u00e7\u00f5es que j\u00e1 existem experimenta tamb\u00e9m a rejei\u00e7\u00e3o em lugares de antiga tradi\u00e7\u00e3o cat\u00f3lica que devem sua cultura e seus valores \u00e0 miss\u00e3o evangelizadora dos crist\u00e3os, corremos o risco de n\u00e3o encontrar caminhos de esperan\u00e7a.<\/p>\n<p style=\"text-align: justify\">\u00c9 justamente o grande momento da P\u00e1scoa, quando n\u00e3o s\u00f3 uma esperan\u00e7a renasce, mas principalmente se concretiza ao anunciar que a morte foi vencida, o pr\u00edncipe deste mundo foi expulso e o t\u00famulo com sua pedra que fechava foi aberto! Aquilo que parecia imposs\u00edvel tornou-se poss\u00edvel!<\/p>\n<p style=\"text-align: justify\">Compreendemos as duas atitudes dos ap\u00f3stolos nesses dias: de susto diante do fato que, embora anunciado, demoraram em compreender, e a alegria profunda do encontro com Jesus, o Cristo, Ressuscitado! Tornam-se seus mission\u00e1rios, levando essa boa not\u00edcia, com todas as conseq\u00fc\u00eancias, pelo mundo inteiro.<\/p>\n<p style=\"text-align: justify\">Tamb\u00e9m hoje, caros irm\u00e3os e irm\u00e3s, temos necessidade dessas pessoas que, encontrando com Cristo Ressuscitado, tornam-se seus mensageiros alegres e, como os disc\u00edpulos de Ema\u00fas, come\u00e7am a meditar sobre os \u00faltimos fatos ocorridos: \u201cn\u00e3o sentimos nosso cora\u00e7\u00e3o arder quando nos falava das Escrituras e nossos olhos se abrirem quando partiu o P\u00e3o?\u201d<\/p>\n<p style=\"text-align: justify\">Com o encontro e com o cora\u00e7\u00e3o e olhos abertos, eles retornam para a miss\u00e3o \u2013 ir\u00e3o compartilhar com a comunidade sua experi\u00eancia, e a comunidade de Jerusal\u00e9m sair\u00e1 pelo mundo anunciando que outro mundo, mais justo, mais humano e mais fraterno come\u00e7a a existir no cora\u00e7\u00e3o daqueles que aceitam Jesus Cristo como seu Salvador e Senhor e que, com entusiasmo renovado, contagiam a atual sociedade com as alegrias e certezas da vida nova em Cristo.<\/p>\n<p style=\"text-align: justify\">Sim, eis o nosso an\u00fancio, que coloca no horizonte as alegrias pascais! Cantemos, afinal, pois o Senhor ressuscitou! Com ele, tamb\u00e9m n\u00f3s fazemos P\u00e1scoa \u2013 passamos da morte para a Vida e temos certeza de que podemos juntos construir uma sociedade sem medos e sem viol\u00eancias, respeitando a diversidade e construindo a solidariedade.<\/p>\n<p style=\"text-align: justify\">Acreditamos num mundo novo que nasce do evento da Ressurrei\u00e7\u00e3o! Cada um de n\u00f3s que com Cristo ressuscita para uma nova vida torna-se, com a sua comunidade, sinal de que a Vida \u00e9 a \u00faltima palavra e que podemos ter esperan\u00e7a e confian\u00e7a. N\u00e3o somos um povo derrotado e encurralado diante de um mundo cruel; somos a vanguarda desse mundo que todos querem e sonham, mas que nem todos sabem por qual caminho trilhar. Somos aqueles que prop\u00f5em essa caminhada e tornam-se exemplos de transforma\u00e7\u00e3o, de alegria e de esperan\u00e7a.<\/p>\n<p style=\"text-align: justify\">\u00d3 noite testemunha desse grande momento, que fez com que as trevas sumissem do cora\u00e7\u00e3o dos homens, que se tornou t\u00e3o clara como o dia! \u00d3 dia bendito, que os seguidores de Jesus Cristo, em meio \u00e0 confus\u00e3o de not\u00edcias, come\u00e7am a encontr\u00e1-Lo! \u00d3 alegria de saber e experimentar que tamb\u00e9m hoje Ele est\u00e1 vivo e ressuscitado entre n\u00f3s e \u00e9 toda a nossa esperan\u00e7a!<\/p>\n<p style=\"text-align: justify\">O convite da Igreja \u00e9 para que todos mergulhemos nesse clima pascal e bebendo dessa fonte deixemo-nos conduzir pelos caminhos da Ressurrei\u00e7\u00e3o por todos os dias que se seguem! Abri os cora\u00e7\u00f5es para Ele e deixai-O habitar em nossas vidas! Sejamos os alegres anunciadores do Seu Reino!<\/p>\n<p style=\"text-align: justify\">Enxerguemos no horizonte o raiar do oitavo dia e levemos no cora\u00e7\u00e3o essa alegria transbordante que, derramada pelas pra\u00e7as e avenidas em todas as casas e cora\u00e7\u00f5es, pode transformar nossa realidade.<\/p>\n<p style=\"text-align: justify\">\u00c9 P\u00e1scoa! \u00c9 a grande not\u00edcia que perpassa os s\u00e9culos e se atualiza hoje em nossas vidas e na vida do mundo! Existe uma resposta para a vida e os problemas da humanidade: \u00e9 Jesus Cristo Ressuscitado!<\/p>\n<p style=\"text-align: justify\">Eu desejo que todos \u201cfa\u00e7am P\u00e1scoa\u201d, vivam a P\u00e1scoa, sejam libertos das amarras do mal e experimentem a vida nova em Cristo. Olhem para o horizonte com confian\u00e7a e esperan\u00e7a. Somos o povo da alian\u00e7a e da esperan\u00e7a! Somos os anunciadores de uma nova humanidade.<\/p>\n<p style=\"text-align: justify\">Feliz P\u00e1scoa a todos!<\/p>\n<h4 style=\"text-align: right\">Dom Orani Jo\u00e3o Tempesta<\/h4>\n","protected":false},"excerpt":{"rendered":"<p>Paira no ar um sentimento de sil\u00eancio e de paz! Nestes dias do Tr\u00edduo Pascal sente-se, mesmo em nossa sociedade secularizada e despreocupada com a dimens\u00e3o transcendental da pessoa humana, que existe uma expectativa que as celebra\u00e7\u00f5es, apresenta\u00e7\u00f5es e devo\u00e7\u00f5es se fazem esperar neste tempo especial.<\/p>\n","protected":false},"author":83,"featured_media":0,"comment_status":"open","ping_status":"open","sticky":false,"template":"","format":"standard","meta":{"site-sidebar-layout":"default","site-content-layout":"default","ast-global-header-display":"","ast-banner-title-visibility":"","ast-main-header-display":"","ast-hfb-above-header-display":"","ast-hfb-below-header-display":"","ast-hfb-mobile-header-display":"","site-post-title":"","ast-breadcrumbs-content":"","ast-featured-img":"","footer-sml-layout":"","theme-transparent-header-meta":"","adv-header-id-meta":"","stick-header-meta":"","header-above-stick-meta":"","header-main-stick-meta":"","header-below-stick-meta":""},"categories":[758],"tags":[],"acf":[],"_links":{"self":[{"href":"https:\/\/www.cnbb.org.br\/cnbb-app\/wp\/v2\/posts\/12365"}],"collection":[{"href":"https:\/\/www.cnbb.org.br\/cnbb-app\/wp\/v2\/posts"}],"about":[{"href":"https:\/\/www.cnbb.org.br\/cnbb-app\/wp\/v2\/types\/post"}],"author":[{"embeddable":true,"href":"https:\/\/www.cnbb.org.br\/cnbb-app\/wp\/v2\/users\/83"}],"replies":[{"embeddable":true,"href":"https:\/\/www.cnbb.org.br\/cnbb-app\/wp\/v2\/comments?post=12365"}],"version-history":[{"count":0,"href":"https:\/\/www.cnbb.org.br\/cnbb-app\/wp\/v2\/posts\/12365\/revisions"}],"wp:attachment":[{"href":"https:\/\/www.cnbb.org.br\/cnbb-app\/wp\/v2\/media?parent=12365"}],"wp:term":[{"taxonomy":"category","embeddable":true,"href":"https:\/\/www.cnbb.org.br\/cnbb-app\/wp\/v2\/categories?post=12365"},{"taxonomy":"post_tag","embeddable":true,"href":"https:\/\/www.cnbb.org.br\/cnbb-app\/wp\/v2\/tags?post=12365"}],"curies":[{"name":"wp","href":"https:\/\/api.w.org\/{rel}","templated":true}]}}