{"id":12369,"date":"2009-03-16T00:00:00","date_gmt":"2009-03-16T03:00:00","guid":{"rendered":"https:\/\/www.cnbb.org.br\/a-visita-a-africa\/"},"modified":"2009-03-16T00:00:00","modified_gmt":"2009-03-16T03:00:00","slug":"a-visita-a-africa","status":"publish","type":"post","link":"https:\/\/www.cnbb.org.br\/a-visita-a-africa\/","title":{"rendered":"A visita \u00e0 Africa"},"content":{"rendered":"<p style=\"text-align: justify\">O Papa ir\u00e1 visitar, a partir desta segunda-feira at\u00e9 o pr\u00f3ximo domingo, dois pa\u00edses da \u00c1frica: Camar\u00f5es e Angola, para, como ele mesmo disse, \u201cmanifestar minha concreta proximidade e da Igreja aos crist\u00e3os e \u00e0s popula\u00e7\u00f5es daquele continente que me \u00e9 particularmente querido\u201d.<\/p>\n<p>  <!--more-->  <\/p>\n<p style=\"text-align: justify\">Nesta semana que passei em Roma, no Semin\u00e1rio do Pontif\u00edcio Conselho das Comunica\u00e7\u00f5es Sociais, vi com entusiasmo a participa\u00e7\u00e3o maci\u00e7a dos pa\u00edses africanos em nossas reuni\u00f5es, com interesse, interven\u00e7\u00f5es e busca de solu\u00e7\u00f5es nessa prospectiva de olhar o futuro da humanidade e a nossa responsabilidade comunicacional diante disso.<\/p>\n<p style=\"text-align: justify\">A Igreja presente no mundo inteiro \u00e9 de maneira especial visibilizada nessas reuni\u00f5es internacionais, como nesse caso, em que \u00e9ramos 83 pa\u00edses representados.<\/p>\n<p style=\"text-align: justify\">Neste ano acontecer\u00e1 tamb\u00e9m o S\u00ednodo dos Bispos sobre a \u00c1frica, com o tema: \u201cA Igreja na \u00c1frica, ao servi\u00e7o da reconcilia\u00e7\u00e3o e da paz\u201d, quando esse assunto t\u00e3o importante para o mundo (basta ver a semelhan\u00e7a do tema com a nossa atual Campanha da Fraternidade) necessita ser aprofundado e principalmente vivido.<\/p>\n<p style=\"text-align: justify\">As guerras fratricidas ocorrem em todos os lugares, \u00e0s vezes declaradas e outras vezes n\u00e3o, mas elas est\u00e3o a\u00ed, onde os irm\u00e3os matam os irm\u00e3os! A humanidade ainda n\u00e3o aprendeu a Palavra que Jesus trouxe ao mundo; a palavra de perd\u00e3o, de reconcilia\u00e7\u00e3o e, principalmente, do \u201camai-vos uns aos outros\u201d!<\/p>\n<p style=\"text-align: justify\">Vejo como a Igreja presente no mundo a servi\u00e7o da humanidade e da verdade continua sua miss\u00e3o, apesar das dificuldades e, principalmente, da mudan\u00e7a de \u00e9poca em que hoje estamos vivendo. Essa mudan\u00e7a cultural que ocorre no Ocidente grande parte \u00e9 levada adiante pela comunica\u00e7\u00e3o, que divulga uma filosofia hedonista, subjetivista e consumista. Por\u00e9m, n\u00f3s, Igreja, continuamos firmes na preocupa\u00e7\u00e3o com a vida, a paz, a fam\u00edlia e a reconcilia\u00e7\u00e3o.<\/p>\n<p style=\"text-align: justify\">Estava justamente pensando nisso ao ver a quantidade de bispos e arcebispos africanos presentes em nosso Semin\u00e1rio, al\u00e9m dos demais continentes e pa\u00edses (tamb\u00e9m da China), discutindo o papel de um trabalho prospectivo, pensando em uma cultura de paz.<\/p>\n<p style=\"text-align: justify\">Este \u00e9 um sinal que o mundo faz quest\u00e3o de n\u00e3o ver. O mundo esqueceu-se da \u00c1frica e agora, com a crise, isolou-a muito mais, deixando-a com as guerras, doen\u00e7as e fome, ao contr\u00e1rio da Igreja, que deu uma aten\u00e7\u00e3o especial aos seus filhos na \u00c1frica e continua procurando construir a fraternidade atrav\u00e9s da prega\u00e7\u00e3o e da presen\u00e7a no social. Enquanto muitos governantes n\u00e3o conhecem a \u00c1frica e manifestam assombro ao conhec\u00ea-la, a Igreja continua enviando pessoas que, com sua disponibilidade, ajudaram e est\u00e3o ajudando a \u00c1frica a caminhar melhor. Veja-se que tivemos dois cardeais africanos como presidentes de duas importantes congrega\u00e7\u00f5es romanas (Liturgia e Bispos), al\u00e9m de tantos outros cargos.<\/p>\n<p style=\"text-align: justify\">Assim como a \u00c1frica necessita de paz e reconcilia\u00e7\u00e3o, acredito que tamb\u00e9m n\u00f3s no Brasil, em especial neste tempo da Quaresma, somos chamados a nos questionar sobre os passos que estamos dando para que a nossa atual Campanha da Fraternidade, sobre seguran\u00e7a p\u00fablica, seja realmente uma proposta efetiva de paz como fruto de verdadeira justi\u00e7a.<\/p>\n<p style=\"text-align: justify\">Por\u00e9m, sabemos que a viol\u00eancia n\u00e3o \u00e9 nosso privil\u00e9gio \u2013 basta ver os \u00faltimos acontecimentos em pa\u00edses que n\u00e3o s\u00e3o classificados como problem\u00e1ticos nas quest\u00f5es sociais de subsist\u00eancia.<\/p>\n<p style=\"text-align: justify\">A Igreja trabalha universalmente, pensando e servindo a todos, buscando levar adiante com entusiasmo e coragem a mensagem do Cristo que veio para que \u201ctodos tenham vida e a tenham em plenitude\u201d.<\/p>\n<p style=\"text-align: justify\">Apesar de toda propaganda contr\u00e1ria, a Igreja, perita em humanidade, continua a sua trajet\u00f3ria de estar comprometida com as pessoas e todas as na\u00e7\u00f5es, buscando levar vida para todos. Essa universalidade, mais do que um nome, \u00e9 uma realidade para a nossa Igreja no interesse do bem comum e preocupada para que todos tenham vida em abund\u00e2ncia.<\/p>\n<p style=\"text-align: justify\">Ao contemplarmos mais essa visita do Santo Padre \u00e0 \u00c1frica nesses pr\u00f3ximos dias, reflitamos tamb\u00e9m sobre a grande miss\u00e3o a ele confiada \u2013 de conduzir com firmeza o barco de Pedro nas turbulentas \u00e1guas atuais.<\/p>\n<h4 style=\"text-align: right\">Dom Orani Jo\u00e3o Tempesta<\/h4>\n","protected":false},"excerpt":{"rendered":"<p>O Papa ir\u00e1 visitar, a partir desta segunda-feira at\u00e9 o pr\u00f3ximo domingo, dois pa\u00edses da \u00c1frica: Camar\u00f5es e Angola, para, como ele mesmo disse, \u201cmanifestar minha concreta proximidade e da Igreja aos crist\u00e3os e \u00e0s popula\u00e7\u00f5es daquele continente que me \u00e9 particularmente querido\u201d.<\/p>\n","protected":false},"author":83,"featured_media":0,"comment_status":"open","ping_status":"open","sticky":false,"template":"","format":"standard","meta":{"site-sidebar-layout":"default","site-content-layout":"default","ast-global-header-display":"","ast-banner-title-visibility":"","ast-main-header-display":"","ast-hfb-above-header-display":"","ast-hfb-below-header-display":"","ast-hfb-mobile-header-display":"","site-post-title":"","ast-breadcrumbs-content":"","ast-featured-img":"","footer-sml-layout":"","theme-transparent-header-meta":"","adv-header-id-meta":"","stick-header-meta":"","header-above-stick-meta":"","header-main-stick-meta":"","header-below-stick-meta":""},"categories":[758],"tags":[],"acf":[],"_links":{"self":[{"href":"https:\/\/www.cnbb.org.br\/cnbb-app\/wp\/v2\/posts\/12369"}],"collection":[{"href":"https:\/\/www.cnbb.org.br\/cnbb-app\/wp\/v2\/posts"}],"about":[{"href":"https:\/\/www.cnbb.org.br\/cnbb-app\/wp\/v2\/types\/post"}],"author":[{"embeddable":true,"href":"https:\/\/www.cnbb.org.br\/cnbb-app\/wp\/v2\/users\/83"}],"replies":[{"embeddable":true,"href":"https:\/\/www.cnbb.org.br\/cnbb-app\/wp\/v2\/comments?post=12369"}],"version-history":[{"count":0,"href":"https:\/\/www.cnbb.org.br\/cnbb-app\/wp\/v2\/posts\/12369\/revisions"}],"wp:attachment":[{"href":"https:\/\/www.cnbb.org.br\/cnbb-app\/wp\/v2\/media?parent=12369"}],"wp:term":[{"taxonomy":"category","embeddable":true,"href":"https:\/\/www.cnbb.org.br\/cnbb-app\/wp\/v2\/categories?post=12369"},{"taxonomy":"post_tag","embeddable":true,"href":"https:\/\/www.cnbb.org.br\/cnbb-app\/wp\/v2\/tags?post=12369"}],"curies":[{"name":"wp","href":"https:\/\/api.w.org\/{rel}","templated":true}]}}