{"id":12378,"date":"2009-10-05T00:00:00","date_gmt":"2009-10-05T03:00:00","guid":{"rendered":"https:\/\/www.cnbb.org.br\/e-possivel-fazer-melhor\/"},"modified":"2009-10-05T00:00:00","modified_gmt":"2009-10-05T03:00:00","slug":"e-possivel-fazer-melhor","status":"publish","type":"post","link":"https:\/\/www.cnbb.org.br\/e-possivel-fazer-melhor\/","title":{"rendered":"\u00c9 poss\u00edvel fazer melhor"},"content":{"rendered":"<p style=\"text-align: justify\">Ao iniciar o novo ano, sempre com novas esperan\u00e7as e com vontade que fazer melhor, tivemos tamb\u00e9m a posse dos prefeitos e vereadores. Ao ouvir o juramento feito de, al\u00e9m de obedecer \u00e0s leis, juravam promover uma sociedade justa, igualit\u00e1ria e livre, pensei que de certa forma coincide em alguns aspectos com o objetivo geral da a\u00e7\u00e3o evangelizadora.<\/p>\n<p>  <!--more-->  <\/p>\n<p style=\"text-align: justify\">A preocupa\u00e7\u00e3o com o povo, para que viva melhor em uma sociedade mais justa tem muita coisa em comum com as v\u00e1rias entidades governamentais ou n\u00e3o que est\u00e3o a servi\u00e7o da popula\u00e7\u00e3o.<\/p>\n<p style=\"text-align: justify\">Em um dos discursos de um vereador l\u00edder de partido disse que gostaria de colocar em pr\u00e1tica seus sonhos pelos quais chegou at\u00e9 ali, ouvi tamb\u00e9m de outro a declara\u00e7\u00e3o dos limites que todos t\u00eam, muitas vezes querendo resolver tudo e n\u00e3o podendo.<\/p>\n<p style=\"text-align: justify\">Estou com esses pensamentos a meditar durante estes primeiros dias do novo ano. Vejo que todos t\u00eam vontade de que tudo seja melhor! Alguns juraram que assim iriam fazer para o bem do povo, mesmo reconhecendo que existe uma diferen\u00e7a entre os ideais e a realidade. Eu acredito na sinceridade das pessoas quando fazem suas declara\u00e7\u00f5es e iniciam um novo trabalho.<\/p>\n<p style=\"text-align: justify\">Depois de tantas legislaturas e tantos trabalhos efetuados em nossas cidades, o que acontece conosco que o abismo social \u00e9 t\u00e3o grande e as necessidades de uma vida mais justa e com direito \u00e0 sa\u00fade, educa\u00e7\u00e3o com qualidade, habita\u00e7\u00e3o digna, emprego e sal\u00e1rio, lazer e busca do transcendente ainda est\u00e3o longe de acontecer? O que impede que as coisas aconte\u00e7am?<\/p>\n<p style=\"text-align: justify\">N\u00e3o \u00e9 bom fazer compara\u00e7\u00f5es, pois a hist\u00f3ria e cultura s\u00e3o outras, mas por que em outros pa\u00edses, at\u00e9 mesmo com dificuldades econ\u00f4micas maiores que as nossas, a dignidade de vida e o estilo de relacionamento s\u00e3o totalmente diferentes? N\u00e3o precisar\u00edamos ir para o norte da Europa para comparar, mas ficar mesmo por aqui, com nossos vizinhos.<\/p>\n<p style=\"text-align: justify\">Muitos estar\u00e3o respondendo no seu interior e pensando em seu cora\u00e7\u00e3o sobre a corrup\u00e7\u00e3o, interesses pessoais, desvios, ego\u00edsmos e coisas parecidas. Sim, \u00e9 verdade tanto aqui como tamb\u00e9m em outros lugares, mas para isso existe o Poder Judici\u00e1rio. Ali\u00e1s, eu iria mais longe: isso demonstra o tipo de educa\u00e7\u00e3o formal e informal que fomos recebendo no decorrer de nossas vidas, e aonde tudo isso nos conduziu. Muitos aprenderam a andar por esses caminhos e descobriram que \u201cdeu certo\u201d, pois, impunes, continuam da mesma maneira.<\/p>\n<p style=\"text-align: justify\">Quando fizemos nosso gesto concreto na Campanha da Fraternidade sobre a Amaz\u00f4nia, colocando \u00e1gua pot\u00e1vel em tr\u00eas ilhas com a porcentagem do dinheiro ofertado no Domingo de Ramos, que ficou para o Fundo Social Arquidiocesano, vi que n\u00e3o eram necess\u00e1rias grandes somas para resolver problemas seculares. Com a nossa pobreza e parcos recursos precisamos fazer parcerias, mas chegamos a um ponto que n\u00e3o tem mais volta, procurando novas parcerias para continuar em outras ilhas.<\/p>\n<p style=\"text-align: justify\">Com essa experi\u00eancia vi que muitas vezes a quest\u00e3o se trata de op\u00e7\u00e3o e equacionamento do problema a ser resolvido. O mesmo que necessitamos para a quest\u00e3o da paz em nosso pa\u00eds. Necessitamos de passos a curto, m\u00e9dio e longo prazo.<\/p>\n<p style=\"text-align: justify\">\u00c9 verdade que tamb\u00e9m aqui, em geral, quando ocorrem mudan\u00e7as na condu\u00e7\u00e3o das cidades \u00e9 dif\u00edcil que o sucessor leve adiante as obras do outro, querendo iniciar tudo de novo e deixando as outras obras inacabadas.<\/p>\n<p style=\"text-align: justify\">Pensei tamb\u00e9m que muitas vezes grupos eleitos n\u00e3o estariam no governo para ajudar o povo e sim para ser contra o que est\u00e1 governando, e n\u00e3o se interessaria pelo bem do munic\u00edpio votando leis que ajudariam pelo simples fato de que isso daria prest\u00edgio ao advers\u00e1rio. \u00c9 a pol\u00edtica n\u00e3o pensando no bem comum do povo e sim somente no pr\u00f3prio poder.<\/p>\n<p style=\"text-align: justify\">Temos tamb\u00e9m as implica\u00e7\u00f5es internacionais com a quest\u00e3o do com\u00e9rcio e ind\u00fastria, al\u00e9m das crises que importamos ou que nos invadem vindas de outros cantos do mundo. Mas temos tamb\u00e9m toda uma press\u00e3o internacional para dar passos ecologicamente corretos e, ao mesmo tempo, que leve o desenvolvimento em nossa regi\u00e3o amaz\u00f4nica para que o povo viva com dignidade.<\/p>\n<p style=\"text-align: justify\">Teremos daqui a alguns dias aqui em Bel\u00e9m o F\u00f3rum Social Mundial, al\u00e9m dos pr\u00e9-f\u00f3runs e demais congressos (creio que mais de 10) que estar\u00e3o ocorrendo em nossa capital neste janeiro diferente, em que, neste ano, as chuvas n\u00e3o ser\u00e3o a principal not\u00edcia, mas sim a movimenta\u00e7\u00e3o social.<\/p>\n<p style=\"text-align: justify\">A proposta de \u201cum outro mundo poss\u00edvel\u201d deve nos questionar tamb\u00e9m para um outro tipo de trabalho poss\u00edvel em nossas cidades para que privilegiemos o que leva as pessoas a viverem com mais dignidade e a termos uma cidade justa, livre e igualit\u00e1ria.<\/p>\n<p style=\"text-align: justify\">Come\u00e7amos o nosso tempo chuvoso e que chamamos de \u201cinverno\u201d. Nessa \u00e9poca, em outros lugares do mundo o tempo faz com que as pessoas fiquem mais em casa, e isso ajuda a refletir. Que este tempo chuvoso e \u201cinvernal\u201d da Regi\u00e3o Norte nos ajude a refletir sobre que passos poder\u00edamos dar para que a curto, m\u00e9dio e longo prazo construamos um sociedade em que os direitos humanos estejam presentes e as pessoas tenham o necess\u00e1rio para viver bem. Assim, estar\u00edamos colocando em pr\u00e1tica todos os votos formulados por ocasi\u00e3o do ano novo.<\/p>\n<p style=\"text-align: justify\">Que o Senhor nos inspire e ajude com a sua gra\u00e7a e d\u00ea sabedoria a todos os que t\u00eam essas responsabilidades<\/p>\n<h4 style=\"text-align: right\">Dom Orani Jo\u00e3o Tempesta<\/h4>\n","protected":false},"excerpt":{"rendered":"<p>Ao iniciar o novo ano, sempre com novas esperan\u00e7as e com vontade que fazer melhor, tivemos tamb\u00e9m a posse dos prefeitos e vereadores. Ao ouvir o juramento feito de, al\u00e9m de obedecer \u00e0s leis, juravam promover uma sociedade justa, igualit\u00e1ria e livre, pensei que de certa forma coincide em alguns aspectos com o objetivo geral &hellip;<\/p>\n<p class=\"read-more\"> <a class=\"\" href=\"https:\/\/www.cnbb.org.br\/e-possivel-fazer-melhor\/\"> <span class=\"screen-reader-text\">\u00c9 poss\u00edvel fazer melhor<\/span> Leia mais &raquo;<\/a><\/p>\n","protected":false},"author":83,"featured_media":0,"comment_status":"open","ping_status":"open","sticky":false,"template":"","format":"standard","meta":{"site-sidebar-layout":"default","site-content-layout":"default","ast-global-header-display":"","ast-banner-title-visibility":"","ast-main-header-display":"","ast-hfb-above-header-display":"","ast-hfb-below-header-display":"","ast-hfb-mobile-header-display":"","site-post-title":"","ast-breadcrumbs-content":"","ast-featured-img":"","footer-sml-layout":"","theme-transparent-header-meta":"","adv-header-id-meta":"","stick-header-meta":"","header-above-stick-meta":"","header-main-stick-meta":"","header-below-stick-meta":""},"categories":[758],"tags":[],"acf":[],"_links":{"self":[{"href":"https:\/\/www.cnbb.org.br\/cnbb-app\/wp\/v2\/posts\/12378"}],"collection":[{"href":"https:\/\/www.cnbb.org.br\/cnbb-app\/wp\/v2\/posts"}],"about":[{"href":"https:\/\/www.cnbb.org.br\/cnbb-app\/wp\/v2\/types\/post"}],"author":[{"embeddable":true,"href":"https:\/\/www.cnbb.org.br\/cnbb-app\/wp\/v2\/users\/83"}],"replies":[{"embeddable":true,"href":"https:\/\/www.cnbb.org.br\/cnbb-app\/wp\/v2\/comments?post=12378"}],"version-history":[{"count":0,"href":"https:\/\/www.cnbb.org.br\/cnbb-app\/wp\/v2\/posts\/12378\/revisions"}],"wp:attachment":[{"href":"https:\/\/www.cnbb.org.br\/cnbb-app\/wp\/v2\/media?parent=12378"}],"wp:term":[{"taxonomy":"category","embeddable":true,"href":"https:\/\/www.cnbb.org.br\/cnbb-app\/wp\/v2\/categories?post=12378"},{"taxonomy":"post_tag","embeddable":true,"href":"https:\/\/www.cnbb.org.br\/cnbb-app\/wp\/v2\/tags?post=12378"}],"curies":[{"name":"wp","href":"https:\/\/api.w.org\/{rel}","templated":true}]}}