{"id":12388,"date":"2009-07-03T00:00:00","date_gmt":"2009-07-03T03:00:00","guid":{"rendered":"https:\/\/www.cnbb.org.br\/sempre-a-unidade\/"},"modified":"2009-07-03T00:00:00","modified_gmt":"2009-07-03T03:00:00","slug":"sempre-a-unidade","status":"publish","type":"post","link":"https:\/\/www.cnbb.org.br\/sempre-a-unidade\/","title":{"rendered":"Sempre a unidade"},"content":{"rendered":"<p style=\"text-align: justify\">Nesses dias estou em Roma participando das solenidades de S\u00e3o Pedro e de S\u00e3o Paulo, que tiveram o seu ponto m\u00e1ximo na recep\u00e7\u00e3o do P\u00e1lio Arquiepiscopal, s\u00edmbolo vis\u00edvel do novo servi\u00e7o que, com alegria, em 19 de abril passado, assumi frente \u00e0 Arquidiocese de S\u00e3o Sebasti\u00e3o do Rio de Janeiro.<\/p>\n<p>  <!--more-->  <\/p>\n<p style=\"text-align: justify\">Sim, o Santo Padre Bento XVI, ao reafirmar pessoalmente a import\u00e2ncia da Igreja que peregrina no Rio de Janeiro, nos deu tamb\u00e9m uma grande responsabilidade. Uma Igreja Metropolitana em que o Arcebispo, carregando sob o seu ombro um tecido de l\u00e3, que a partir de carneiros apresentados na festa de Santa In\u00eas, para que, com a retirada da sua l\u00e3, fosse confeccionada esta significativa pe\u00e7a lit\u00fargica para o Metropolita utilizar ao presidir as celebra\u00e7\u00f5es em sua prov\u00edncia eclesi\u00e1stica, como s\u00edmbolo da unidade e do pastoreio.<\/p>\n<p style=\"text-align: justify\">O Santo Padre Bento XVI sublinhou a figura do Bispo pastor e defensor do povo de Deus, que procura ver pessoas e realidades do ponto de vista de Deus, vivendo e testemunhando a Palavra e a f\u00e9, procurando aprofundar a raz\u00e3o da esperan\u00e7a. Estas foram as linhas fundamentais da densa homilia de Bento XVI na missa daquela manh\u00e3, partindo da 1\u00aa Carta de S\u00e3o Pedro \u2013 &#8220;texto riqu\u00edssimo, que provem do cora\u00e7\u00e3o e toca o cora\u00e7\u00e3o&#8221; \u2013 disse. &#8220;O que \u00e9 que nos diz S\u00e3o Pedro (nessa sua primeira Carta) sobre a tarefa do padre, precisamente neste Ano sacerdotal \u2013, interrogou-se o Papa. &#8220;Antes de qualquer coisa fez notar, ele compreende o minist\u00e9rio sacerdotal totalmente a partir de Cristo&#8221;. Chama a Cristo o &#8220;pastor e defensor&#8230; das almas&#8221;. A palavra traduzida por &#8220;defensor&#8221; \u2013 advertiu \u2013 no texto grego \u00e9 &#8220;epi scopos&#8221; (bispo), palavra que tem na sua raiz o verbo &#8220;ver&#8221;, ser vigilante, n\u00e3o no sentido externo, mas um ver do alto, das alturas de Deus, na perspectiva de Deus. Por isso, &#8220;Cristo \u00e9 o bispo das almas, diz-nos Pedro. Isso significa: Ele v\u00ea na perspectiva de Deus! Olhando a partir de Deus, tem-se uma vis\u00e3o de conjunto, veem-se os perigos, assim como tamb\u00e9m as esperan\u00e7as e possibilidades. Na perspectiva de Deus, v\u00ea-se a ess\u00eancia, v\u00ea-se o homem interior&#8221;.<\/p>\n<p style=\"text-align: justify\">Acerca da miss\u00e3o do Bispo, o Papa lembrou aos Arcebispos que \u00e9 tarefa do Bispo, como pastor pr\u00f3prio de sua Igreja Particular, apascentar o rebanho, iluminado pela Palavra de Deus, que \u00e9 o nutrimento de que o homem tem necessidade. Assim, o Pastor deve tamb\u00e9m saber resistir aos inimigos, aos lobos. Deve caminhar \u00e0 frente, indicar o caminho, manter a unidade do rebanho. Continua Bento XVI: &#8220;N\u00e3o basta falar. Os Pastores devem tornar-se modelos do rebanho. A palavra de Deus, quando \u00e9 vivida, \u00e9 trazida do passado para o presente. \u00c9 maravilhoso ver como nos santos a Palavra de Deus se torna uma palavra dirigida ao nosso tempo. Vemos claramente isso em figuras como Francisco e depois de novo no Padre Pio e muitos outros. Cristo torna-se verdadeiramente contempor\u00e2neo da sua gera\u00e7\u00e3o, saiu do passado e entrou no presente. Ser pastor \u2013 modelo do rebanho \u2013 significa viver agora a Palavra na grande comunidade da santa Igreja&#8221;.<\/p>\n<p style=\"text-align: justify\">Bento XVI nos lembrou da necessidade de refor\u00e7ar que a f\u00e9 crist\u00e3 \u00e9 a esperan\u00e7a. &#8220;A f\u00e9 crist\u00e3 \u00e9 esperan\u00e7a. Abre o caminho para o futuro. E \u00e9 uma esperan\u00e7a que possui razoabilidade. \u00c9 uma esperan\u00e7a cuja raz\u00e3o podemos e devemos expor. A f\u00e9 prov\u00e9m da Raz\u00e3o eterna que entrou no nosso mundo e nos mostrou o verdadeiro Deus. Vai para al\u00e9m da capacidade pr\u00f3pria da nossa raz\u00e3o, assim como o amor v\u00ea mais do que a simples intelig\u00eancia&#8221;.<\/p>\n<p style=\"text-align: justify\">O Santo Padre nos lembra da necessidade de compreender a f\u00e9 de maneira plena. N\u00e3o uma religi\u00e3o por tradi\u00e7\u00e3o, mas uma f\u00e9 que d\u00ea respostas \u00e0s perguntas do mundo moderno. A f\u00e9 exige a nossa participa\u00e7\u00e3o racional, que se aprofunda e se purifica numa partilha de amor. Faz parte dos nossos deveres como Pastores penetrar a f\u00e9 com o pensamento para estarmos em condi\u00e7\u00f5es de mostrar a raz\u00e3o da nossa esperan\u00e7a na disputa de nosso tempo. &#8220;Se no Sacramento encontramos o Senhor; se na ora\u00e7\u00e3o falamos com Ele; se nas decis\u00f5es do quotidiano aderimos a Cristo, ent\u00e3o vemos cada vez mais quanto Ele \u00e9 bom. Da\u00ed experimentamos que \u00e9 bom estar com Ele! \u00c9 dessa certeza vivida que deriva depois a capacidade de comunicar aos outros a f\u00e9, de modo cred\u00edvel. O Cura d\u00b4Ars tinha a intimidade orante com o Senhor. Vivia com Ele nas min\u00facias do dia a dia e n\u00e3o apenas nas grandes exig\u00eancias do minist\u00e9rio pastoral. Deste modo se tornou algu\u00e9m que v\u00ea&#8221;.<\/p>\n<p style=\"text-align: justify\">Chamando-nos a purificar as nossas almas com obedi\u00eancia \u00e0 verdade, quero reafirmar minha alegre unidade com o Santo Padre. &#8220;\u00c9 a obedi\u00eancia \u00e0 verdade que torna pura a alma. \u00c9 o conviver com a falsidade que a contamina. A obedi\u00eancia \u00e0 verdade come\u00e7a com as pequenas verdades do dia a dia, que muitas vezes podem ser \u00e1rduas e dolorosas. Esta obedi\u00eancia estende-se depois \u00e0 obedi\u00eancia sem reservas perante a pr\u00f3pria Verdade, que \u00e9 Cristo. Esta obedi\u00eancia torna-nos n\u00e3o s\u00f3 puros, mas, sobretudo, tamb\u00e9m livres para o servi\u00e7o a Cristo e assim para a salva\u00e7\u00e3o do mundo&#8221;.<\/p>\n<h4 style=\"text-align: right\">Dom Orani Jo\u00e3o Tempesta<\/h4>\n","protected":false},"excerpt":{"rendered":"<p>Nesses dias estou em Roma participando das solenidades de S\u00e3o Pedro e de S\u00e3o Paulo, que tiveram o seu ponto m\u00e1ximo na recep\u00e7\u00e3o do P\u00e1lio Arquiepiscopal, s\u00edmbolo vis\u00edvel do novo servi\u00e7o que, com alegria, em 19 de abril passado, assumi frente \u00e0 Arquidiocese de S\u00e3o Sebasti\u00e3o do Rio de Janeiro.<\/p>\n","protected":false},"author":83,"featured_media":0,"comment_status":"open","ping_status":"open","sticky":false,"template":"","format":"standard","meta":{"site-sidebar-layout":"default","site-content-layout":"default","ast-global-header-display":"","ast-banner-title-visibility":"","ast-main-header-display":"","ast-hfb-above-header-display":"","ast-hfb-below-header-display":"","ast-hfb-mobile-header-display":"","site-post-title":"","ast-breadcrumbs-content":"","ast-featured-img":"","footer-sml-layout":"","theme-transparent-header-meta":"","adv-header-id-meta":"","stick-header-meta":"","header-above-stick-meta":"","header-main-stick-meta":"","header-below-stick-meta":""},"categories":[758],"tags":[],"acf":[],"_links":{"self":[{"href":"https:\/\/www.cnbb.org.br\/cnbb-app\/wp\/v2\/posts\/12388"}],"collection":[{"href":"https:\/\/www.cnbb.org.br\/cnbb-app\/wp\/v2\/posts"}],"about":[{"href":"https:\/\/www.cnbb.org.br\/cnbb-app\/wp\/v2\/types\/post"}],"author":[{"embeddable":true,"href":"https:\/\/www.cnbb.org.br\/cnbb-app\/wp\/v2\/users\/83"}],"replies":[{"embeddable":true,"href":"https:\/\/www.cnbb.org.br\/cnbb-app\/wp\/v2\/comments?post=12388"}],"version-history":[{"count":0,"href":"https:\/\/www.cnbb.org.br\/cnbb-app\/wp\/v2\/posts\/12388\/revisions"}],"wp:attachment":[{"href":"https:\/\/www.cnbb.org.br\/cnbb-app\/wp\/v2\/media?parent=12388"}],"wp:term":[{"taxonomy":"category","embeddable":true,"href":"https:\/\/www.cnbb.org.br\/cnbb-app\/wp\/v2\/categories?post=12388"},{"taxonomy":"post_tag","embeddable":true,"href":"https:\/\/www.cnbb.org.br\/cnbb-app\/wp\/v2\/tags?post=12388"}],"curies":[{"name":"wp","href":"https:\/\/api.w.org\/{rel}","templated":true}]}}