{"id":12390,"date":"2009-06-19T00:00:00","date_gmt":"2009-06-19T03:00:00","guid":{"rendered":"https:\/\/www.cnbb.org.br\/missao-permanente\/"},"modified":"2009-06-19T00:00:00","modified_gmt":"2009-06-19T03:00:00","slug":"missao-permanente","status":"publish","type":"post","link":"https:\/\/www.cnbb.org.br\/missao-permanente\/","title":{"rendered":"Miss\u00e3o Permanente"},"content":{"rendered":"<p style=\"text-align: justify\">Estaremos encerrando no final deste m\u00eas o Ano Paulino. Iniciamos na Solenidade do Sagrado Cora\u00e7\u00e3o de Jesus o ano Sacerdotal. Vivemos com entusiasmo o Ano Catequ\u00e9tico. Al\u00e9m dos dias e meses tem\u00e1ticos, a Igreja tem essa tradi\u00e7\u00e3o: de trabalhar um ano com um tema importante para sua vida ou para a vida do mundo. \u00c9 o caso tamb\u00e9m da Campanha da Fraternidade que, mesmo sendo mais intensa na Quaresma, inspira todos os demais temas durante o ano e continua questionando o nosso comportamento durante esse tempo.<\/p>\n<p>  <!--more-->  <\/p>\n<p style=\"text-align: justify\">Se iniciamos o ano Sacerdotal com muitas id\u00e9ias de atividades e celebra\u00e7\u00f5es, e isso \u00e9 ainda um futuro com objetivos a serem atingidos, o ano Paulino sup\u00f5e que fa\u00e7amos um balan\u00e7o sobre os passos que a reflex\u00e3o sobre a vida e miss\u00e3o de S\u00e3o Paulo nos inspirou para que pratic\u00e1ssemos em nossas comunidades.<\/p>\n<p style=\"text-align: justify\">Um dos aspectos que marcam a vida de S\u00e3o Paulo \u00e9 justamente a miss\u00e3o. \u00c9 claro que poder\u00edamos refletir sobre a sua teologia, vis\u00e3o da Igreja, forma\u00e7\u00e3o de comunidades, experi\u00eancia de convers\u00e3o, e tantos outros aspectos desse homem que sintetizou tr\u00eas culturas para traduzir para o seu tempo a Boa Nova de Jesus. A Igreja continuamente sabe que necessita inculturar-se na diversidade de situa\u00e7\u00f5es para pregar o Evangelho (gregos com os gregos, judeus com os judeus, como lembra S\u00e3o Paulo). Al\u00e9m disso, as culturas, que n\u00e3o s\u00e3o est\u00e1ticas como pensam alguns grupos, t\u00eam a oportunidade de crescer ainda mais sem perder suas caracter\u00edsticas, quando se abre ao Evangelho de Jesus Cristo.<\/p>\n<p style=\"text-align: justify\">Neste s\u00e1bado, dia 20 de junho, a nossa Arquidiocese de S\u00e3o Sebasti\u00e3o do Rio de Janeiro, tem a oportunidade de visibilizar a Igreja mission\u00e1ria que todos somos chamados a ser. Enviamos padres, religiosos, religiosas e leigos para a miss\u00e3o em Paranatinga. Durante todo o m\u00eas de julho irm\u00e3os e irm\u00e3s nossos estar\u00e3o servindo \u00e0quela Igreja particular como mission\u00e1rios, e assim partilhando a vida e as preocupa\u00e7\u00f5es. Essa experi\u00eancia de nossa arquidiocese j\u00e1 despertou voca\u00e7\u00f5es para uma miss\u00e3o mais est\u00e1vel e que dure anos. Pouco a pouco vamos experimentando os apelos do Esp\u00edrito Santo que nos faz viver a missionariedade com entusiasmo. Ali\u00e1s, \u00e9 nessa dire\u00e7\u00e3o que chamou a aten\u00e7\u00e3o o Documento e o Evento de Aparecida \u2013 vivermos em estado permanente de miss\u00e3o! Quando trabalhamos junto com o projeto do \u201cBrasil na Miss\u00e3o Continental\u201d pensamos que \u00e9 s\u00f3 para dentro de nossas comunidades! \u00c9 claro que necessitamos viver sempre como mission\u00e1rios, tanto para dentro como para fora de nossas comunidades.<\/p>\n<p style=\"text-align: justify\">Os documentos sobre esse assunto de nossa Confer\u00eancia Episcopal nos animam quando recorda que \u201cdevemos doar de nossa necessidade\u201d, ou seja, n\u00f3s enviamos mission\u00e1rios n\u00e3o porque nos sobram agentes de pastoral, mas repartimos de nossa pobreza. At\u00e9 ficamos com falta desses irm\u00e3os e dessas irm\u00e3s para o trabalho pastoral, mas acreditamos que esse gesto, al\u00e9m de colaborar com as nossas igrejas irm\u00e3s, \u00e9 tamb\u00e9m um sinal para que sejamos ainda mais mission\u00e1rios!<\/p>\n<p style=\"text-align: justify\">O gesto do envio neste s\u00e1bado no Santu\u00e1rio do Cristo Redentor, com a vis\u00e3o deslumbrante do horizonte que se perde no mar ou nas montanhas, \u00e9 a dire\u00e7\u00e3o de nossa vida de crist\u00e3os mission\u00e1rios: uma vez disc\u00edpulos, sempre mission\u00e1rios!<\/p>\n<p style=\"text-align: justify\">Por isso, acredito que, aprendendo com S\u00e3o Paulo, vivemos com muita alegria a dimens\u00e3o mission\u00e1ria seja no interno de nossas comunidades, seja com mission\u00e1rios que s\u00e3o enviados para longe por um certo tempo ou at\u00e9 mesmo para sempre. \u00c9 a nossa vis\u00e3o de Igreja que se amplia e nos questiona.<\/p>\n<p style=\"text-align: justify\">Al\u00e9m desse aspecto geogr\u00e1fico, \u00e9 tamb\u00e9m muito importante que procuremos ser mission\u00e1rios nas novas linguagens e situa\u00e7\u00f5es do mundo de hoje. N\u00e3o s\u00e3o simples e nem f\u00e1ceis os desafios mission\u00e1rios hodiernos. Esse envio arquidiocesano ao findar o ano Paulino \u00e9 uma \u00f3tima oportunidade para que todos n\u00f3s vivamos o envio j\u00e1 recebido no batismo e na crisma e, redescobrindo e reanimando o esp\u00edrito mission\u00e1rio, vivamos com alegria, esperan\u00e7a e generosidade, olhando para os sempre novos horizontes que nos desafiam a seguir mar a dentro!<\/p>\n<h4 style=\"text-align: right\">Dom Orani Jo\u00e3o Tempesta<\/h4>\n","protected":false},"excerpt":{"rendered":"<p>Estaremos encerrando no final deste m\u00eas o Ano Paulino. Iniciamos na Solenidade do Sagrado Cora\u00e7\u00e3o de Jesus o ano Sacerdotal. Vivemos com entusiasmo o Ano Catequ\u00e9tico. Al\u00e9m dos dias e meses tem\u00e1ticos, a Igreja tem essa tradi\u00e7\u00e3o: de trabalhar um ano com um tema importante para sua vida ou para a vida do mundo. \u00c9 &hellip;<\/p>\n<p class=\"read-more\"> <a class=\"\" href=\"https:\/\/www.cnbb.org.br\/missao-permanente\/\"> <span class=\"screen-reader-text\">Miss\u00e3o Permanente<\/span> Leia mais &raquo;<\/a><\/p>\n","protected":false},"author":83,"featured_media":0,"comment_status":"open","ping_status":"open","sticky":false,"template":"","format":"standard","meta":{"site-sidebar-layout":"default","site-content-layout":"default","ast-global-header-display":"","ast-banner-title-visibility":"","ast-main-header-display":"","ast-hfb-above-header-display":"","ast-hfb-below-header-display":"","ast-hfb-mobile-header-display":"","site-post-title":"","ast-breadcrumbs-content":"","ast-featured-img":"","footer-sml-layout":"","theme-transparent-header-meta":"","adv-header-id-meta":"","stick-header-meta":"","header-above-stick-meta":"","header-main-stick-meta":"","header-below-stick-meta":""},"categories":[758],"tags":[],"acf":[],"_links":{"self":[{"href":"https:\/\/www.cnbb.org.br\/cnbb-app\/wp\/v2\/posts\/12390"}],"collection":[{"href":"https:\/\/www.cnbb.org.br\/cnbb-app\/wp\/v2\/posts"}],"about":[{"href":"https:\/\/www.cnbb.org.br\/cnbb-app\/wp\/v2\/types\/post"}],"author":[{"embeddable":true,"href":"https:\/\/www.cnbb.org.br\/cnbb-app\/wp\/v2\/users\/83"}],"replies":[{"embeddable":true,"href":"https:\/\/www.cnbb.org.br\/cnbb-app\/wp\/v2\/comments?post=12390"}],"version-history":[{"count":0,"href":"https:\/\/www.cnbb.org.br\/cnbb-app\/wp\/v2\/posts\/12390\/revisions"}],"wp:attachment":[{"href":"https:\/\/www.cnbb.org.br\/cnbb-app\/wp\/v2\/media?parent=12390"}],"wp:term":[{"taxonomy":"category","embeddable":true,"href":"https:\/\/www.cnbb.org.br\/cnbb-app\/wp\/v2\/categories?post=12390"},{"taxonomy":"post_tag","embeddable":true,"href":"https:\/\/www.cnbb.org.br\/cnbb-app\/wp\/v2\/tags?post=12390"}],"curies":[{"name":"wp","href":"https:\/\/api.w.org\/{rel}","templated":true}]}}