{"id":12391,"date":"2009-06-12T00:00:00","date_gmt":"2009-06-12T03:00:00","guid":{"rendered":"https:\/\/www.cnbb.org.br\/alimentados-caminhemos\/"},"modified":"2009-06-12T00:00:00","modified_gmt":"2009-06-12T03:00:00","slug":"alimentados-caminhemos","status":"publish","type":"post","link":"https:\/\/www.cnbb.org.br\/alimentados-caminhemos\/","title":{"rendered":"Alimentados, Caminhemos!"},"content":{"rendered":"<p style=\"text-align: justify\">Na \u00faltima quinta-feira celebramos a Solenidade do Sant\u00edssimo Corpo e Sangue de Cristo, a chamada Festa de Corpus Christi. Nessa solenidade comemoramos a Institui\u00e7\u00e3o da Eucaristia, com a consequente presen\u00e7a real de Cristo no Sant\u00edssimo Sacramento do Altar. Esta celebra\u00e7\u00e3o \u00e9 uma oportunidade de desdobrarmos a Quinta-Feira Santa e, assim, celebrarmos esse grande mist\u00e9rio. O enfoque da presen\u00e7a real por ocasi\u00e3o desta festa vem da origem da mesma nos meados do s\u00e9culo XIII, quando come\u00e7ou a ser celebrada em Li\u00e8ge, na Fran\u00e7a, e depois estendida a toda a Igreja.<\/p>\n<p>  <!--more-->  <\/p>\n<p style=\"text-align: justify\">O documento do Conc\u00edlio Vaticano II sobre a Liturgia (Sacrosanctum Concilium) em seu n\u00ba 7 assim se expressa quando fala das presen\u00e7as de Cristo na liturgia: \u201c&#8230; Cristo est\u00e1 sempre presente em Sua Igreja&#8230; Presente est\u00e1 no sacrif\u00edcio da missa, tanto na pessoa do ministro, pois aquele que agora oferece pelo minist\u00e9rio dos sacerdotes \u00e9 o mesmo que outrora se ofereceu na Cruz, quanto, sobretudo, sob as esp\u00e9cies eucar\u00edsticas&#8230;\u201d. Esta presen\u00e7a de Cristo sob as esp\u00e9cies \u201c\u00e9 chamada real, n\u00e3o por exclus\u00e3o, como se as outras n\u00e3o fossem reais, mas por excel\u00eancia\u201d, lembra-nos a Instru\u00e7\u00e3o sobre o Culto do Mist\u00e9rio Eucar\u00edstico da Sagrada Congrega\u00e7\u00e3o dos Ritos, no n\u00ba 9.<\/p>\n<p style=\"text-align: justify\">Em nossa Arquidiocese, neste ano, a 43\u00aa Semana Eucar\u00edstica celebrada no Santu\u00e1rio Nacional de Adora\u00e7\u00e3o Perp\u00e9tua teve como tema \u201cAlimentados com o p\u00e3o do c\u00e9u, caminhemos\u201d, recordando que o momento atual nos deve levar adiante como povo da alian\u00e7a testemunhando Jesus Cristo em nossa caminhada.<\/p>\n<p style=\"text-align: justify\">O Servo de Deus, o saudoso Papa Jo\u00e3o Paulo II em sua Carta Apost\u00f3lica \u201cMane Nobiscum Domine\u201d, no n\u00ba 26 prop\u00f5e que \u201chaja empenho, por parte dos crist\u00e3os, em testemunhar com mais for\u00e7a a presen\u00e7a de Deus no mundo. N\u00e3o tenhamos medo de falar de Deus e de levar de cabe\u00e7a erguida os sinais da f\u00e9. A \u2018cultura da Eucaristia\u2019 promove a cultura do di\u00e1logo, que nela encontra for\u00e7a e alimento\u201d. Por que, ent\u00e3o, n\u00e3o fazer neste tempo aben\u00e7oado \u201cum per\u00edodo no qual as comunidades diocesanas e paroquiais se empenhem de modo especial em ir ao encontro, com fraterna operosidade, de alguma das tantas pobrezas de nosso mundo?\u201d A entrega dos alimentos no dia dessa solenidade marca a nossa consci\u00eancia de que aqueles que se alimentam com o P\u00e3o do C\u00e9u sabem tamb\u00e9m partilhar o p\u00e3o de cada dia! Como a Igreja cat\u00f3lica tem trabalhos sociais, os mais diversos, como consequ\u00eancia de sua vida de f\u00e9 no Cristo presente ressuscitado no meio de n\u00f3s.<\/p>\n<p style=\"text-align: justify\">N\u00f3s tamb\u00e9m reafirmamos nossa f\u00e9 na presen\u00e7a de Cristo na Eucaristia, e assim como O levamos pelas ruas de nossas cidades, queremos lev\u00e1-lO como o nosso testemunho no dia a dia de nossas vidas. Ao faz\u00ea-lo iremos nos comprometer com um mundo novo onde Jesus Cristo possa reinar nos cora\u00e7\u00f5es e na vida das pessoas, com a consequente responsabilidade nossa de sermos portadores do an\u00fancio da esperan\u00e7a no mundo.<\/p>\n<p style=\"text-align: justify\">Penso, que essa forma especial\u00edssima da presen\u00e7a de Cristo entre n\u00f3s, que passando pelas ruas de nossa cidade, deveria ser um sinal de nossa miss\u00e3o: que em todos os lugares houvesse o an\u00fancio expl\u00edcito do Cristo Ressuscitado, vida do mundo, e que isso levasse Vida para todos! Os sonhos de vida digna, de paz e de entendimento entre todos deveriam motivar-nos para que se tornassem realidade em todos os cantos. A multid\u00e3o que invadiu as nossas ruas na Solenidade do Corpo e do Sangue de Cristo deve levar o nosso compromisso para que os anseios de Paz sejam desdobrados em atitudes concretas a fim de que os sonhos se transformem em realidade.<\/p>\n<p style=\"text-align: justify\">\u201cEle est\u00e1 no meio de n\u00f3s\u201d, respondemos em nossas celebra\u00e7\u00f5es! Com Ele presente entre n\u00f3s, ressuscitado e vivo, iremos v\u00ea-lo presente andando pelas nossas ruas e bairros e vendo-O no rosto de cada irm\u00e3o e irm\u00e3. Lembremo-nos do que Ele nos disse: \u201c\u00e9 a mim que fazeis\u201d, referindo-se \u00e0s a\u00e7\u00f5es de fraternidade que fizermos aos nossos irm\u00e3os e irm\u00e3s. Neste Ano Paulino deixemo-nos levar pela miss\u00e3o; no Ano Catequ\u00e9tico sejamos aqueles que se tornam disc\u00edpulos; e no Ano Sacerdotal que se aproxima unamo-nos com os nossos pastores como Igreja que caminha com esperan\u00e7a sempre renovada na busca da santidade, sinal do Reino!<\/p>\n<p style=\"text-align: justify\">Que a alegria de ter celebrado a grande solenidade do Sacrat\u00edssimo Corpo e Sangue do Senhor, nos reanime em nosso olhar para a miss\u00e3o atual e futura, e com alegria nos deixemos conduzir para que isso nos leve ainda mais \u00e0 unidade e ao compromisso com os irm\u00e3os e irm\u00e3s fazendo-nos portadores da Alegre Not\u00edcia para todos!<\/p>\n<h4 style=\"text-align: right\">Dom Orani Jo\u00e3o Tempesta<\/h4>\n","protected":false},"excerpt":{"rendered":"<p>Na \u00faltima quinta-feira celebramos a Solenidade do Sant\u00edssimo Corpo e Sangue de Cristo, a chamada Festa de Corpus Christi. Nessa solenidade comemoramos a Institui\u00e7\u00e3o da Eucaristia, com a consequente presen\u00e7a real de Cristo no Sant\u00edssimo Sacramento do Altar. Esta celebra\u00e7\u00e3o \u00e9 uma oportunidade de desdobrarmos a Quinta-Feira Santa e, assim, celebrarmos esse grande mist\u00e9rio. O &hellip;<\/p>\n<p class=\"read-more\"> <a class=\"\" href=\"https:\/\/www.cnbb.org.br\/alimentados-caminhemos\/\"> <span class=\"screen-reader-text\">Alimentados, Caminhemos!<\/span> Leia mais &raquo;<\/a><\/p>\n","protected":false},"author":83,"featured_media":0,"comment_status":"open","ping_status":"open","sticky":false,"template":"","format":"standard","meta":{"site-sidebar-layout":"default","site-content-layout":"default","ast-global-header-display":"","ast-banner-title-visibility":"","ast-main-header-display":"","ast-hfb-above-header-display":"","ast-hfb-below-header-display":"","ast-hfb-mobile-header-display":"","site-post-title":"","ast-breadcrumbs-content":"","ast-featured-img":"","footer-sml-layout":"","theme-transparent-header-meta":"","adv-header-id-meta":"","stick-header-meta":"","header-above-stick-meta":"","header-main-stick-meta":"","header-below-stick-meta":""},"categories":[758],"tags":[],"acf":[],"_links":{"self":[{"href":"https:\/\/www.cnbb.org.br\/cnbb-app\/wp\/v2\/posts\/12391"}],"collection":[{"href":"https:\/\/www.cnbb.org.br\/cnbb-app\/wp\/v2\/posts"}],"about":[{"href":"https:\/\/www.cnbb.org.br\/cnbb-app\/wp\/v2\/types\/post"}],"author":[{"embeddable":true,"href":"https:\/\/www.cnbb.org.br\/cnbb-app\/wp\/v2\/users\/83"}],"replies":[{"embeddable":true,"href":"https:\/\/www.cnbb.org.br\/cnbb-app\/wp\/v2\/comments?post=12391"}],"version-history":[{"count":0,"href":"https:\/\/www.cnbb.org.br\/cnbb-app\/wp\/v2\/posts\/12391\/revisions"}],"wp:attachment":[{"href":"https:\/\/www.cnbb.org.br\/cnbb-app\/wp\/v2\/media?parent=12391"}],"wp:term":[{"taxonomy":"category","embeddable":true,"href":"https:\/\/www.cnbb.org.br\/cnbb-app\/wp\/v2\/categories?post=12391"},{"taxonomy":"post_tag","embeddable":true,"href":"https:\/\/www.cnbb.org.br\/cnbb-app\/wp\/v2\/tags?post=12391"}],"curies":[{"name":"wp","href":"https:\/\/api.w.org\/{rel}","templated":true}]}}