{"id":12396,"date":"2009-12-14T00:00:00","date_gmt":"2009-12-14T02:00:00","guid":{"rendered":"https:\/\/www.cnbb.org.br\/tempo-de-agradecer\/"},"modified":"2009-12-14T00:00:00","modified_gmt":"2009-12-14T02:00:00","slug":"tempo-de-agradecer","status":"publish","type":"post","link":"https:\/\/www.cnbb.org.br\/tempo-de-agradecer\/","title":{"rendered":"Tempo de agradecer"},"content":{"rendered":"<p style=\"text-align: justify\">No \u00faltimo dia 7 de dezembro pude agradecer a Deus pelo dom do sacerd\u00f3cio! Ordenado em S\u00e3o Jos\u00e9 do Rio Pardo, celebrei 25 anos quando era Bispo de S\u00e3o Jos\u00e9 do Rio Preto, 30 anos enquanto Arcebispo de Bel\u00e9m, e agora 35 anos aqui com voc\u00eas, como Arcebispo de S\u00e3o Sebasti\u00e3o do Rio de Janeiro.<\/p>\n<p>  <!--more-->  <\/p>\n<p style=\"text-align: justify\">A celebra\u00e7\u00e3o ocorreu dentro do contexto do \u00abAno Sacerdotal\u00bb proclamado pelo Papa Bento XVI, e, por isso, quis dedicar a celebra\u00e7\u00e3o \u00e0 unidade do clero e \u00e0 a\u00e7\u00e3o de gra\u00e7as por todos os padres cuja maioria celebra o anivers\u00e1rio de ordena\u00e7\u00e3o nesta mesma \u00e9poca do ano.<\/p>\n<p style=\"text-align: justify\">Sem d\u00favida que se trata, antes de tudo, de agradecer a Deus, pois \u00abtodo dom precioso e toda d\u00e1diva perfeita vem do alto, descendo do Pai das luzes, que desconhece fases e per\u00edodos de sombra\u00bb (Tg 1,17). O sacerd\u00f3cio ministerial \u00e9, com efeito, um dom precioso e uma d\u00e1diva perfeita, n\u00e3o para o benef\u00edcio pessoal daquele que recebe a ordena\u00e7\u00e3o, mas para o bem do Povo de Deus. Atrav\u00e9s do minist\u00e9rio sacerdotal, Jesus mesmo continua a apascentar a sua Igreja, explicar as Escrituras, apontar o caminho da salva\u00e7\u00e3o, render ao Pai o verdadeiro culto de adora\u00e7\u00e3o pelo sacrif\u00edcio eucar\u00edstico e santificar os homens. Com raz\u00e3o, dizia o Santo Cura d\u2019Ars: \u00abO sacerd\u00f3cio \u00e9 o amor do Cora\u00e7\u00e3o de Jesus\u00bb.<\/p>\n<p style=\"text-align: justify\">Com efeito, o Santo Padre Bento XVI, em sua \u00abCarta para a proclama\u00e7\u00e3o de um Ano Sacerdotal por ocasi\u00e3o do dies natalis do Santo Cura d\u2019Ars\u00bb (16-6-2009), fez quest\u00e3o de assinalar t\u00e3o importante evento, como vemos j\u00e1 no t\u00edtulo da carta, pela humilde e grande figura de S\u00e3o Jo\u00e3o Maria Vianney, modelo de p\u00e1roco e de sacerdote. S\u00e3o Jo\u00e3o Vianney tanto bem fez \u00e0 Igreja porque, entre outras coisas, soube conjugar, de um lado, a humildade e o desprendimento que deve acompanhar todo disc\u00edpulo de Cristo e, de outro, a clara consci\u00eancia de que seu minist\u00e9rio sacerdotal era um verdadeiro dom de Deus para a comunidade.<\/p>\n<p style=\"text-align: justify\">Ao celebrar os meus 35 anos de ordena\u00e7\u00e3o, quero dirigir a Deus a\u00e7\u00e3o de gra\u00e7as e louvores por todos que, como eu, receberam esse dom inef\u00e1vel. A\u00e7\u00e3o de gra\u00e7as e louvores porque, como o Cura d\u2019Ars, tenho consci\u00eancia do dom que trago comigo. Trata-se de um verdadeiro dom, que de longe supera meus m\u00e9ritos pessoais e os da comunidade a quem sirvo. Tenho consci\u00eancia de que porto um verdadeiro tesouro, ainda que em vasilhame de barro, como diz S\u00e3o Paulo: \u00abTrazemos, por\u00e9m, este tesouro em vasos de argila, para que esse incompar\u00e1vel poder seja de Deus e n\u00e3o de n\u00f3s\u00bb (2Cor 4,7). O sacerd\u00f3cio ministerial \u00e9 b\u00ean\u00e7\u00e3o para a Igreja e para o mundo. O padre \u00e9 aquele que atualiza o sacrif\u00edcio da nossa Reden\u00e7\u00e3o no altar das igrejas; administra os sacramentos, pelos quais somos incorporados a Cristo para nos unirmos a Deus e amar como Cristo amou e fazer o que Ele fez; o padre, em nome de Deus, levanta o pecador ca\u00eddo e lhe d\u00e1 \u00e2nimo para prosseguir a caminhada; admoesta com a Palavra de Deus e aponta para todos a luz, que \u00e9 Cristo; o padre \u00e9, enfim, o homem do cuidado de Deus \u2013 ele \u00e9 pastor colocado na Igreja e no mundo pelo Pastor Eterno.<\/p>\n<p style=\"text-align: justify\">Quero tamb\u00e9m agradecer a Deus por ter colocado em meu caminho grandes pessoas e amizades, que me estenderam a m\u00e3o e me possibilitaram dar esses passos. Pe\u00e7o a Deus que nunca faltem na Igreja bons exemplos que entusiasmem a tantos outros a assumirem com alegria esse belo minist\u00e9rio.<\/p>\n<p style=\"text-align: justify\">Mas neste dia dirijo tamb\u00e9m a Deus s\u00faplicas. Jesus \u00e9 nosso grande modelo de ora\u00e7\u00e3o e de s\u00faplica. A Carta aos Hebreus nos diz que \u00abele, nos dias de sua vida na carne, dirigiu preces e s\u00faplicas, com forte clamor e l\u00e1grimas, \u00e0quele que tinha o poder de salv\u00e1-lo da morte\u00bb. E acrescenta: \u00abE foi atendido por causa de sua piedosa submiss\u00e3o\u00bb (5,7). Jesus verdadeiramente foi atendido porque venceu a morte, derrotando-a para sempre. Animado pelo exemplo do Senhor, que tamb\u00e9m nos prometeu que \u00abquem pede recebe, quem procura encontra, e a quem bate a porta ser\u00e1 aberta\u00bb (Lc 11,10), em esp\u00edrito de religiosa submiss\u00e3o, pe\u00e7o a Deus pela por\u00e7\u00e3o do rebanho de Cristo que me foi confiada, para que cres\u00e7a cada vez mais segundo a estatura do Cristo Jesus, e por mim, para que tenha a gra\u00e7a de ser verdadeiramente um sinal da salva\u00e7\u00e3o, do zelo e do cuidado de Deus para com seu povo.<\/p>\n<p style=\"text-align: justify\">Pe\u00e7o ainda a Deus perd\u00e3o. Muitas vezes nem sequer podemos dizer para apresentar ao Senhor nosso humilde servi\u00e7o: \u00abSomos servos in\u00fateis; fizemos o que dev\u00edamos fazer\u00bb (Lc 17,10). \u00c0s vezes n\u00e3o fazemos o que dev\u00edamos fazer, ficamos omissos. O meu pedido de perd\u00e3o \u00e9, ao mesmo tempo, um ato de confian\u00e7a da miseric\u00f3rdia de Deus, o Deus que em Jesus nos mostrou a grandeza de seu amor, e que, pela boca do salmista, garante a todos n\u00f3s: \u00abMinha bondade est\u00e1 de p\u00e9 para sempre\u00bb (Sl 89,3). Conto com a miseric\u00f3rdia e a bondade do Senhor que nos envolvem, nos renovam e nos engrandecem. \u00c9 o amor de Deus que nos impulsiona e nos faz crescer. Por isso, reconhe\u00e7o com o salmista: \u00abComo um pai \u00e9 compassivo com seus filhos, o Senhor \u00e9 compassivo com aqueles que o temem; porque ele conhece nossa estrutura, ele se lembra do p\u00f3 que somos n\u00f3s\u00bb (Sl 103,13-14).<\/p>\n<p style=\"text-align: justify\">Somos chamados a experimentar e anunciar a maravilha da bondade de Deus. O Santo Padre Bento XVI encoraja-nos a esse dever de nosso of\u00edcio, tendo presente o exemplo do Santo Cura d\u2019Ars, que, por ser t\u00e3o \u00edntimo de Cristo, chegou a colocar na boca do Senhor palavras de miseric\u00f3rdia: \u00abTodos n\u00f3s, sacerdotes, diz-nos Bento XVI, dever\u00edamos sentir que nos tocam pessoalmente estas palavras que ele colocava na boca de Cristo: \u2018Encarregarei os meus ministros de anunciar aos pecadores que estou sempre pronto a receb\u00ea-los, que a minha miseric\u00f3rdia \u00e9 infinita\u2019. Do Santo Cura d\u2019Ars, n\u00f3s, sacerdotes, podemos aprender n\u00e3o s\u00f3 uma inexaur\u00edvel confian\u00e7a no sacramento da Penit\u00eancia, que nos instigue a coloc\u00e1-lo no centro das nossas preocupa\u00e7\u00f5es pastorais, mas tamb\u00e9m o m\u00e9todo do \u00abdi\u00e1logo de salva\u00e7\u00e3o\u00bb que nele se deve realizar\u00bb (Carta da proclama\u00e7\u00e3o de um Ano Sacerdotal).<\/p>\n<p style=\"text-align: justify\">Aproveito o ensejo para refor\u00e7ar as palavras do Papa, que pediu para que os sacerdotes nunca descuidem do Sacramento da Penit\u00eancia. Na verdade, como bem disse Bento XVI, nele se realiza um verdadeiro \u00abdi\u00e1logo da salva\u00e7\u00e3o\u00bb. Quantas pessoas que por ele passam saem aliviadas, renovadas, cheias de esperan\u00e7a e vigor em Deus! A renova\u00e7\u00e3o do mundo depende, em grande parte, dessa renova\u00e7\u00e3o pessoal que s\u00f3 o di\u00e1logo com Deus pode realizar. N\u00e3o podemos privar o nosso povo dos bens que o Senhor nos encarregou. Nesta cidade, de maneira especial, necessitamos anunciar e celebrar a reconcilia\u00e7\u00e3o que leva a paz aos cora\u00e7\u00f5es e aos relacionamentos sociais.<\/p>\n<p style=\"text-align: justify\">Agrade\u00e7o de cora\u00e7\u00e3o todos os que participaram da celebra\u00e7\u00e3o ou enviaram seus cumprimentos, e louvo a Deus pelos passos de unidade que aos poucos vamos dando em nossa caminhada.<\/p>\n<h4 style=\"text-align: right\">Dom Orani Jo\u00e3o Tempesta<\/h4>\n","protected":false},"excerpt":{"rendered":"<p>No \u00faltimo dia 7 de dezembro pude agradecer a Deus pelo dom do sacerd\u00f3cio! Ordenado em S\u00e3o Jos\u00e9 do Rio Pardo, celebrei 25 anos quando era Bispo de S\u00e3o Jos\u00e9 do Rio Preto, 30 anos enquanto Arcebispo de Bel\u00e9m, e agora 35 anos aqui com voc\u00eas, como Arcebispo de S\u00e3o Sebasti\u00e3o do Rio de Janeiro.<\/p>\n","protected":false},"author":83,"featured_media":0,"comment_status":"open","ping_status":"open","sticky":false,"template":"","format":"standard","meta":{"site-sidebar-layout":"default","site-content-layout":"default","ast-global-header-display":"","ast-banner-title-visibility":"","ast-main-header-display":"","ast-hfb-above-header-display":"","ast-hfb-below-header-display":"","ast-hfb-mobile-header-display":"","site-post-title":"","ast-breadcrumbs-content":"","ast-featured-img":"","footer-sml-layout":"","theme-transparent-header-meta":"","adv-header-id-meta":"","stick-header-meta":"","header-above-stick-meta":"","header-main-stick-meta":"","header-below-stick-meta":""},"categories":[758],"tags":[],"acf":[],"_links":{"self":[{"href":"https:\/\/www.cnbb.org.br\/cnbb-app\/wp\/v2\/posts\/12396"}],"collection":[{"href":"https:\/\/www.cnbb.org.br\/cnbb-app\/wp\/v2\/posts"}],"about":[{"href":"https:\/\/www.cnbb.org.br\/cnbb-app\/wp\/v2\/types\/post"}],"author":[{"embeddable":true,"href":"https:\/\/www.cnbb.org.br\/cnbb-app\/wp\/v2\/users\/83"}],"replies":[{"embeddable":true,"href":"https:\/\/www.cnbb.org.br\/cnbb-app\/wp\/v2\/comments?post=12396"}],"version-history":[{"count":0,"href":"https:\/\/www.cnbb.org.br\/cnbb-app\/wp\/v2\/posts\/12396\/revisions"}],"wp:attachment":[{"href":"https:\/\/www.cnbb.org.br\/cnbb-app\/wp\/v2\/media?parent=12396"}],"wp:term":[{"taxonomy":"category","embeddable":true,"href":"https:\/\/www.cnbb.org.br\/cnbb-app\/wp\/v2\/categories?post=12396"},{"taxonomy":"post_tag","embeddable":true,"href":"https:\/\/www.cnbb.org.br\/cnbb-app\/wp\/v2\/tags?post=12396"}],"curies":[{"name":"wp","href":"https:\/\/api.w.org\/{rel}","templated":true}]}}