{"id":12397,"date":"2009-12-14T00:00:00","date_gmt":"2009-12-14T02:00:00","guid":{"rendered":"https:\/\/www.cnbb.org.br\/campanha-para-a-evangelizacao-1\/"},"modified":"2009-12-14T00:00:00","modified_gmt":"2009-12-14T02:00:00","slug":"campanha-para-a-evangelizacao-1","status":"publish","type":"post","link":"https:\/\/www.cnbb.org.br\/campanha-para-a-evangelizacao-1\/","title":{"rendered":"Campanha para a evangeliza\u00e7\u00e3o"},"content":{"rendered":"<p style=\"text-align: justify\">Todos os anos a Igreja no Brasil realiza, a partir do Domingo de Cristo Rei, e nos tr\u00eas domingos do Advento, a Campanha para a Evangeliza\u00e7\u00e3o. O prop\u00f3sito \u00e9 integrar todos os fi\u00e9is na miss\u00e3o evangelizadora da Igreja e assegurar, assim, sob a gra\u00e7a de Deus, a efic\u00e1cia da miss\u00e3o eclesial de evangelizar. \u00abIde e evangelizai\u00bb \u00e9, com efeito, o mandato permanente de Nosso Senhor \u00e0 Igreja e a cada batizado. Nenhum de n\u00f3s pode ficar fora do grande movimento de evangeliza\u00e7\u00e3o iniciado pelo pr\u00f3prio Jesus e confiado aos ap\u00f3stolos. Ainda mais neste tempo em que estamos empenhados na miss\u00e3o permanente, ou melhor, em animar nossas comunidades para que vivam em estado permanente de miss\u00e3o.<\/p>\n<p><!--more--><\/p>\n<p style=\"text-align: justify\">\u00abEle se fez pobre para nos enriquecer\u00bb \u00e9 o tema da Campanha da Evangeliza\u00e7\u00e3o deste ano, escolhido em vista da unidade tem\u00e1tica do Ano Lit\u00fargico de 2010, que deve girar em torno do tema da economia, que ser\u00e1 aprofundado na Campanha da Fraternidade, a ser realizada no per\u00edodo quaresmal; na Campanha Mission\u00e1ria, que acontece no tempo comum, e nos demais temas que norteiam nossas reflex\u00f5es durante o ano.<\/p>\n<p style=\"text-align: justify\">Evangelizar \u00e9, sobretudo, anunciar a liberta\u00e7\u00e3o do pecado e a gra\u00e7a da comunh\u00e3o com o Absoluto, que Jesus nos veio revelar. A Igreja evangeliza pela celebra\u00e7\u00e3o dos sacramentos, sinais vis\u00edveis e eficazes da gra\u00e7a; pelo an\u00fancio da Palavra de Deus e pelo testemunho da caridade. Mas garantir uma economia que reconhe\u00e7a a dignidade da pessoa \u2013 e n\u00e3o se reduza simplesmente a estrat\u00e9gias cujo \u00fanico fim \u00e9 o lucro \u2013 faz parte tamb\u00e9m do processo de evangeliza\u00e7\u00e3o, que tem por objetivo libertar o homem de todas as escravid\u00f5es. Os pobres n\u00e3o podem continuar como v\u00edtimas de uma economia sem cora\u00e7\u00e3o, e nossa op\u00e7\u00e3o pela liberta\u00e7\u00e3o integral do homem, de modo especial do pobre, tem suas ra\u00edzes em nossa f\u00e9 crist\u00e3, como expressa Bento XVI: \u00ab[&#8230;] o encontro com Deus \u00e9, em si mesmo e como tal, encontro com os irm\u00e3os, um ato de convoca\u00e7\u00e3o, de unifica\u00e7\u00e3o e de responsabilidade pelo outro e pelos demais. Nesse sentido, a op\u00e7\u00e3o preferencial pelos pobres est\u00e1 impl\u00edcita na f\u00e9 cristol\u00f3gica, naquele Deus que se fez pobre por n\u00f3s, para enriquecer-nos com a sua pobreza (cf. 2 Cor 8,9)\u00bb (Discurso de abertura da Confer\u00eancia de Aparecida, maio de 2007).<\/p>\n<p style=\"text-align: justify\">Convido todos a partilhar, dando sua contribui\u00e7\u00e3o para que em nossa sociedade e na economia que a rege apare\u00e7am virtudes como a justi\u00e7a, o amor, a benevol\u00eancia e a gratuidade. N\u00e3o vivemos s\u00f3 para acumular bens materiais e buscar somente o lucro em tudo, pois pertencem tamb\u00e9m \u00e0 natureza humana a generosidade e gratuidade. A alegria de dar \u00e9 maior do que a de receber.<\/p>\n<p style=\"text-align: justify\">Al\u00e9m da consci\u00eancia de nossa responsabilidade na Evangeliza\u00e7\u00e3o, a Campanha para a Evangeliza\u00e7\u00e3o estar\u00e1 recolhendo em todas as Missas dos dias 12 e 13 de dezembro a oferta financeira, para que a Igreja tenha recursos necess\u00e1rios para promover ainda mais o an\u00fancio do Evangelho, que quer trazer vida para nossa vida e justi\u00e7a e amor para nossa conviv\u00eancia social.<\/p>\n<p style=\"text-align: justify\">A coleta ser\u00e1 repartida para a CNBB Nacional, CNBB Regional e para a arquidiocese. Em nossa Arquidiocese do Rio de Janeiro, a parte da coleta que ficar\u00e1 para a utiliza\u00e7\u00e3o no trabalho de evangeliza\u00e7\u00e3o ser\u00e1 destinada a iniciar a conta banc\u00e1ria que come\u00e7ar\u00e1 a recolher contribui\u00e7\u00f5es v\u00e1rias para financiar compra de terrenos e empreender constru\u00e7\u00f5es de Igrejas na periferia da cidade, que cresce e necessita de locais de culto que sinalizem a presen\u00e7a da Igreja junto ao seu povo.<\/p>\n<p style=\"text-align: justify\">Desde j\u00e1 agrade\u00e7o todo o esfor\u00e7o que est\u00e3o fazendo para que essa presen\u00e7a de evangeliza\u00e7\u00e3o j\u00e1 exista atrav\u00e9s de tantas atividades, e, em especial, atrav\u00e9s dos c\u00edrculos b\u00edblicos, mas que agora necessita de locais e capelas que concretizem essa presen\u00e7a.<\/p>\n<p style=\"text-align: justify\">Que o Senhor aben\u00e7oe a todos os que repartem de sua pobreza e d\u00e3o sua contribui\u00e7\u00e3o com alegria e generosidade.<\/p>\n<h4 style=\"text-align: right\">Dom Orani Jo\u00e3o Tempesta<\/h4>\n","protected":false},"excerpt":{"rendered":"<p>Todos os anos a Igreja no Brasil realiza, a partir do Domingo de Cristo Rei, e nos tr\u00eas domingos do Advento, a Campanha para a Evangeliza\u00e7\u00e3o. O prop\u00f3sito \u00e9 integrar todos os fi\u00e9is na miss\u00e3o evangelizadora da Igreja e assegurar, assim, sob a gra\u00e7a de Deus, a efic\u00e1cia da miss\u00e3o eclesial de evangelizar. \u00abIde e &hellip;<\/p>\n<p class=\"read-more\"> <a class=\"\" href=\"https:\/\/www.cnbb.org.br\/campanha-para-a-evangelizacao-1\/\"> <span class=\"screen-reader-text\">Campanha para a evangeliza\u00e7\u00e3o<\/span> Leia mais &raquo;<\/a><\/p>\n","protected":false},"author":83,"featured_media":0,"comment_status":"open","ping_status":"open","sticky":false,"template":"","format":"standard","meta":{"site-sidebar-layout":"default","site-content-layout":"default","ast-global-header-display":"","ast-banner-title-visibility":"","ast-main-header-display":"","ast-hfb-above-header-display":"","ast-hfb-below-header-display":"","ast-hfb-mobile-header-display":"","site-post-title":"","ast-breadcrumbs-content":"","ast-featured-img":"","footer-sml-layout":"","theme-transparent-header-meta":"","adv-header-id-meta":"","stick-header-meta":"","header-above-stick-meta":"","header-main-stick-meta":"","header-below-stick-meta":""},"categories":[758],"tags":[],"acf":[],"_links":{"self":[{"href":"https:\/\/www.cnbb.org.br\/cnbb-app\/wp\/v2\/posts\/12397"}],"collection":[{"href":"https:\/\/www.cnbb.org.br\/cnbb-app\/wp\/v2\/posts"}],"about":[{"href":"https:\/\/www.cnbb.org.br\/cnbb-app\/wp\/v2\/types\/post"}],"author":[{"embeddable":true,"href":"https:\/\/www.cnbb.org.br\/cnbb-app\/wp\/v2\/users\/83"}],"replies":[{"embeddable":true,"href":"https:\/\/www.cnbb.org.br\/cnbb-app\/wp\/v2\/comments?post=12397"}],"version-history":[{"count":0,"href":"https:\/\/www.cnbb.org.br\/cnbb-app\/wp\/v2\/posts\/12397\/revisions"}],"wp:attachment":[{"href":"https:\/\/www.cnbb.org.br\/cnbb-app\/wp\/v2\/media?parent=12397"}],"wp:term":[{"taxonomy":"category","embeddable":true,"href":"https:\/\/www.cnbb.org.br\/cnbb-app\/wp\/v2\/categories?post=12397"},{"taxonomy":"post_tag","embeddable":true,"href":"https:\/\/www.cnbb.org.br\/cnbb-app\/wp\/v2\/tags?post=12397"}],"curies":[{"name":"wp","href":"https:\/\/api.w.org\/{rel}","templated":true}]}}