{"id":12398,"date":"2009-11-24T00:00:00","date_gmt":"2009-11-24T02:00:00","guid":{"rendered":"https:\/\/www.cnbb.org.br\/advento-tempo-de-esperanca\/"},"modified":"2009-11-24T00:00:00","modified_gmt":"2009-11-24T02:00:00","slug":"advento-tempo-de-esperanca","status":"publish","type":"post","link":"https:\/\/www.cnbb.org.br\/advento-tempo-de-esperanca\/","title":{"rendered":"Advento \u2013 tempo de esperan\u00e7a"},"content":{"rendered":"<div style=\"text-align: justify\">\n<p>O Ano Lit\u00fargico gira em torno das duas grandes festas do mist\u00e9rio de nossa salva\u00e7\u00e3o: o Natal e a P\u00e1scoa. A fim de nos prepararmos bem para essas duas solenidades de m\u00e1xima import\u00e2ncia, a Santa Igreja, com seu amor de m\u00e3e e sua sabedoria de mestra, instituiu o Advento, que nos predisp\u00f5e para o Natal, e a Quaresma, que nos prepara para a P\u00e1scoa. Praticamente um m\u00eas e meio de Advento-Natal e tr\u00eas meses de Quaresma-P\u00e1scoa. O tempo chamado \u201cComum\u201d durante o ano ajuda-nos a caminhar com a Igreja nas estradas da hist\u00f3ria, iluminados por esses mist\u00e9rios de nossa f\u00e9 e conduzidos pelo Esp\u00edrito Santo.<\/p>\n<p>  <!--more-->  <\/p>\n<p>No pr\u00f3ximo final de semana, iniciamos o tempo do Advento, que assinala tamb\u00e9m o in\u00edcio de um novo Ano Lit\u00fargico. Estaremos proclamando aos domingos, principalmente, o Evangelho de Lucas. Um novo ano que queremos que seja um aprofundamento de nossa vida crist\u00e3 na hist\u00f3ria como disc\u00edpulos mission\u00e1rios. Iniciamos com a expectativa da vinda do Messias at\u00e9 o an\u00fancio que o Senhor Jesus \u00e9 Rei.<\/p>\n<p>Neste tempo \u00e9 que a Igreja nos incentiva a colaborar com a Coleta pela Evangeliza\u00e7\u00e3o no terceiro domingo do Advento, preparada nos domingos anteriores. \u00c9 a nossa corresponsabilidade de levar adiante a encarna\u00e7\u00e3o da boa not\u00edcia no tempo que chamamos hoje. O tema deste ano: \u201cEle se fez pobre para nos enriquecer\u201d, j\u00e1 aponta para as reflex\u00f5es que iremos ter durante a pr\u00f3xima Quaresma, pois a Campanha da Fraternidade de 2010 falar\u00e1 sobre economia.<\/p>\n<p>No decurso dos quatro domingos do Advento, o povo crist\u00e3o \u00e9 convidado a preparar os caminhos para a vinda do Rei da Paz. O Cristo Senhor, que h\u00e1 dois mil anos nasceu como homem numa manjedoura em Bel\u00e9m da Jud\u00e9ia, deseja ardentemente nascer em nossos cora\u00e7\u00f5es, conforme as santas palavras da Escritura: \u201cEis que estou \u00e0 porta e bato; se algu\u00e9m ouvir a minha voz e abrir a porta, eu entrarei na sua casa e tomaremos a refei\u00e7\u00e3o, eu com ele e ele comigo\u201d (Ap 3, 20).<\/p>\n<p>No Advento temos a oportunidade de aprofundar a expectativa do \u201cSenhor que vir\u00e1 para julgar os vivos e os mortos\u201d, e na semana que antecede a festa natalina a prepara\u00e7\u00e3o pr\u00f3xima para celebrar o \u201cSenhor que nasceu pobre no Oriente\u201d. Entre essas duas vindas, o crist\u00e3o celebra cada dia o seu cora\u00e7\u00e3o que se abre para o \u201cSenhor que vem\u201d em sua vida e renova a sua exist\u00eancia.<\/p>\n<p>Celebrar o Natal \u00e9 reconhecer que \u201cDeus visitou o seu povo\u201d (Lc 7, 16). Tal reconhecimento n\u00e3o se pode efetivar somente com nossas palavras. A visita de Deus quer atingir o nosso cora\u00e7\u00e3o e transformar-nos desde dentro. A t\u00e3o desejada transforma\u00e7\u00e3o do mundo, a supera\u00e7\u00e3o da fome, a vit\u00f3ria da paz e a efetiva fraternidade entre os homens dependem, na verdade, da renova\u00e7\u00e3o dos cora\u00e7\u00f5es. Somos convidados, em primeiro lugar, a aprender a \u201cestar com Jesus\u201d, e ent\u00e3o nossa vida em sociedade ver\u00e1 nascer o Sol da Justi\u00e7a. Nesse sentido, o Santo Padre Bento XVI chamou a aten\u00e7\u00e3o para a relev\u00e2ncia social da comunh\u00e3o pessoal com Cristo: \u201cO fato de estarmos em comunh\u00e3o com Jesus Cristo envolve-nos no seu ser \u00ab para todos \u00bb, fazendo disso o nosso modo de ser. Ele compromete-nos a ser para os outros, mas s\u00f3 na comunh\u00e3o com Ele \u00e9 que se torna poss\u00edvel sermos verdadeiramente para os outros, para a comunidade\u201d (Carta enc\u00edclica Spe Salvi, n. 28).<\/p>\n<p>Enquanto todos se voltam para o lucro comercial neste tempo que antecede o Natal, os cat\u00f3licos se preparam para que em seu cora\u00e7\u00e3o haja espa\u00e7o para o Verbo Encarnado que veio para salvar a todos. O festival de pres\u00e9pios feitos por artistas e espalhados pela cidade, al\u00e9m dos pres\u00e9pios das par\u00f3quias, quer ajudar a cidade a ter um novo olhar e repensar sobre o que exatamente celebramos no Natal. Depender\u00e3o do encontro com \u201cEle\u201d as mudan\u00e7as sonhadas para a sociedade hodierna!<\/p>\n<p>O Advento constitui precisamente o tempo favor\u00e1vel para a prepara\u00e7\u00e3o do nosso cora\u00e7\u00e3o. Deixemo-nos transformar por Cristo, que mais uma vez quer nascer em nossa vida neste Natal. Celebrar bem a solenidade do Natal do Senhor requer que saibamos apresentar a Deus um cora\u00e7\u00e3o bem disposto, pois \u201cn\u00e3o desprezas, \u00f3 Deus, um cora\u00e7\u00e3o contrito e humilhado\u201d (Sl 51, 19). Um cora\u00e7\u00e3o que busca com sinceridade a convers\u00e3o \u00e9 fonte de inestim\u00e1vel comunh\u00e3o com Deus e com os irm\u00e3os. Por isso mesmo, a oportunidade das celebra\u00e7\u00f5es penitenciais se multiplicam pelas Par\u00f3quias, dando oportunidade de uma renova\u00e7\u00e3o interior. Neste tempo de Advento n\u00e3o tenhamos medo de Cristo. \u201cEle n\u00e3o tira nada, Ele d\u00e1 tudo. Quem se doa por Ele, recebe o c\u00eantuplo. Sim, abri de par em par as portas a Cristo e encontrareis a vida verdadeira\u201d (Bento XVI, homilia da Missa de in\u00edcio do minist\u00e9rio petrino, 24\/4\/2005).<\/p>\n<p>Como servidor do rebanho de Cristo que me foi confiado, n\u00e3o poderia deixar de insistir nisso: a vida verdadeira, que todos desejamos, s\u00f3 o Amor no-la pode dar.  \u201cO ser humano necessita do amor incondicionado. Precisa daquela certeza que o faz exclamar: \u00ab Nem a morte, nem a vida, nem os anjos, nem os principados, nem o presente, nem o futuro, nem as potestades, nem a altura, nem a profundidade, nem qualquer outra criatura poder\u00e1 separar-nos do amor de Deus, que est\u00e1 em Cristo Jesus, nosso Senhor \u00bb (Rom 8,38-39)\u201d (Carta enc\u00edclica Spe Salvi, n. 26).<\/p>\n<p>Que o tempo do Advento predisponha nossos cora\u00e7\u00f5es a acolher com intensidade o \u201cAmor que move o sol e as outras estrelas\u201d (Dante, Divina Com\u00e9dia, Para\u00edso, XXXIII, 145), e que, por pura bondade, manifestou-se com inigual\u00e1vel for\u00e7a no nascimento do fr\u00e1gil menino de Bel\u00e9m para tamb\u00e9m mover com suavidade e for\u00e7a a nossa vontade para o Bem.<\/p>\n<\/p><\/div>\n<div style=\"text-align: right\">\n<h4>Dom Orani Jo\u00e3o Tempesta<\/h4>\n<\/p><\/div>\n","protected":false},"excerpt":{"rendered":"<p>O Ano Lit\u00fargico gira em torno das duas grandes festas do mist\u00e9rio de nossa salva\u00e7\u00e3o: o Natal e a P\u00e1scoa. A fim de nos prepararmos bem para essas duas solenidades de m\u00e1xima import\u00e2ncia, a Santa Igreja, com seu amor de m\u00e3e e sua sabedoria de mestra, instituiu o Advento, que nos predisp\u00f5e para o Natal, &hellip;<\/p>\n<p class=\"read-more\"> <a class=\"\" href=\"https:\/\/www.cnbb.org.br\/advento-tempo-de-esperanca\/\"> <span class=\"screen-reader-text\">Advento \u2013 tempo de esperan\u00e7a<\/span> Leia mais &raquo;<\/a><\/p>\n","protected":false},"author":83,"featured_media":0,"comment_status":"open","ping_status":"open","sticky":false,"template":"","format":"standard","meta":{"site-sidebar-layout":"default","site-content-layout":"default","ast-global-header-display":"","ast-banner-title-visibility":"","ast-main-header-display":"","ast-hfb-above-header-display":"","ast-hfb-below-header-display":"","ast-hfb-mobile-header-display":"","site-post-title":"","ast-breadcrumbs-content":"","ast-featured-img":"","footer-sml-layout":"","theme-transparent-header-meta":"","adv-header-id-meta":"","stick-header-meta":"","header-above-stick-meta":"","header-main-stick-meta":"","header-below-stick-meta":""},"categories":[758],"tags":[],"acf":[],"_links":{"self":[{"href":"https:\/\/www.cnbb.org.br\/cnbb-app\/wp\/v2\/posts\/12398"}],"collection":[{"href":"https:\/\/www.cnbb.org.br\/cnbb-app\/wp\/v2\/posts"}],"about":[{"href":"https:\/\/www.cnbb.org.br\/cnbb-app\/wp\/v2\/types\/post"}],"author":[{"embeddable":true,"href":"https:\/\/www.cnbb.org.br\/cnbb-app\/wp\/v2\/users\/83"}],"replies":[{"embeddable":true,"href":"https:\/\/www.cnbb.org.br\/cnbb-app\/wp\/v2\/comments?post=12398"}],"version-history":[{"count":0,"href":"https:\/\/www.cnbb.org.br\/cnbb-app\/wp\/v2\/posts\/12398\/revisions"}],"wp:attachment":[{"href":"https:\/\/www.cnbb.org.br\/cnbb-app\/wp\/v2\/media?parent=12398"}],"wp:term":[{"taxonomy":"category","embeddable":true,"href":"https:\/\/www.cnbb.org.br\/cnbb-app\/wp\/v2\/categories?post=12398"},{"taxonomy":"post_tag","embeddable":true,"href":"https:\/\/www.cnbb.org.br\/cnbb-app\/wp\/v2\/tags?post=12398"}],"curies":[{"name":"wp","href":"https:\/\/api.w.org\/{rel}","templated":true}]}}