{"id":12399,"date":"2009-11-23T00:00:00","date_gmt":"2009-11-23T02:00:00","guid":{"rendered":"https:\/\/www.cnbb.org.br\/vida-orante\/"},"modified":"2009-11-23T00:00:00","modified_gmt":"2009-11-23T02:00:00","slug":"vida-orante","status":"publish","type":"post","link":"https:\/\/www.cnbb.org.br\/vida-orante\/","title":{"rendered":"Vida Orante"},"content":{"rendered":"<p style=\"text-align: justify\">No dia da Apresenta\u00e7\u00e3o de Nossa Senhora, neste ano na v\u00e9spera da Solenidade de Cristo Rei, comemoramos o Dia \u201cdas Religiosas de Clausura\u201d.\u00a0 \u00c9 uma boa oportunidade para abrirmos nossas mentes e valorizar essa bela voca\u00e7\u00e3o na Igreja e descobrir sua import\u00e2ncia no mundo.<\/p>\n<p><!--more--><\/p>\n<p style=\"text-align: justify\">Nossa Arquidiocese tem a gra\u00e7a de contar com comunidades de Monjas Contemplativas ou de Clausura de espiritualidade carmelitana e franciscana, como as carmelitas, concepcionistas e clarissas, al\u00e9m de outros grupos femininos e masculinos, entre os quais os beneditinos, e outras formas e espiritualidade orantes antigas e novas, masculinas e femininas, por\u00e9m, nem todas de \u201cclausura\u201d, como s\u00e3o chamadas essas irm\u00e3s, cujo dia comemoramos hoje.<\/p>\n<p style=\"text-align: justify\">Todos os crist\u00e3os t\u00eam a voca\u00e7\u00e3o de viver a vida na ora\u00e7\u00e3o e no trabalho, ou seja, na miss\u00e3o e na vida de ora\u00e7\u00e3o. Assim, tamb\u00e9m a Igreja necessita da voca\u00e7\u00e3o mission\u00e1ria radical e daquelas e daqueles vocacionados para a intercess\u00e3o orante e penitente. Em todos n\u00f3s devem estar a a\u00e7\u00e3o e a contempla\u00e7\u00e3o, a ora\u00e7\u00e3o e o trabalho, por\u00e9m, como Igreja, agradecemos a Deus a exist\u00eancia de pessoas que fazem de suas vidas a a\u00e7\u00e3o pela ora\u00e7\u00e3o e penit\u00eancia constante. \u00c9 o mist\u00e9rio da voca\u00e7\u00e3o \u201cde clausura\u201d, chamado de Deus, que leva a pessoa a uma doa\u00e7\u00e3o tal que a faz feliz em sua miss\u00e3o e dispon\u00edvel para o servi\u00e7o do Reino.<\/p>\n<p style=\"text-align: justify\">As nossas irm\u00e3s que vivem na clausura, como nos recorda o Papa Bento XVI, s\u00e3o uma \u201caut\u00eantica central de energia espiritual que se alimenta da fonte da contempla\u00e7\u00e3o, sob o exemplo da ora\u00e7\u00e3o \u00e0 qual Jesus se dedicava na solid\u00e3o\u201d, e exatamente por esse motivo est\u00e3o em grau de olhar a si mesmas, aos outros, \u00e0 hist\u00f3ria dos homens e das mulheres com os olhos misericordiosos de Cristo. \u201cN\u00e3o abdica ao seu modo de ver, mas aprende a ver verdadeiramente passando de uma perspectiva subjetiva \u2013 o seu estar diante de Cristo por todos \u2013 a uma perspectiva de conjunto, tentando ver o que v\u00ea Cristo, porque amar \u00e9 olhar na mesma dire\u00e7\u00e3o, \u00e9 morar no mesmo olhar (Edith Stein). Isso significa entrar nas coordenadas de Cristo, habitar nas suas v\u00edsceras de ternura, estar na mesma l\u00e1grima, aprender a ver no esp\u00edrito das bem-aventuran\u00e7as, contemplar a realidade suspensa entre o c\u00e9u e a terra, tornando a ver, como o bom samaritano, quem para muitos \u00e9 simplesmente invis\u00edvel.<\/p>\n<p style=\"text-align: justify\">Lembra-nos a Intru\u00e7\u00e3o Verbo sponsa, n\u00ba 6 \u201cpela sua espec\u00edfica chamada \u00e0 uni\u00e3o com Deus na contempla\u00e7\u00e3o, as monjas de clausura encontram-se plenamente na comunh\u00e3o da Igreja, tornando-se um sinal singular da uni\u00e3o \u00edntima com Deus de toda a comunidade crist\u00e3. Atrav\u00e9s da ora\u00e7\u00e3o, particularmente pela celebra\u00e7\u00e3o da liturgia, e da sua imola\u00e7\u00e3o quotidiana, elas intercedem por todo o povo de Deus e unem-se \u00e0 a\u00e7\u00e3o de gra\u00e7as que Jesus Cristo eleva ao Pai (cf. 2 Cor 1,20; Ef 5,19-20)\u201d.<\/p>\n<p style=\"text-align: justify\">Neste dia, mem\u00f3ria da Apresenta\u00e7\u00e3o de Nossa Senhora, a Igreja pede, h\u00e1 cinquenta anos, que dediquemos a nossa ora\u00e7\u00e3o \u00e0quelas que sempre est\u00e3o a rezar por todos n\u00f3s, e que concretizemos a nossa ora\u00e7\u00e3o fazendo tamb\u00e9m uma generosa oferta aos nossos Mosteiros.<\/p>\n<p style=\"text-align: justify\">Como disse ainda Bento XVI: \u201cEm virtude da primazia absoluta reservada a Cristo, os mosteiros est\u00e3o chamados a ser lugar nos quais se realize a celebra\u00e7\u00e3o da gl\u00f3ria de Deus, se adore e se cante a presen\u00e7a divina no mundo, misteriosa, por\u00e9m real; trata-se de viver o mandamento novo do amor e do servi\u00e7o rec\u00edproco, preparando assim \u2018a revela\u00e7\u00e3o final dos filhos de Deus\u2019 \u201d (cf. Rm 8, 19).<\/p>\n<p style=\"text-align: justify\">Disse ainda o Papa: \u201cPossam os mosteiros ser sempre cada vez mais o\u00e1sis de vida asc\u00e9tica, onde se percebe o fasc\u00ednio da uni\u00e3o esponsal com Cristo e onde a op\u00e7\u00e3o pelo Absoluto de Deus se encontra envolvida por um clima constante de ora\u00e7\u00e3o e de contempla\u00e7\u00e3o\u201d.<\/p>\n<p style=\"text-align: justify\">Por todas essas raz\u00f5es, em mais esta Jornada \u201cPro Orantibus\u201d, unamo-nos ao reconhecimento grato de toda a nossa Arquidiocese a essas irm\u00e3s que, como oferenda perfeita, buscam ser quotidianamente agrad\u00e1veis ao Senhor.<\/p>\n<h4 style=\"text-align: right\">Dom Orani Jo\u00e3o Tempesta<\/h4>\n","protected":false},"excerpt":{"rendered":"<p>No dia da Apresenta\u00e7\u00e3o de Nossa Senhora, neste ano na v\u00e9spera da Solenidade de Cristo Rei, comemoramos o Dia \u201cdas Religiosas de Clausura\u201d.\u00a0 \u00c9 uma boa oportunidade para abrirmos nossas mentes e valorizar essa bela voca\u00e7\u00e3o na Igreja e descobrir sua import\u00e2ncia no mundo.<\/p>\n","protected":false},"author":83,"featured_media":0,"comment_status":"open","ping_status":"open","sticky":false,"template":"","format":"standard","meta":{"site-sidebar-layout":"default","site-content-layout":"default","ast-global-header-display":"","ast-banner-title-visibility":"","ast-main-header-display":"","ast-hfb-above-header-display":"","ast-hfb-below-header-display":"","ast-hfb-mobile-header-display":"","site-post-title":"","ast-breadcrumbs-content":"","ast-featured-img":"","footer-sml-layout":"","theme-transparent-header-meta":"","adv-header-id-meta":"","stick-header-meta":"","header-above-stick-meta":"","header-main-stick-meta":"","header-below-stick-meta":""},"categories":[758],"tags":[],"acf":[],"_links":{"self":[{"href":"https:\/\/www.cnbb.org.br\/cnbb-app\/wp\/v2\/posts\/12399"}],"collection":[{"href":"https:\/\/www.cnbb.org.br\/cnbb-app\/wp\/v2\/posts"}],"about":[{"href":"https:\/\/www.cnbb.org.br\/cnbb-app\/wp\/v2\/types\/post"}],"author":[{"embeddable":true,"href":"https:\/\/www.cnbb.org.br\/cnbb-app\/wp\/v2\/users\/83"}],"replies":[{"embeddable":true,"href":"https:\/\/www.cnbb.org.br\/cnbb-app\/wp\/v2\/comments?post=12399"}],"version-history":[{"count":0,"href":"https:\/\/www.cnbb.org.br\/cnbb-app\/wp\/v2\/posts\/12399\/revisions"}],"wp:attachment":[{"href":"https:\/\/www.cnbb.org.br\/cnbb-app\/wp\/v2\/media?parent=12399"}],"wp:term":[{"taxonomy":"category","embeddable":true,"href":"https:\/\/www.cnbb.org.br\/cnbb-app\/wp\/v2\/categories?post=12399"},{"taxonomy":"post_tag","embeddable":true,"href":"https:\/\/www.cnbb.org.br\/cnbb-app\/wp\/v2\/tags?post=12399"}],"curies":[{"name":"wp","href":"https:\/\/api.w.org\/{rel}","templated":true}]}}