{"id":12400,"date":"2009-11-23T00:00:00","date_gmt":"2009-11-23T02:00:00","guid":{"rendered":"https:\/\/www.cnbb.org.br\/cristo-rei\/"},"modified":"2009-11-23T00:00:00","modified_gmt":"2009-11-23T02:00:00","slug":"cristo-rei","status":"publish","type":"post","link":"https:\/\/www.cnbb.org.br\/cristo-rei\/","title":{"rendered":"Cristo Rei"},"content":{"rendered":"<p style=\"text-align: justify\">Neste domingo, encerrando o Ano Lit\u00fargico dedicado ao Evangelista Marcos, celebramos com toda a Igreja a festa de Cristo Rei do Universo. \u00c9 tamb\u00e9m, no Brasil, o dia dos crist\u00e3os leigos e leigas e ainda o dia em que encerramos o Ano Catequ\u00e9tico. Esperamos que todos os trabalhos e reflex\u00f5es possam ter nos ajudado a animar e redescobrir ainda mais novos caminhos para a miss\u00e3o catequ\u00e9tica em nossa p\u00e1tria.<\/p>\n<p>  <!--more-->  <\/p>\n<p style=\"text-align: justify\">A festa lit\u00fargica do encerramento do ano nos remete ao final da exist\u00eancia e \u00e0 dire\u00e7\u00e3o \u00faltima, mas tamb\u00e9m nos faz ver a necessidade de Cristo reinar tamb\u00e9m hoje em nossas vidas, em nossa hist\u00f3ria, nos relacionamentos e na vida das pessoas.<\/p>\n<p style=\"text-align: justify\">Evidentemente que n\u00e3o se trata de um reinado \u00e0 moda dos reinos ainda existentes ou recordados na hist\u00f3ria, mas um reino espiritual, pois Jesus mesmo diz perante o Governador Romano, P\u00f4ncio Pilatos: \u201cO meu reino n\u00e3o \u00e9 deste mundo.\u201d<\/p>\n<p style=\"text-align: justify\">Falamos de um reino escatol\u00f3gico, do final dos tempos, quando Cristo Jesus, princ\u00edpio e fim, atrair\u00e1 todas as na\u00e7\u00f5es a si e Ele reinar\u00e1 como o \u201cALFA\u201d e o \u201cOMEGA\u201d de toda a hist\u00f3ria.<\/p>\n<p style=\"text-align: justify\">Com efeito, enquanto peregrina na terra, a Igreja, povo de Deus, estar\u00e1 sempre a caminho do reinado do amor, que j\u00e1 existe em plenitude na eternidade, mas aqui ela ser\u00e1 combatida e perseguida, como foi seu fundador, o Cristo Senhor.<\/p>\n<p style=\"text-align: justify\">No final dos tempos, Cristo Jesus reinar\u00e1 n\u00e3o s\u00f3 como Rei de toda a hist\u00f3ria, mas como o Senhor absoluto de todo o Universo.<\/p>\n<p style=\"text-align: justify\">Esse Cristo glorioso, escatol\u00f3gico e vencedor \u00e9 recordado por S\u00e3o Paulo na Carta aos Filipenses, Capitulo 2, 9 a 11: \u201cPor isso, Deus o exaltou acima de todo nome, para que, em nome de Jesus Cristo, todo joelho se dobre no c\u00e9u, na terra e abaixo da terra e toda l\u00edngua confesse: \u201cJesus Cristo \u00e9 o Senhor\u201d para gl\u00f3ria de Deus Pai.\u201d<\/p>\n<p style=\"text-align: justify\">Assim, embora o Reino de Deus, reino de amor e fraternidade, j\u00e1 esteja presente na Igreja, povo de Deus, compete a n\u00f3s crist\u00e3os implementar esse Reino, vivendo os ensinamentos de Cristo.<\/p>\n<p style=\"text-align: justify\">O tempo presente, por\u00e9m, \u00e9 o tempo do Esp\u00edrito e do testemunho e, ainda marcado pela tristeza e saudades do reino, mas \u00e9 um tempo de esperan\u00e7a e vit\u00f3ria no Cristo que vem vindo, vem chegando, na medida em que n\u00f3s vivermos o seu mist\u00e9rio.<\/p>\n<p style=\"text-align: justify\">O Servo de Deus Jo\u00e3o Paulo II, no ano de 1980, ensinou com clareza: \u201cA realeza de Cristo, que nasce da morte no Calv\u00e1rio e culmina no acontecimento dela insepar\u00e1vel, a ressurrei\u00e7\u00e3o, recorda-nos aquela centralidade, que a ele compete por motivo daquilo que \u00e9 e daquilo que fez. Verbo de Deus e Filho de Deus, primeiro que tudo e acima de tudo, \u00abpor Ele \u2014 como repetimos no Credo \u2014 todas as coisas foram feitas\u00bb. Ele tem um intr\u00ednseco, essencial e inalien\u00e1vel primado na ordem da cria\u00e7\u00e3o a respeito da qual \u00e9 a suprema causa exemplar. E depois que \u00abo Verbo se fez homem e habitou entre n\u00f3s\u00bb (Jo. 1, 14), tamb\u00e9m como homem e Filho do homem, consegue um segundo t\u00edtulo na ordem da reden\u00e7\u00e3o, mediante a obedi\u00eancia ao des\u00edgnio do Pai, mediante o sofrimento da morte e consequente triunfo da ressurrei\u00e7\u00e3o. Convergindo n&#8217;Ele este duplo primado, temos portanto n\u00e3o s\u00f3 o direito e o dever, mas tamb\u00e9m a satisfa\u00e7\u00e3o e a honra de confessar o Seu excelso senhorio sobre as coisas e sobre os homens, que pode ser chamado, com termo n\u00e3o certamente impr\u00f3prio nem metaf\u00f3rico, realeza. \u00abHumilhou-se a Si mesmo, feito obediente at\u00e9 \u00e0 morte e morte de cruz. Por isso \u00e9 que Deus O exaltou e Lhe deu um nome que est\u00e1 acima de todo o nome, para que, ao nome de Jesus, todo o joelho se dobre, nos c\u00e9us, na terra e nos infernos, e toda a l\u00edngua confesse que Jesus Cristo \u00e9 o Senhor\u00bb (Flp. 2, 8-11). Eis o nome de que nos fala o Ap\u00f3stolo: \u00e9 o nome do Senhor e serve para designar a inigual\u00e1vel dignidade, que s\u00f3 a Ele pertence e O coloca a Ele s\u00f3 \u2014 como escrevi no princ\u00edpio da minha primeira Enc\u00edclica \u2014 no centro, mesmo no v\u00e9rtice do cosmos e da hist\u00f3ria. Ave Dominus noster! Ave rex noster!\u201d<\/p>\n<p style=\"text-align: justify\">N\u00f3s, crist\u00e3os, nesse tempo de miss\u00e3o, de testemunho, somos chamados a ser a presen\u00e7a de Cristo na sociedade, por nossa fraternidade, unidade, perd\u00e3o, amor aos mais fracos, marginalizados, desprotegidos e \u00e0queles sem vez e sem voz, e dando passos para que o Reino se implante nos cora\u00e7\u00f5es e nas vidas das pessoas e em seus relacionamentos.<\/p>\n<p style=\"text-align: justify\">\u00c9 justamente a\u00ed que os crist\u00e3os leigos, presen\u00e7a e testemunho do evangelho no mundo, poder\u00e3o exercer melhor sua voca\u00e7\u00e3o e ser fermento no meio da massa, quando, como Igreja, povo de Deus, unidos entre n\u00f3s, forem sinais e exemplos de vida crist\u00e3 em todos os segmentos da sociedade e anunciarem, com renovado ardor, o Cristo Senhor atrav\u00e9s de suas vidas e sua presen\u00e7a social.<\/p>\n<p style=\"text-align: justify\">Que a Solenidade de Cristo Rei nos leve ao compromisso do reino de Cristo, do qual somos participantes, art\u00edfices, membros, disc\u00edpulos, ap\u00f3stolos, profetas. Que a paz de Cristo, Rei da paz, impere nos cora\u00e7\u00f5es e nos ajude a ser mais humanos, compassivos, fraternos e pac\u00edficos.<\/p>\n<h4 style=\"text-align: right\">Dom Orani Jo\u00e3o Tempesta<\/h4>\n","protected":false},"excerpt":{"rendered":"<p>Neste domingo, encerrando o Ano Lit\u00fargico dedicado ao Evangelista Marcos, celebramos com toda a Igreja a festa de Cristo Rei do Universo. \u00c9 tamb\u00e9m, no Brasil, o dia dos crist\u00e3os leigos e leigas e ainda o dia em que encerramos o Ano Catequ\u00e9tico. Esperamos que todos os trabalhos e reflex\u00f5es possam ter nos ajudado a &hellip;<\/p>\n<p class=\"read-more\"> <a class=\"\" href=\"https:\/\/www.cnbb.org.br\/cristo-rei\/\"> <span class=\"screen-reader-text\">Cristo Rei<\/span> Leia mais &raquo;<\/a><\/p>\n","protected":false},"author":83,"featured_media":0,"comment_status":"open","ping_status":"open","sticky":false,"template":"","format":"standard","meta":{"site-sidebar-layout":"default","site-content-layout":"default","ast-global-header-display":"","ast-banner-title-visibility":"","ast-main-header-display":"","ast-hfb-above-header-display":"","ast-hfb-below-header-display":"","ast-hfb-mobile-header-display":"","site-post-title":"","ast-breadcrumbs-content":"","ast-featured-img":"","footer-sml-layout":"","theme-transparent-header-meta":"","adv-header-id-meta":"","stick-header-meta":"","header-above-stick-meta":"","header-main-stick-meta":"","header-below-stick-meta":""},"categories":[758],"tags":[],"acf":[],"_links":{"self":[{"href":"https:\/\/www.cnbb.org.br\/cnbb-app\/wp\/v2\/posts\/12400"}],"collection":[{"href":"https:\/\/www.cnbb.org.br\/cnbb-app\/wp\/v2\/posts"}],"about":[{"href":"https:\/\/www.cnbb.org.br\/cnbb-app\/wp\/v2\/types\/post"}],"author":[{"embeddable":true,"href":"https:\/\/www.cnbb.org.br\/cnbb-app\/wp\/v2\/users\/83"}],"replies":[{"embeddable":true,"href":"https:\/\/www.cnbb.org.br\/cnbb-app\/wp\/v2\/comments?post=12400"}],"version-history":[{"count":0,"href":"https:\/\/www.cnbb.org.br\/cnbb-app\/wp\/v2\/posts\/12400\/revisions"}],"wp:attachment":[{"href":"https:\/\/www.cnbb.org.br\/cnbb-app\/wp\/v2\/media?parent=12400"}],"wp:term":[{"taxonomy":"category","embeddable":true,"href":"https:\/\/www.cnbb.org.br\/cnbb-app\/wp\/v2\/categories?post=12400"},{"taxonomy":"post_tag","embeddable":true,"href":"https:\/\/www.cnbb.org.br\/cnbb-app\/wp\/v2\/tags?post=12400"}],"curies":[{"name":"wp","href":"https:\/\/api.w.org\/{rel}","templated":true}]}}