{"id":12401,"date":"2009-11-12T00:00:00","date_gmt":"2009-11-12T02:00:00","guid":{"rendered":"https:\/\/www.cnbb.org.br\/a-caminhada-da-santidade\/"},"modified":"2009-11-12T00:00:00","modified_gmt":"2009-11-12T02:00:00","slug":"a-caminhada-da-santidade","status":"publish","type":"post","link":"https:\/\/www.cnbb.org.br\/a-caminhada-da-santidade\/","title":{"rendered":"A caminhada da santidade"},"content":{"rendered":"<p style=\"text-align: justify\">Com muita alegria pudemos iniciar, com um grupo de padres da Arquidiocese de S\u00e3o Sebasti\u00e3o do Rio de Janeiro, o primeiro retiro espiritual deste ano. Ser\u00e3o ao todo cinco turmas que estar\u00e3o participando desses momentos intensos de ora\u00e7\u00e3o e espiritualidade. O convite que fiz a D. Vicente Joaquim Zico para partilhar suas experi\u00eancias de participante do carisma de S\u00e3o Vicente de Paulo e da sua longa vida a servi\u00e7o da Igreja foi pelo testemunho de sua vida que pude presenciar durante nossa conviv\u00eancia em Bel\u00e9m do Par\u00e1.<\/p>\n<p>  <!--more-->  <\/p>\n<p style=\"text-align: justify\">Acredito que neste ano sacerdotal, esses momentos de intensa espiritualidade e de aprofundamento de nossa vida com o reavivamento de nossa voca\u00e7\u00e3o, somos chamados a percorrer o caminho da convers\u00e3o, da santidade, que mesmo sendo para todos, para os presb\u00edteros se reveste de um car\u00e1ter especial. \u00c9 o momento tamb\u00e9m que todo o nosso povo \u00e9 convidado a rezar pelos seus padres. Al\u00e9m da recomenda\u00e7\u00e3o j\u00e1 dada pelo Papa Bento XVI, necessitamos pedir pela santifica\u00e7\u00e3o de nossos padres e pelo aumento das voca\u00e7\u00f5es sacerdotais e religiosas.<\/p>\n<p style=\"text-align: justify\">Deus, em seu plano de amor sem limites, chama o homem a percorrer um itiner\u00e1rio cuja meta \u00e9 a felicidade, a realiza\u00e7\u00e3o perfeita da sua personalidade, ou seja, a santidade. Santo Irineu de Li\u00e3o (+202) o reconhecia ao dizer: \u201cA gl\u00f3ria de Deus \u00e9 o homem vivo\u201d. Mas a segunda parte da afirma\u00e7\u00e3o do santo reconhecia tamb\u00e9m que \u201ca vida do homem \u00e9 a vis\u00e3o de Deus\u201d (Adversus haereses IV, 20, 7).<\/p>\n<p style=\"text-align: justify\">Assim, a perfeita realiza\u00e7\u00e3o do homem consiste, em \u00faltima an\u00e1lise, na vis\u00e3o de Deus, na comunh\u00e3o trinit\u00e1ria, fonte de todo bem e de toda paz. Felicidade humana e uni\u00e3o com Deus coincidem-se de modo admir\u00e1vel.<\/p>\n<p style=\"text-align: justify\">O caminho da santidade, que todos somos chamados a percorrer com a gra\u00e7a de Deus, sup\u00f5e passos bem concretos. Ser santo significa pertencer a Deus, significa percorrer as etapas que levam a Deus.<\/p>\n<p style=\"text-align: justify\">Fomos criados por Deus: esta \u00e9 a etapa que n\u00e3o escolhemos; \u00e9 Deus quem nos escolhe. Em um gesto infinito de amor, o Senhor tira-nos do nada e nos d\u00e1 a exist\u00eancia. Nascemos para viver eternamente conhecendo a Deus pela F\u00e9 enquanto aqui caminhamos at\u00e9 o momento em que o veremos tal como Ele \u00e9 na vis\u00e3o beat\u00edfica.<\/p>\n<p style=\"text-align: justify\">Por\u00e9m, experimentamos como pessoa e como membros da humanidade a nossa fragilidade praticando o mal e, por causa do pecado, precisamos ser justificados: precisamos nos tornar amigos de Deus; a gra\u00e7a da justifica\u00e7\u00e3o, Deus no-la concede gratuitamente por Jesus Cristo, no Esp\u00edrito Santo. Quem recebe o Batismo \u00e9 tornado filho de Deus gratuitamente. Quem, por desventura, peca depois do Batismo, \u00e9 justificado novamente, e de gra\u00e7a, pela confiss\u00e3o sincera do pecado. Somos lavados no Sangue redentor de Cristo!<\/p>\n<p style=\"text-align: justify\">Nascidos, pois, para a vida e justificados em Cristo Jesus a consequ\u00eancia s\u00e3o os frutos da vida nova recebida pelo Batismo ou recuperada pela Penit\u00eancia. Teremos assim a oportunidade de fazer frutificar em boas obras a gra\u00e7a de Deus recebida. A gra\u00e7a deve produzir frutos de amor efetivo; ela n\u00e3o pode ficar est\u00e9ril. E nesse sentido muitos passos poder\u00e3o ser dados.<\/p>\n<p style=\"text-align: justify\">A nossa etapa final \u00e9 a glorifica\u00e7\u00e3o. Deus nos faz participar de sua gl\u00f3ria eterna. J\u00e1 que aceitamos que sua gra\u00e7a agisse em n\u00f3s, Deus nos recompensa com a \u201cvida em abund\u00e2ncia\u201d (Jo 10,10). A alegria aqui \u00e9 indiz\u00edvel: \u201cO que Deus preparou para aqueles que o amam \u00e9 algo que os olhos jamais viram, nem os ouvidos ouviram, nem cora\u00e7\u00e3o algum jamais pressentiu\u201d (1Cor 2, 9). Essa vida come\u00e7a e \u00e9 preparada pelas nossas atitudes aqui, enquanto caminhamos.<\/p>\n<p style=\"text-align: justify\">Os santos que veneramos na Igreja alcan\u00e7aram a meta e s\u00e3o est\u00edmulo para n\u00f3s. A santidade n\u00e3o \u00e9 s\u00f3 para alguns; \u00e9 um convite para todos. E \u00e9 Deus mesmo quem nos sustenta no caminho, apesar de nossas fraquezas. \u201cTudo concorre para o bem daqueles que amam a Deus\u201d (Rm 8, 28).<\/p>\n<p style=\"text-align: justify\">Celebramos no in\u00edcio deste m\u00eas a Solenidade de todos os Santos, aqueles canonizados pela Igreja e colocados \u00e0 venera\u00e7\u00e3o p\u00fablica dos fi\u00e9is e a multid\u00e3o dos santos an\u00f4nimos para n\u00f3s, mas conhecidos de Deus. Com propriedade, disse o Santo Padre Bento XVI: \u201cQuanto \u00e9 bela e consoladora a comunh\u00e3o dos santos,\u00a0 salientando depois que se trata de uma realidade que infunde uma dimens\u00e3o diferente \u00e0 nossa vida inteira. Nunca estamos sozinhos. Fazemos parte de uma companhia espiritual, na qual reina uma profunda solidariedade: o bem de cada um vai em vantagem de todos e vice versa; a felicidade comum irradia-se em cada um. \u00c9 um mist\u00e9rio que de qualquer maneira podemos experimentar j\u00e1 neste mundo, na fam\u00edlia, na amizade, especialmente na comunidade espiritual da Igreja.\u201d<\/p>\n<p style=\"text-align: justify\">Tenho certeza de que percorrendo o caminho em busca da santidade, todos n\u00f3s, e em especial nossos padres durante este tempo de exerc\u00edcios espirituais, possamos em nossa Arquidiocese e no mundo lutar pela paz, conc\u00f3rdia, unidade, alegria, vida anunciando ao mundo a Boa Not\u00edcia da presen\u00e7a do Cristo Ressuscitado entre n\u00f3s.<\/p>\n<h4 style=\"text-align: right\">Dom Orani Jo\u00e3o Tempesta<\/h4>\n","protected":false},"excerpt":{"rendered":"<p>Com muita alegria pudemos iniciar, com um grupo de padres da Arquidiocese de S\u00e3o Sebasti\u00e3o do Rio de Janeiro, o primeiro retiro espiritual deste ano. Ser\u00e3o ao todo cinco turmas que estar\u00e3o participando desses momentos intensos de ora\u00e7\u00e3o e espiritualidade. O convite que fiz a D. Vicente Joaquim Zico para partilhar suas experi\u00eancias de participante &hellip;<\/p>\n<p class=\"read-more\"> <a class=\"\" href=\"https:\/\/www.cnbb.org.br\/a-caminhada-da-santidade\/\"> <span class=\"screen-reader-text\">A caminhada da santidade<\/span> Leia mais &raquo;<\/a><\/p>\n","protected":false},"author":83,"featured_media":0,"comment_status":"open","ping_status":"open","sticky":false,"template":"","format":"standard","meta":{"site-sidebar-layout":"default","site-content-layout":"default","ast-global-header-display":"","ast-banner-title-visibility":"","ast-main-header-display":"","ast-hfb-above-header-display":"","ast-hfb-below-header-display":"","ast-hfb-mobile-header-display":"","site-post-title":"","ast-breadcrumbs-content":"","ast-featured-img":"","footer-sml-layout":"","theme-transparent-header-meta":"","adv-header-id-meta":"","stick-header-meta":"","header-above-stick-meta":"","header-main-stick-meta":"","header-below-stick-meta":""},"categories":[758],"tags":[],"acf":[],"_links":{"self":[{"href":"https:\/\/www.cnbb.org.br\/cnbb-app\/wp\/v2\/posts\/12401"}],"collection":[{"href":"https:\/\/www.cnbb.org.br\/cnbb-app\/wp\/v2\/posts"}],"about":[{"href":"https:\/\/www.cnbb.org.br\/cnbb-app\/wp\/v2\/types\/post"}],"author":[{"embeddable":true,"href":"https:\/\/www.cnbb.org.br\/cnbb-app\/wp\/v2\/users\/83"}],"replies":[{"embeddable":true,"href":"https:\/\/www.cnbb.org.br\/cnbb-app\/wp\/v2\/comments?post=12401"}],"version-history":[{"count":0,"href":"https:\/\/www.cnbb.org.br\/cnbb-app\/wp\/v2\/posts\/12401\/revisions"}],"wp:attachment":[{"href":"https:\/\/www.cnbb.org.br\/cnbb-app\/wp\/v2\/media?parent=12401"}],"wp:term":[{"taxonomy":"category","embeddable":true,"href":"https:\/\/www.cnbb.org.br\/cnbb-app\/wp\/v2\/categories?post=12401"},{"taxonomy":"post_tag","embeddable":true,"href":"https:\/\/www.cnbb.org.br\/cnbb-app\/wp\/v2\/tags?post=12401"}],"curies":[{"name":"wp","href":"https:\/\/api.w.org\/{rel}","templated":true}]}}