{"id":12405,"date":"2009-10-19T00:00:00","date_gmt":"2009-10-19T02:00:00","guid":{"rendered":"https:\/\/www.cnbb.org.br\/domingo-o-dia-do-senhor\/"},"modified":"2009-10-19T00:00:00","modified_gmt":"2009-10-19T02:00:00","slug":"domingo-o-dia-do-senhor","status":"publish","type":"post","link":"https:\/\/www.cnbb.org.br\/domingo-o-dia-do-senhor\/","title":{"rendered":"Domingo, o Dia do Senhor"},"content":{"rendered":"<p style=\"text-align: justify\">O terceiro dia ap\u00f3s a Paix\u00e3o, o primeiro dia da semana, quando Jesus Cristo ressurgiu dentre os mortos, \u00e9 o Domingo, o dia do Senhor! \u201cNo primeiro dia, bem de madrugada, as mulheres foram ao t\u00famulo levando perfumes que tinham preparado. Encontraram a pedra removida, mas, ao entrarem n\u00e3o encontraram o corpo de Jesus e ficaram sem saber o que estava acontecendo. Nisso, dois homens com vestes resplandecentes pararam perto delas. Tomadas de medo, elas olhavam para o ch\u00e3o. Eles, por\u00e9m, disseram-lhes: \u201cPor que estais procurando entre os mortos aquele que est\u00e1 vivo? N\u00e3o est\u00e1 aqui. Ressuscitou!\u201d(Lc, 24, 1 a 6).<\/p>\n<p>  <!--more-->  <\/p>\n<p style=\"text-align: justify\">\u00c9 o primeiro dia da semana, que na narra\u00e7\u00e3o do G\u00eanesis corresponde ao dia em que foi criada a LUZ (Gn, 1, 3).<\/p>\n<p style=\"text-align: justify\">O Domingo, primeiro dia da semana, em raz\u00e3o de ser o dia em que o Senhor ressurgiu dentre os mortos, tomou, tanto no Oriente como no Ocidente, o lugar do s\u00e1bado, que na narrativa b\u00edblica da cria\u00e7\u00e3o do mundo foi o dia que o Criador repousou e santificou esse dia.<\/p>\n<p style=\"text-align: justify\">\u00c9 uma linguagem simb\u00f3lica, pois o Deus Criador est\u00e1 sempre operante, e a cria\u00e7\u00e3o do mundo se renova a cada dia. Os primeiros crist\u00e3os, como os narram as Escrituras, se reuniam no primeiro dia da semana \u2013 quando se encontraram com Jesus Cristo Ressuscitado! Da\u00ed para frente, para os crist\u00e3os, a partir do s\u00e1bado \u00e0 noite passou o dia de descanso, o dia do Senhor, o dia da Celebra\u00e7\u00e3o da Eucaristia, o dia de encontro com a sua comunidade! A Ressurrei\u00e7\u00e3o de Cristo \u00e9 o acontecimento central da f\u00e9 e da hist\u00f3ria \u2013 da\u00ed vem a nossa celebra\u00e7\u00e3o semanal desse encontro.<\/p>\n<p style=\"text-align: justify\">A vida toda do homem \u00e9 para ser vivida como tempo de louvor e agradecimento ao Criador e, por isso, necessita o homem de momentos expl\u00edcitos de ora\u00e7\u00e3o, nos quais todo o seu ser \u00e9 envolvido pela pessoa terna de seu Deus e Pai.<\/p>\n<p style=\"text-align: justify\">O Domingo \u00e9, pois, o dia por excel\u00eancia para que essa rela\u00e7\u00e3o \u2013 Deus e homem \u2013 seja intensificada, mas, tamb\u00e9m, o Domingo \u00e9 o dia do repouso, no qual se interrompe toda a atividade de trabalho para que haja recupera\u00e7\u00e3o dessas horas, que muitas vezes oprime o homem.<\/p>\n<p style=\"text-align: justify\">Sabemos como em outras culturas o dia de descanso \u00e9 respeitado por todos e n\u00e3o h\u00e1 nenhuma dificuldade em sair de suas casas para louvar a Deus nesses dias consagrados!<\/p>\n<p style=\"text-align: justify\">Todavia, na sociedade ocidental hodierna, as evolu\u00e7\u00f5es s\u00f3cio-econ\u00f4micas, a mudan\u00e7a cultural, a dificuldade em viver os valores da vida crist\u00e3 acabaram por modificar sensivelmente o sentido sacro do repouso para transform\u00e1-lo, unicamente, em dia de lazer, sem qualquer conota\u00e7\u00e3o com o sentido original do Domingo.<\/p>\n<p style=\"text-align: justify\">Sem deixar de reconhecer o sentido positivo que o descanso tem para o ser humano, n\u00e3o podemos deixar de ver que quando o lazer se torna o \u00fanico objetivo do descanso dominical, o homem acaba por isolar-se em seu mundo e esquece a dimens\u00e3o mais sublime que \u00e9 esse dia santificado pelo Senhor \u2013 esquece o transcendente. N\u00e3o se faz mais a mem\u00f3ria dos acontecimentos que Deus nos proporciona em nossa caminhada.<\/p>\n<p style=\"text-align: justify\">Por isso, vemos multid\u00f5es de pessoas que lotam os lugares de lazer e compras, que s\u00e3o os novos templos de adora\u00e7\u00e3o do homem, que vagam engalanados por est\u00edmulos de compras de coisas, muitas vezes sup\u00e9rfluas, que lhe deixam um vazio imenso, uma vez que seu vazio existencial n\u00e3o ser\u00e1 preenchido com coisas materiais, mas quando ele, humildemente, se volta para seu Deus e Criador. Esquecemos que s\u00f3 Deus basta! \u00c9 o grito que ecoa do Carmelo, cuja reformadora comemoramos dias atr\u00e1s.<\/p>\n<p style=\"text-align: justify\">Um superior geral de uma ordem dizia que gostava de passear nos locais de compras e de consumo para ver de quanta coisa ele n\u00e3o precisava para ser feliz!<\/p>\n<p style=\"text-align: justify\">Neste tempo de relativismos e neglig\u00eancias de nossa caminhada crist\u00e3, \u00e9 muito importante que o Domingo volte a ser o dia do Senhor, dia de descanso, \u00e9 verdade, mas dia em que o homem se volta para seu Deus e lhe agradece a vida, os bens que tem, a sa\u00fade, a fam\u00edlia, a alegria de viver, e isso, como comunidade orante!<\/p>\n<p style=\"text-align: justify\">O Domingo \u00e9, pois, o dia do louvor ao Senhor, mas tamb\u00e9m de a\u00e7\u00e3o de gra\u00e7as pela vida, pelo c\u00e9u, pelo ar, pela nossa p\u00e1tria, pela nossa f\u00e9.<\/p>\n<p style=\"text-align: justify\">Mesmo em pa\u00edses em que o Domingo \u00e9 um dia de trabalho normal, os crist\u00e3os de ontem e de hoje procuram celebrar at\u00e9 de madrugada ou altas horas da noite e, ao celebr\u00e1-lo, sempre t\u00eam em mente e cora\u00e7\u00e3o que era o dia do Senhor que vem vindo e elevavam seu grito de esperan\u00e7a: \u201cmaranatha\u201d Vem, Senhor Jesus, vem Senhor Jesus!<\/p>\n<p style=\"text-align: justify\">O saudoso Pont\u00edfice Jo\u00e3o Paulo II, a 31 de maio de 1998 publicou a Carta Apost\u00f3lica \u201cDies Domini\u201d. Com grande propriedade adverte o Servo de Deus: \u201cAo domingo, portanto, aplica-se, com muito acerto, a exclama\u00e7\u00e3o do Salmista: \u201cEste \u00e9 o dia que Senhor fez: exultemos e cantemos de alegria (118 [117], 24). Este convite \u00e0 alegria, que a liturgia de P\u00e1scoa assume como pr\u00f3prio, traz em si o sinal daquele alvoro\u00e7o que se apoderou das mulheres \u2013 elas que tinham assistido \u00e0 crucifix\u00e3o de Cristo \u2013 quando, dirigindo-se ao sepulcro \u201cmuito cedo, no primeiro dia depois do s\u00e1bado\u201d (Mc 16,2), o encontraram vazio. \u00c9 um convite a reviver, de algum modo, a experi\u00eancia dos dois disc\u00edpulos de Ema\u00fas, que sentiram \u201co cora\u00e7\u00e3o a arder no peito\u201d, quando o Ressuscitado caminhava com eles, explicando as Escrituras e revelando-Se ao \u201cpartir do p\u00e3o\u201d (cf. Lc 24,32.35). \u00c9 o eco da alegria, ao princ\u00edpio hesitante e depois incontida, que os Ap\u00f3stolos experimentaram na tarde daquele mesmo dia, quando foram visitados por Jesus ressuscitado e receberam o dom da sua paz e do seu Esp\u00edrito (cf. Jo 20,1923).<\/p>\n<p style=\"text-align: justify\">Retomemos o pensamento de Jo\u00e3o Paulo II revalorizando o domingo como o dia do senhor. Por isso, da mesma forma, o Crist\u00e3o de hoje, a cada Domingo, sucedido por outro, caminha para o Domingo sem fim, a P\u00e1tria Celeste, a m\u00edstica cidade de Deus que, \u201cn\u00e3o necessita de Sol, nem de Lua para ilumin\u00e1-la, porque \u00e9 iluminada pela gl\u00f3ria de Deus, e sua Luz \u00e9 o Cordeiro\u201d (Ap. 21,23).<\/p>\n<p style=\"text-align: justify\">Eis um programa importante e essencial para cada domingo que nos ajuda no crescimento de nossa f\u00e9 e entusiasmo no Senhor. Que possamos testemunhar esses sinais pelas nossas vidas e participa\u00e7\u00e3o consciente e valorizada que o Senhor nos precede e nos ilumina pelo Seu Esp\u00edrito.<\/p>\n<p style=\"text-align: justify\">Gra\u00e7as a Deus, hoje, a participa\u00e7\u00e3o entusiasta e alegre aumentou muito em rela\u00e7\u00e3o \u00e0 participa\u00e7\u00e3o no passado. Hoje, al\u00e9m do n\u00famero maior de participantes, eles exercem muitos minist\u00e9rios na Igreja. Louvado seja o Senhor Jesus Cristo pelos passos dados, e que Ele nos ajude com a sua intercess\u00e3o e unidade!<\/p>\n<p style=\"text-align: justify\">Que a paz reine em nossas fronteiras e que o Domingo nos ensine a acreditar na vida e no mundo novo!<\/p>\n<h4 style=\"text-align: right\">Dom Orani Jo\u00e3o Tempesta<\/h4>\n","protected":false},"excerpt":{"rendered":"<p>O terceiro dia ap\u00f3s a Paix\u00e3o, o primeiro dia da semana, quando Jesus Cristo ressurgiu dentre os mortos, \u00e9 o Domingo, o dia do Senhor! \u201cNo primeiro dia, bem de madrugada, as mulheres foram ao t\u00famulo levando perfumes que tinham preparado. Encontraram a pedra removida, mas, ao entrarem n\u00e3o encontraram o corpo de Jesus e &hellip;<\/p>\n<p class=\"read-more\"> <a class=\"\" href=\"https:\/\/www.cnbb.org.br\/domingo-o-dia-do-senhor\/\"> <span class=\"screen-reader-text\">Domingo, o Dia do Senhor<\/span> Leia mais &raquo;<\/a><\/p>\n","protected":false},"author":83,"featured_media":0,"comment_status":"open","ping_status":"open","sticky":false,"template":"","format":"standard","meta":{"site-sidebar-layout":"default","site-content-layout":"default","ast-global-header-display":"","ast-banner-title-visibility":"","ast-main-header-display":"","ast-hfb-above-header-display":"","ast-hfb-below-header-display":"","ast-hfb-mobile-header-display":"","site-post-title":"","ast-breadcrumbs-content":"","ast-featured-img":"","footer-sml-layout":"","theme-transparent-header-meta":"","adv-header-id-meta":"","stick-header-meta":"","header-above-stick-meta":"","header-main-stick-meta":"","header-below-stick-meta":""},"categories":[758],"tags":[],"acf":[],"_links":{"self":[{"href":"https:\/\/www.cnbb.org.br\/cnbb-app\/wp\/v2\/posts\/12405"}],"collection":[{"href":"https:\/\/www.cnbb.org.br\/cnbb-app\/wp\/v2\/posts"}],"about":[{"href":"https:\/\/www.cnbb.org.br\/cnbb-app\/wp\/v2\/types\/post"}],"author":[{"embeddable":true,"href":"https:\/\/www.cnbb.org.br\/cnbb-app\/wp\/v2\/users\/83"}],"replies":[{"embeddable":true,"href":"https:\/\/www.cnbb.org.br\/cnbb-app\/wp\/v2\/comments?post=12405"}],"version-history":[{"count":0,"href":"https:\/\/www.cnbb.org.br\/cnbb-app\/wp\/v2\/posts\/12405\/revisions"}],"wp:attachment":[{"href":"https:\/\/www.cnbb.org.br\/cnbb-app\/wp\/v2\/media?parent=12405"}],"wp:term":[{"taxonomy":"category","embeddable":true,"href":"https:\/\/www.cnbb.org.br\/cnbb-app\/wp\/v2\/categories?post=12405"},{"taxonomy":"post_tag","embeddable":true,"href":"https:\/\/www.cnbb.org.br\/cnbb-app\/wp\/v2\/tags?post=12405"}],"curies":[{"name":"wp","href":"https:\/\/api.w.org\/{rel}","templated":true}]}}