{"id":12406,"date":"2009-10-19T00:00:00","date_gmt":"2009-10-19T02:00:00","guid":{"rendered":"https:\/\/www.cnbb.org.br\/ai-de-mim-se-nao-evangelizar\/"},"modified":"2009-10-19T00:00:00","modified_gmt":"2009-10-19T02:00:00","slug":"ai-de-mim-se-nao-evangelizar","status":"publish","type":"post","link":"https:\/\/www.cnbb.org.br\/ai-de-mim-se-nao-evangelizar\/","title":{"rendered":"Ai de mim se n\u00e3o evangelizar"},"content":{"rendered":"<p style=\"text-align: justify\">No pr\u00f3ximo domingo, dia 25 de outubro, a Arquidiocese do Rio de Janeiro ir\u00e1 iniciar mais uma etapa da elabora\u00e7\u00e3o do seu 11\u00ba Plano de Pastoral e tamb\u00e9m far\u00e1 o envio mission\u00e1rio dentro do contexto da \u201cmiss\u00e3o continental\u201d. Isso acontecer\u00e1 no Santu\u00e1rio Mariano Arquidiocesano de Nossa Senhora da Penha.<\/p>\n<p>  <!--more-->  <\/p>\n<p style=\"text-align: justify\">No domingo das miss\u00f5es, o Papa Bento XVI recordou-nos, em sua mensagem anual, o bel\u00edssimo tema: \u201cAs na\u00e7\u00f5es caminhar\u00e3o \u00e0 sua luz\u201d (Ap 21, 24). Com rela\u00e7\u00e3o a isso, ele nos lembra que \u201co objetivo da miss\u00e3o da Igreja \u00e9 iluminar com a luz do Evangelho todos os povos em seu caminhar na hist\u00f3ria rumo a Deus, pois Nele encontramos a sua plena realiza\u00e7\u00e3o\u201d. E tamb\u00e9m que \u201cdevemos sentir o anseio e a paix\u00e3o de iluminar todos os povos, com a luz de Cristo, que resplandece no rosto da Igreja, para que todos se re\u00fanam na \u00fanica fam\u00edlia humana, sob a am\u00e1vel paternidade de Deus\u201d.<\/p>\n<p style=\"text-align: justify\">No Brasil, sempre levados e iluminados pelo tema da Campanha da Fraternidade, durante este m\u00eas refletimos sobre \u201cenviados para anunciar a Boa Nova (Lc 4,18)\u201d. \u00c9 claro que tanto o dia mundial como o m\u00eas mission\u00e1rio s\u00e3o ocasi\u00f5es para uma redescoberta e, ainda mais, um reavivamento do nosso esp\u00edrito mission\u00e1rio.<\/p>\n<p style=\"text-align: justify\">No domingo, dia 11, foi canonizado um grande mission\u00e1rio destes \u00faltimos tempos \u2013 o Padre Dami\u00e3o de Molokai \u2013 jovem belga, que vindo como mission\u00e1rio \u00e0s ilhas do Hava\u00ed, se disp\u00f5e a viver na ilha com os \u201cleprosos\u201d que eram banidos do meio social na \u00e9poca. A Igreja tem grandes sinais, ontem e hoje que nos encorajam e enchem o nosso cora\u00e7\u00e3o de fervor mission\u00e1rio.<\/p>\n<p style=\"text-align: justify\">S\u00e3o Paulo, grande ap\u00f3stolo e propagador do Evangelho de Nosso Senhor Jesus Cristo, diz a si mesmo algo que se aplica a todo batizado: ai de mim se n\u00e3o evangelizar!<\/p>\n<p style=\"text-align: justify\">Com efeito, a urg\u00eancia em divulgar as mensagens de Cristo a todo tempo e em qualquer lugar \u00e9 uma obriga\u00e7\u00e3o de todo batizado, necessidade hoje mais do que imperativa no mundo em que vivemos, marcado pelo neo-paganismo, pelo hedonismo, subjetivismos e pelo individualismo.<\/p>\n<p style=\"text-align: justify\">A raz\u00e3o \u00faltima da miss\u00e3o de evangelizar nasce da vontade de Deus Pai, expressa por Jesus Cristo, que quer que todos sejam salvos e cheguem ao pleno conhecimento da verdade.<\/p>\n<p style=\"text-align: justify\">Assim, o crist\u00e3o, seduzido pelos ensinamentos de Jesus Cristo, n\u00e3o pode deixar de testemunh\u00e1-Lo onde quer que esteja, isto \u00e9, na sua casa, no seu trabalho, no seu conv\u00edvio social. \u00c9 o que nos recorda o documento de Aparecida: quem \u00e9 verdadeiramente disc\u00edpulo, \u00e9 tamb\u00e9m mission\u00e1rio, e vive em estado de miss\u00e3o permanente!<\/p>\n<p style=\"text-align: justify\">Com efeito, o pr\u00f3prio Cristo, caminho, verdade e vida, determina aos ap\u00f3stolos o que se aplica a todos n\u00f3s: \u201cV\u00e3o pelo mundo inteiro e anunciem a Boa Nova a toda humanidade. Quem acreditar e for batizado ser\u00e1 salvo. Quem n\u00e3o acreditar, ser\u00e1 condenado\u201d (MC 16, 15-16).<\/p>\n<p style=\"text-align: justify\">Mas que Boa Nova \u00e9 essa? A Boa Nova, que todo crist\u00e3o deve anunciar a todos, a come\u00e7ar em sua pr\u00f3pria casa, \u00e9 que Deus, nosso Criador, \u00e9 Pai de todos, todos somos irm\u00e3os e que somos chamados a amar-nos e amarmos aos outros, como seu Filho Jesus Cristo nos amou, entregando-se \u00e0 morte, e morte de cruz, em favor de cada um de n\u00f3s. Como necessitamos construir fraternidade, viver o perd\u00e3o a cada dia e sermos sinais concretos dessas realidades!<\/p>\n<p style=\"text-align: justify\">Num mundo marcado pelo ego\u00edsmo, onde cada um somente busca o seu pr\u00f3prio bem, esquecendo-se dos demais, Cristo Jesus traz para n\u00f3s outra maneira de pensar e viver, que \u00e9 o amor ao nosso irm\u00e3o, da mesma maneira que nos amamos a n\u00f3s mesmos.<\/p>\n<p style=\"text-align: justify\">S\u00e3o Paulo, na segunda Carta a Tim\u00f3teo, faz-lhe um apelo dram\u00e1tico, o qual, tamb\u00e9m \u00e9 dirigido na pessoa desse seu disc\u00edpulo, a todos n\u00f3s: \u201cRogo a voc\u00ea, diante de Deus e de Jesus Cristo, que h\u00e1 de vir para julgar os vivos e os mortos pela sua manifesta\u00e7\u00e3o de seu Reino: proclame a Palavra, insista no tempo oportuno e inoportuno, advertindo, reprovando e aconselhando com toda paci\u00eancia e doutrina\u201d. (2Tm, 4, 1-2).<\/p>\n<p style=\"text-align: justify\">Ent\u00e3o, o julgamento de todo homem se dar\u00e1 pelo seu empenho ou n\u00e3o na manifesta\u00e7\u00e3o das verdades evang\u00e9licas, oportuna ou inoportunamente, isto \u00e9, a todo tempo, em qualquer circunst\u00e2ncia de nossa vida.<\/p>\n<p style=\"text-align: justify\">Muitas vezes somos demais racionalistas e transformamos as verdades evang\u00e9licas em teorias, e nosso querido Deus e Pai, numa divindade distante.<\/p>\n<p style=\"text-align: justify\">Deus, todavia, necessita de homens e mulheres que sejam testemunhas de que Ele est\u00e1 ao nosso lado, e age sempre atrav\u00e9s das pessoas que creem Nele e fazem de sua vida o testemunho vivo de que Ele olha por n\u00f3s.\u00a0 Eis o testemunho da Madre Tereza de Calcut\u00e1: \u201cDeus se identificou com os famintos, os doentes, os nus, os sem-teto. A fome n\u00e3o \u00e9 somente fome de comida, mas tamb\u00e9m de amor, de cuidado, de significar algo para algu\u00e9m. A nudez n\u00e3o \u00e9 s\u00f3 falta de roupa, mas necessidade daquela compaix\u00e3o que t\u00e3o poucos demonstram em rela\u00e7\u00e3o aos desconhecidos. A falta de teto n\u00e3o \u00e9 s\u00f3 falta de um abrigo feito de pedras, mas n\u00e3o ter algu\u00e9m para poder considerar como seu.\u201d Isso nos recorda que toda miss\u00e3o nos compromete com o homem todo e todas as suas necessidades. O Padre Dami\u00e3o de Molokai, recentemente canonizado, al\u00e9m de doar a sua vida na ilha dos hansenianos, lutou por eles \u2013 por mais dignidade, por rem\u00e9dios e tratamentos dignos! A caridade social na Igreja decorre de uma vida de santidade e de verdadeira busca de Deus!<\/p>\n<p style=\"text-align: justify\">Assim, queridos irm\u00e3os e irm\u00e3s, hoje tamb\u00e9m necessitamos de fazer a nossa parte para que o Cristo seja anunciado pelo nosso testemunho e pelas nossas palavras, e dizer a todos que vale muito a pena lutar para que Ele seja conhecido e amado.<\/p>\n<h4 style=\"text-align: right\">Dom Orani Jo\u00e3o Tempesta<\/h4>\n","protected":false},"excerpt":{"rendered":"<p>No pr\u00f3ximo domingo, dia 25 de outubro, a Arquidiocese do Rio de Janeiro ir\u00e1 iniciar mais uma etapa da elabora\u00e7\u00e3o do seu 11\u00ba Plano de Pastoral e tamb\u00e9m far\u00e1 o envio mission\u00e1rio dentro do contexto da \u201cmiss\u00e3o continental\u201d. Isso acontecer\u00e1 no Santu\u00e1rio Mariano Arquidiocesano de Nossa Senhora da Penha.<\/p>\n","protected":false},"author":83,"featured_media":0,"comment_status":"open","ping_status":"open","sticky":false,"template":"","format":"standard","meta":{"site-sidebar-layout":"default","site-content-layout":"default","ast-global-header-display":"","ast-banner-title-visibility":"","ast-main-header-display":"","ast-hfb-above-header-display":"","ast-hfb-below-header-display":"","ast-hfb-mobile-header-display":"","site-post-title":"","ast-breadcrumbs-content":"","ast-featured-img":"","footer-sml-layout":"","theme-transparent-header-meta":"","adv-header-id-meta":"","stick-header-meta":"","header-above-stick-meta":"","header-main-stick-meta":"","header-below-stick-meta":""},"categories":[758],"tags":[],"acf":[],"_links":{"self":[{"href":"https:\/\/www.cnbb.org.br\/cnbb-app\/wp\/v2\/posts\/12406"}],"collection":[{"href":"https:\/\/www.cnbb.org.br\/cnbb-app\/wp\/v2\/posts"}],"about":[{"href":"https:\/\/www.cnbb.org.br\/cnbb-app\/wp\/v2\/types\/post"}],"author":[{"embeddable":true,"href":"https:\/\/www.cnbb.org.br\/cnbb-app\/wp\/v2\/users\/83"}],"replies":[{"embeddable":true,"href":"https:\/\/www.cnbb.org.br\/cnbb-app\/wp\/v2\/comments?post=12406"}],"version-history":[{"count":0,"href":"https:\/\/www.cnbb.org.br\/cnbb-app\/wp\/v2\/posts\/12406\/revisions"}],"wp:attachment":[{"href":"https:\/\/www.cnbb.org.br\/cnbb-app\/wp\/v2\/media?parent=12406"}],"wp:term":[{"taxonomy":"category","embeddable":true,"href":"https:\/\/www.cnbb.org.br\/cnbb-app\/wp\/v2\/categories?post=12406"},{"taxonomy":"post_tag","embeddable":true,"href":"https:\/\/www.cnbb.org.br\/cnbb-app\/wp\/v2\/tags?post=12406"}],"curies":[{"name":"wp","href":"https:\/\/api.w.org\/{rel}","templated":true}]}}