{"id":12407,"date":"2009-10-13T00:00:00","date_gmt":"2009-10-13T03:00:00","guid":{"rendered":"https:\/\/www.cnbb.org.br\/cristo-rei-redentor-ii\/"},"modified":"2009-10-13T00:00:00","modified_gmt":"2009-10-13T03:00:00","slug":"cristo-rei-redentor-ii","status":"publish","type":"post","link":"https:\/\/www.cnbb.org.br\/cristo-rei-redentor-ii\/","title":{"rendered":"Cristo Rei Redentor II"},"content":{"rendered":"<p style=\"text-align: justify\">No dia 17 de maio deste ano, comemorou-se na Diocese de Set\u00fabal, em Portugal, o cinquenten\u00e1rio da inaugura\u00e7\u00e3o do santu\u00e1rio dedicado a Cristo Rei. Estivemos presentes juntamente com o reitor do Santu\u00e1rio do Cristo Redentor do Corcovado e outras autoridades.<\/p>\n<p>  <!--more-->  <\/p>\n<p style=\"text-align: justify\">Nessa ocasi\u00e3o, diante do enviado especial do Papa Bento XVI, o Cardeal Saraiva Martins, que presidiu a celebra\u00e7\u00e3o, concelebrada por toda a Confer\u00eancia Episcopal Portuguesa, e com a presen\u00e7a de representantes dos governos federal, estadual e municipal do Rio de Janeiro, demos o primeiro passo na gemina\u00e7\u00e3o dos dois santu\u00e1rios. Foi grande a movimenta\u00e7\u00e3o popular em Portugal nesses dias em que foi trazida tamb\u00e9m a imagem de N. Sra. de F\u00e1tima, que raramente sai do seu Santu\u00e1rio, para estar presente nesse importante evento.<\/p>\n<p style=\"text-align: justify\">A inspira\u00e7\u00e3o come\u00e7ou em 1934, com o ent\u00e3o Cardeal Patriarca de Lisboa, D. Manoel Cerejeira, que, ao conhecer o Corcovado brotou em seu cora\u00e7\u00e3o o desejo de construir semelhante obra frente a Lisboa. A ideia foi apoiada por todos os Bispos de Portugal na Pastoral Coletiva da Quaresma de 1937.\u00a0 Os bispos portugueses fizeram um voto em F\u00e1tima, no dia 20 de abril de 1940, e a pedra fundamental foi lan\u00e7ada a 18 de dezembro de 1949.<\/p>\n<p style=\"text-align: justify\">A inaugura\u00e7\u00e3o do monumento foi no dia 17 de maio de 1959, Dia de Pentecostes, perante a imagem de N. Sra. de F\u00e1tima, com a participa\u00e7\u00e3o de todo o episcopado portugu\u00eas e dos Cardeais do Rio de Janeiro e de Louren\u00e7o Marques, hoje Maputo, al\u00e9m de autoridades civis e mais de 300 mil pessoas. Naquela ocasi\u00e3o o Papa Jo\u00e3o XXIII enviou uma radio mensagem.<\/p>\n<p style=\"text-align: justify\">\u00c9 interessante notar que n\u00f3s que recebemos da Pen\u00ednsula Ib\u00e9rica o primeiro an\u00fancio da f\u00e9, tenhamos em Portugal um Santu\u00e1rio que foi inspirado na imagem do nosso Cristo Redentor.<\/p>\n<p style=\"text-align: justify\">Nesse domingo festivo de maio, no final da celebra\u00e7\u00e3o da Eucaristia das 16 horas, realizada na esplanada diante do monumento a Cristo Rei, em Almada, que abre os bra\u00e7os do outro lado do Rio Tejo sobre toda a cidade de Lisboa, assinamos a gemina\u00e7\u00e3o entre o Santu\u00e1rio do Cristo Redentor do Rio de Janeiro e o de Cristo Rei de Portugal. Isso consiste na partilha de textos, documenta\u00e7\u00e3o, das imagens da respectiva invoca\u00e7\u00e3o, troca de inten\u00e7\u00f5es m\u00fatuas e peregrina\u00e7\u00f5es.<\/p>\n<p style=\"text-align: justify\">A essa primeira fase ir\u00e1 agora suceder outra, que ocorrer\u00e1 aqui no do Rio de Janeiro quando estar\u00e1 entre n\u00f3s o Bispo de Set\u00fabal, Diocese onde est\u00e1 situada a Par\u00f3quia de Almada. \u00c9 a\u00ed que se encontra a imagem de Cristo Rei. Vir\u00e3o tamb\u00e9m o Reitor desse Santu\u00e1rio e outras autoridades que estar\u00e3o no Rio de Janeiro para assinar, no alto do Corcovado, os termos dessa gemina\u00e7\u00e3o e trocar documentos e textos sobre os Santu\u00e1rios. H\u00e1 uma longa agenda a ser cumprida, mas o momento central ser\u00e1 na segunda feira, dia 12 de outubro, \u00e0s 15 horas.<\/p>\n<p style=\"text-align: justify\">Nesse dia, o nosso Cristo Redentor estar\u00e1 completando 78 anos de sua inaugura\u00e7\u00e3o. Do cume do Corcovado, a 710 metros de altura, ergue-se esse monumento de 38 metros, de 1.145 toneladas, constru\u00eddo com a participa\u00e7\u00e3o do povo que, com entusiasmo, viu erguer esse sinal que hoje \u00e9 uma das sete maravilhas do mundo moderno. Identifica-se com o Rio de Janeiro e com o Brasil. Hoje \u00e9 o nosso Santu\u00e1rio Arquidiocesano do Cristo Redentor do Corcovado, local de peregrina\u00e7\u00f5es, ora\u00e7\u00f5es e celebra\u00e7\u00f5es.<\/p>\n<p style=\"text-align: justify\">Recordo que iremos iniciar em breve uma campanha para a restaura\u00e7\u00e3o desse monumento, preparando-o para os grandes eventos que ocorrer\u00e3o futuramente em nossa cidade maravilhosa.<\/p>\n<p style=\"text-align: justify\">Que a f\u00e9 crist\u00e3 simbolizada nesse sinal e, em uni\u00e3o com as tradi\u00e7\u00f5es que recebemos de Portugal, seja para todos n\u00f3s um an\u00fancio de alegre acolhimento na constru\u00e7\u00e3o da Paz e da Fraternidade.<\/p>\n<p style=\"text-align: justify\">Al\u00e9m da influ\u00eancia que foi tamb\u00e9m para muitas cidades do Brasil colocarem nos montes ou entrada dos munic\u00edpios esse sinal do amor de Deus, foi ainda tema de can\u00e7\u00f5es e livros. Queremos que ele seja sempre um sinal que nos recorde o Senhor e Salvador Jesus Cristo, que convida a todos para que se aceitem mutuamente e cres\u00e7am na unidade.<\/p>\n<p style=\"text-align: justify\">Acredito que o importante \u00e9 que toda essa movimenta\u00e7\u00e3o e divulga\u00e7\u00e3o possam ajudar cada pessoa a buscar em Cristo a sua vida e a orienta\u00e7\u00e3o da caminhada, ali\u00e1s, como disse o Episcopado Portugu\u00eas em nota por ocasi\u00e3o daquele jubileu: \u201capelamos \u00e0s comunidades crist\u00e3s e aos movimentos que encontrem modos concretos para centrarem mais em Cristo a sua viv\u00eancia e para agirem como sinais vivos do amor de Deus no tempo presente.\u201d<\/p>\n<p style=\"text-align: justify\">\u00c9 o que desejamos que ocorra tamb\u00e9m agora ao nosso redor: o \u201cardor apost\u00f3lico dos disc\u00edpulos mission\u00e1rios que vem do encontro pessoal com Cristo e da necessidade de comunicar ou narrar a outros a experi\u00eancia vivida.\u201d<\/p>\n<h4 style=\"text-align: right\">Dom Orani Jo\u00e3o Tempesta<\/h4>\n","protected":false},"excerpt":{"rendered":"<p>No dia 17 de maio deste ano, comemorou-se na Diocese de Set\u00fabal, em Portugal, o cinquenten\u00e1rio da inaugura\u00e7\u00e3o do santu\u00e1rio dedicado a Cristo Rei. Estivemos presentes juntamente com o reitor do Santu\u00e1rio do Cristo Redentor do Corcovado e outras autoridades.<\/p>\n","protected":false},"author":83,"featured_media":0,"comment_status":"open","ping_status":"open","sticky":false,"template":"","format":"standard","meta":{"site-sidebar-layout":"default","site-content-layout":"default","ast-global-header-display":"","ast-banner-title-visibility":"","ast-main-header-display":"","ast-hfb-above-header-display":"","ast-hfb-below-header-display":"","ast-hfb-mobile-header-display":"","site-post-title":"","ast-breadcrumbs-content":"","ast-featured-img":"","footer-sml-layout":"","theme-transparent-header-meta":"","adv-header-id-meta":"","stick-header-meta":"","header-above-stick-meta":"","header-main-stick-meta":"","header-below-stick-meta":""},"categories":[758],"tags":[],"acf":[],"_links":{"self":[{"href":"https:\/\/www.cnbb.org.br\/cnbb-app\/wp\/v2\/posts\/12407"}],"collection":[{"href":"https:\/\/www.cnbb.org.br\/cnbb-app\/wp\/v2\/posts"}],"about":[{"href":"https:\/\/www.cnbb.org.br\/cnbb-app\/wp\/v2\/types\/post"}],"author":[{"embeddable":true,"href":"https:\/\/www.cnbb.org.br\/cnbb-app\/wp\/v2\/users\/83"}],"replies":[{"embeddable":true,"href":"https:\/\/www.cnbb.org.br\/cnbb-app\/wp\/v2\/comments?post=12407"}],"version-history":[{"count":0,"href":"https:\/\/www.cnbb.org.br\/cnbb-app\/wp\/v2\/posts\/12407\/revisions"}],"wp:attachment":[{"href":"https:\/\/www.cnbb.org.br\/cnbb-app\/wp\/v2\/media?parent=12407"}],"wp:term":[{"taxonomy":"category","embeddable":true,"href":"https:\/\/www.cnbb.org.br\/cnbb-app\/wp\/v2\/categories?post=12407"},{"taxonomy":"post_tag","embeddable":true,"href":"https:\/\/www.cnbb.org.br\/cnbb-app\/wp\/v2\/tags?post=12407"}],"curies":[{"name":"wp","href":"https:\/\/api.w.org\/{rel}","templated":true}]}}