{"id":12427,"date":"2010-09-26T00:00:00","date_gmt":"2010-09-26T03:00:00","guid":{"rendered":"https:\/\/www.cnbb.org.br\/palavra-que-santifica\/"},"modified":"2010-09-26T00:00:00","modified_gmt":"2010-09-26T03:00:00","slug":"palavra-que-santifica","status":"publish","type":"post","link":"https:\/\/www.cnbb.org.br\/palavra-que-santifica\/","title":{"rendered":"Palavra que santifica"},"content":{"rendered":"<p style=\"text-align: justify\">Domingo passado comemoramos o Dia da B\u00edblia. Dentro do m\u00eas de setembro este tema sempre retorna. Ser\u00e1 muito importante que estejamos abertos e atentos para esse grande dom de ouvir o Senhor, que inspirou os autores sagrados e nos ilumina com a Palavra que \u00e9 luz para os nossos caminhos.<\/p>\n<p>  <!--more-->  <\/p>\n<p style=\"text-align: justify\">O disc\u00edpulo amado nos ensina que: \u201cEles n\u00e3o s\u00e3o do mundo, como tamb\u00e9m eu n\u00e3o sou do mundo. Santifica-os pela verdade. A tua palavra \u00e9 a verdade. Como tu me enviaste ao mundo, tamb\u00e9m eu os enviei ao mundo. Santifico-me por eles para que tamb\u00e9m eles sejam santificados pela verdade. N\u00e3o rogo somente por eles, mas tamb\u00e9m por aqueles que por sua palavra h\u00e3o de crer em mim\u201d. (cf. Jo 17,19-23). Santificados pela palavra de Deus! Este \u00e9 o resumo deste ensinamento de Jesus.<\/p>\n<p style=\"text-align: justify\">O Senhor pede-nos uma pr\u00e1tica progressiva e constante no nosso processo de santifica\u00e7\u00e3o pessoal. Santifica\u00e7\u00e3o que nos \u00e9 pedida pela aplica\u00e7\u00e3o da verdade que est\u00e1 contida e explicitada na Sua palavra.<\/p>\n<p style=\"text-align: justify\">Nesta perspectiva, a palavra de Deus \u00e9 mais ampla do que apenas o texto sagrado, um sinal da pr\u00f3pria vontade de Deus, express\u00e3o de seu amor em rela\u00e7\u00e3o ao seu plano para o homem.<\/p>\n<p style=\"text-align: justify\">O Esp\u00edrito Santo usa a palavra de Deus para realizar a sua a\u00e7\u00e3o de santifica\u00e7\u00e3o do homem.\u00a0 Cabe-nos discernir sobre este processo de santidade e a aplica\u00e7\u00e3o da Palavra para que ela possa se realizar. Na verdade, este \u00e9 um processo constante.<\/p>\n<p style=\"text-align: justify\">Portanto, Palavra de Deus n\u00e3o \u00e9 um manual de instru\u00e7\u00f5es, n\u00e3o uma especula\u00e7\u00e3o simplesmente pessoal, mas palavra que deve ser sentida e que \u00e9 uso especial que Deus se serve para realizar maravilhas em nossas vidas, para nos dar a gra\u00e7a.<\/p>\n<p style=\"text-align: justify\">Esta Palavra nos santifica para estudar, meditar e aplicar a verdade que Jesus nos promete sobre a nossa vida cotidiana. A palavra \u00e9, assim, revela\u00e7\u00e3o perfeita da vontade de Deus sobre n\u00f3s.<\/p>\n<p style=\"text-align: justify\">Em suma, h\u00e1 na escritura ensinamento doutrinal e instru\u00e7\u00e3o moral, mas a sua verdade mais profunda \u00e9 a de ser um lugar privilegiado de encontro com Deus, e onde Ele nos fala da vida, vida de mudan\u00e7a pessoal ao Seu encontro.<\/p>\n<p style=\"text-align: justify\">Lembremo-nos que a Escritura, e tamb\u00e9m o pr\u00f3prio cristianismo, n\u00e3o s\u00e3o uma filosofia de vida, mas uma rela\u00e7\u00e3o pessoal do homem com Deus.<\/p>\n<p style=\"text-align: justify\">A Palavra Sagrada deve ser, portanto, para o crist\u00e3o, um aprofundamento deste \u00edntimo relacionamento.<\/p>\n<p style=\"text-align: justify\">O Conc\u00edlio Vaticano II enfatizou a import\u00e2ncia da Palavra afirmando que esta \u00e9 verdadeiro alimento do povo de Deus. Na verdade, o p\u00e3o da vida e o p\u00e3o da palavra nos s\u00e3o dados na mesa eucar\u00edstica. (\u00daltimo cap\u00edtulo da Dei Verbum).<\/p>\n<p style=\"text-align: justify\">Portanto, um e outro p\u00e3o s\u00e3o presen\u00e7a viva de Jesus, palavra eterna do Pai, que est\u00e3o durante o Seu sacrif\u00edcio redentor, atualizado na Eucaristia. A Igreja \u201cvenera as divinas escrituras tal com venera o corpo do Senhor\u201d (DV 21).<\/p>\n<p style=\"text-align: justify\">O Conc\u00edlio, nesta esteira, tamb\u00e9m proclama e ensina que o \u201cacesso \u00e0 Sagrada deve ser aberto para os fi\u00e9is\u201d. O Conc\u00edlio assim estimula o estudo, o conhecimento, bem como as tradu\u00e7\u00f5es da Escritura. Ele ainda incentiva, tamb\u00e9m, os diversos grupos, at\u00e9 mesmo ecum\u00eanicos, que possam utilizar-se de textos mais apropriados ao di\u00e1logo.<\/p>\n<p style=\"text-align: justify\">Talvez o cap\u00edtulo mais central de todo o Conc\u00edlio n\u00e3o esteja na pr\u00f3pria Dei Verbum, e sim na Lumem Gentium e, neste, no seu cap\u00edtulo V, onde faz um apelo universal \u00e0 santidade, e que esta atinge a todos, n\u00e3o importando o estado de vida em que se encontre.<\/p>\n<p style=\"text-align: justify\">A santidade \u00e9 um apelo a uma metanoia profunda, a uma mudan\u00e7a de rumo, sendo Deus o Amor e sendo este Amor partilhado com os homens.<\/p>\n<p style=\"text-align: justify\">E a pr\u00f3pria Igreja somente se santifica se ela tamb\u00e9m cresce na caridade e predestina-se a este. Perguntemo-nos, pois, se crescemos nesta santifica\u00e7\u00e3o.<\/p>\n<p style=\"text-align: justify\">E onde buscar esta fonte para nos tornarmos santos, para amarmos como Ele mesmo amou? Diz-nos o mesmo Conc\u00edlio: nos sacramentos e na Palavra de Deus (DV 26).<\/p>\n<p style=\"text-align: justify\">Podemos perceber uma maior busca pelo estudo da B\u00edblia e os diversos avan\u00e7os no conhecimento do seu texto, seja pelos mais simples at\u00e9 os grandes centros de estudo b\u00edblico espalhados pelo mundo.<\/p>\n<p style=\"text-align: justify\">Neste ponto, muito ajudaram a Filologia e mesmo a Arqueologia, certamente. Tudo isso \u00e9 sinal da gra\u00e7a de Deus! Por\u00e9m, n\u00e3o podemos perder a perspectiva central: encontramo-nos com o Senhor pela B\u00edblia, pela Sua Palavra! Nela podemos ouvi-Lo e responder-Lhe. Somos chamados a ser Seus amigos. Ele nos quer em uni\u00e3o com Ele.<\/p>\n<p style=\"text-align: justify\">Encontr\u00e1-Lo atrav\u00e9s da Escritura \u00e9 um dos segredos para transformarmos a nossa jornada de vida em caminhada constante de alegria e de esperan\u00e7a renovadas.<\/p>\n<h4 style=\"text-align: right\">Dom Orani Jo\u00e3o Tempesta<\/h4>\n","protected":false},"excerpt":{"rendered":"<p>Domingo passado comemoramos o Dia da B\u00edblia. Dentro do m\u00eas de setembro este tema sempre retorna. Ser\u00e1 muito importante que estejamos abertos e atentos para esse grande dom de ouvir o Senhor, que inspirou os autores sagrados e nos ilumina com a Palavra que \u00e9 luz para os nossos caminhos.<\/p>\n","protected":false},"author":83,"featured_media":0,"comment_status":"open","ping_status":"open","sticky":false,"template":"","format":"standard","meta":{"site-sidebar-layout":"default","site-content-layout":"default","ast-global-header-display":"","ast-banner-title-visibility":"","ast-main-header-display":"","ast-hfb-above-header-display":"","ast-hfb-below-header-display":"","ast-hfb-mobile-header-display":"","site-post-title":"","ast-breadcrumbs-content":"","ast-featured-img":"","footer-sml-layout":"","theme-transparent-header-meta":"","adv-header-id-meta":"","stick-header-meta":"","header-above-stick-meta":"","header-main-stick-meta":"","header-below-stick-meta":""},"categories":[758],"tags":[],"acf":[],"_links":{"self":[{"href":"https:\/\/www.cnbb.org.br\/cnbb-app\/wp\/v2\/posts\/12427"}],"collection":[{"href":"https:\/\/www.cnbb.org.br\/cnbb-app\/wp\/v2\/posts"}],"about":[{"href":"https:\/\/www.cnbb.org.br\/cnbb-app\/wp\/v2\/types\/post"}],"author":[{"embeddable":true,"href":"https:\/\/www.cnbb.org.br\/cnbb-app\/wp\/v2\/users\/83"}],"replies":[{"embeddable":true,"href":"https:\/\/www.cnbb.org.br\/cnbb-app\/wp\/v2\/comments?post=12427"}],"version-history":[{"count":0,"href":"https:\/\/www.cnbb.org.br\/cnbb-app\/wp\/v2\/posts\/12427\/revisions"}],"wp:attachment":[{"href":"https:\/\/www.cnbb.org.br\/cnbb-app\/wp\/v2\/media?parent=12427"}],"wp:term":[{"taxonomy":"category","embeddable":true,"href":"https:\/\/www.cnbb.org.br\/cnbb-app\/wp\/v2\/categories?post=12427"},{"taxonomy":"post_tag","embeddable":true,"href":"https:\/\/www.cnbb.org.br\/cnbb-app\/wp\/v2\/tags?post=12427"}],"curies":[{"name":"wp","href":"https:\/\/api.w.org\/{rel}","templated":true}]}}