{"id":12486,"date":"2010-11-05T00:00:00","date_gmt":"2010-11-05T02:00:00","guid":{"rendered":"https:\/\/www.cnbb.org.br\/vocacao-a-santidade\/"},"modified":"2010-11-05T00:00:00","modified_gmt":"2010-11-05T02:00:00","slug":"vocacao-a-santidade","status":"publish","type":"post","link":"https:\/\/www.cnbb.org.br\/vocacao-a-santidade\/","title":{"rendered":"Voca\u00e7\u00e3o \u00e0 santidade"},"content":{"rendered":"<h4 style=\"text-align: right\">Dom Orani Jo\u00e3o Tempesta<\/h4>\n<p style=\"text-align: justify\">Desde a Antiga Alian\u00e7a, com os Patriarcas, Deus chama o povo \u00e0 santidade: \u201cEu sou o Senhor que vos tirou do Egito para ser o vosso Deus. Sereis santos porque Eu sou Santo\u201d (Lv 1,44-45). O des\u00edgnio de Deus \u00e9 claro: uma vez que fomos criados \u00e0 sua \u201cimagem e semelhan\u00e7a\u201d (Gn 1,26), e Ele \u00e9 Santo, n\u00f3s devemos ser santos tamb\u00e9m. O Senhor n\u00e3o deixa por menos. A medida e a ess\u00eancia dessa santidade \u00e9 o pr\u00f3prio Deus. S\u00e3o Pedro repete esta ordem dada ao povo no deserto, em sua primeira carta, convocando os crist\u00e3os a imitarem a santidade de Deus: \u201cA exemplo da santidade daquele que vos chamou, sede tamb\u00e9m v\u00f3s santos, em todas as vossas a\u00e7\u00f5es, pois est\u00e1 escrito: Sede santos, porque eu sou santo\u201d (1Pd 1,15-16).<\/p>\n<p><!--more--><\/p>\n<p style=\"text-align: justify\">S\u00e3o Pedro pede aos fieis que \u201ctodas as vossas a\u00e7\u00f5es\u201d espelhem esta santidade de Deus, j\u00e1 que \u201cv\u00f3s sois, uma ra\u00e7a escolhida, um sacerd\u00f3cio r\u00e9gio, uma na\u00e7\u00e3o santa, um povo adquirido para Deus, a fim de que publiqueis o poder daquele que das trevas vos chamou \u00e0 sua luz maravilhosa\u201d (1Pd 2,9).<\/p>\n<p style=\"text-align: justify\">Para S\u00e3o Pedro a vida de santidade era uma imediata conseq\u00fc\u00eancia de um povo que ele chamava de \u201cquais outras pedras vivas\u2026 materiais deste edif\u00edcio espiritual, um sacerd\u00f3cio santo\u201d (1Pd 2,5). Neste sentido exortava os crist\u00e3os do seu tempo a romper com a vida carnal: \u201clux\u00farias, concupisc\u00eancias, embriagues, orgias, bebedeiras e criminosas idolatrias\u201d (1Pd 4,3), vivendo na caridade, j\u00e1 que esta \u201ccobre a multid\u00e3o dos pecados\u201d (1Pd 4,8).<\/p>\n<p style=\"text-align: justify\">Jesus, no Serm\u00e3o da Montanha chama os disc\u00edpulos \u00e0 perfei\u00e7\u00e3o do Pai: \u201cSede perfeitos assim como o vosso Pai celeste \u00e9 perfeito\u201d (Mt 5,48). Essas palavras fazem eco ao que Deus j\u00e1 tinha ordenado ao povo no deserto: \u201cSede santos, porque eu sou santo\u201d (Lv 11,44). Jesus falava da bondade do Pai, que ama n\u00e3o s\u00f3 os bons, mas tamb\u00e9m os maus, e que \u201cfaz nascer o sol tanto sobre os maus como sobre os bons, e faz chover sobre os justos e sobre os injustos\u201d (Mt 5,45). Jesus pergunta aos disc\u00edpulos: Se amais somente os que vos amam, que recompensa tereis? Para o Senhor, ser perfeito como o Pai celeste, \u00e9 amar tamb\u00e9m os inimigos, os que n\u00e3o nos amam. Amai os vossos inimigos, fazei bem aos que vos odeiam, orai pelos que vos perseguem e vos maltratam. E mais ainda: N\u00e3o resistais ao mau. Se algu\u00e9m te ferir a face direita, oferece-lhe tamb\u00e9m a outra.<\/p>\n<p style=\"text-align: justify\">Sem d\u00favida n\u00e3o \u00e9 f\u00e1cil viver essa grande exig\u00eancia que Jesus nos faz, mas \u00e9 por isso mesmo que ao cumpri-las vamos nos tornando santos, perfeitos, como o Pai celeste. Todo o Serm\u00e3o da Montanha, que S\u00e3o Mateus relata nos cap\u00edtulos 5,6 e 7, apresenta-nos o verdadeiro c\u00f3digo da santidade. \u00c9 como dizem os te\u00f3logos, a \u201cConstitui\u00e7\u00e3o do Reino de Deus\u201d. Santo Agostinho nos assegura que: Aquele que quiser meditar com piedade e perspic\u00e1cia o Serm\u00e3o que nosso Senhor pronunciou no Monte, tal como o lemos no Evangelho de S\u00e3o Mateus, a\u00ed encontrar\u00e1, sem sombra de d\u00favida, a carta magna da vida crist\u00e3.<\/p>\n<p style=\"text-align: justify\">\u00c9 por isso que na festa de todos os Santos a Igreja nos faz meditar no Evangelho das Bem-aventuran\u00e7as, que s\u00e3o o in\u00edcio, e como que o resumo, de todo o Serm\u00e3o da Montanha. S\u00e3o Paulo come\u00e7a quase todas as suas Cartas lembrando os crist\u00e3os do seu tempo de que s\u00e3o chamados \u00e0 santidade. Aos romanos, logo no in\u00edcio, ele se dirige dizendo: \u201cA todos os que est\u00e3o em Roma, queridos de Deus, chamados a serem santos\u201d (Rm 1,7). Aos cor\u00edntios ele repete: \u201c\u00e0 Igreja de Deus que est\u00e1 em Corinto, aos fi\u00e9is santificados em Cristo Jesus chamados \u00e0 santidade com todo\u201d (1Cor 1,2). Aos ef\u00e9sios ele lembra, logo no in\u00edcio, que o Pai nos escolheu em Cristo \u201cantes da cria\u00e7\u00e3o do mundo para sermos santos e irrepreens\u00edveis diante de seus olhos\u201d (Ef 1,5). Aos filipenses ele pede que: \u201co discernimento das coisas \u00fateis vos torne puros e irrepreens\u00edveis para o dia de Cristo\u201d (Fl 1,10). \u201cFazei todas as coisas sem hesita\u00e7\u00f5es e murmura\u00e7\u00f5es a fim de serdes irrepreens\u00edveis e sinceros, filhos de Deus \u00edntegros no meio de uma gera\u00e7\u00e3o m\u00e1 e perversa\u201d (Fl 2,14) .<\/p>\n<p style=\"text-align: justify\">Para o Ap\u00f3stolo, a santidade \u00e9 a grande voca\u00e7\u00e3o do crist\u00e3o. Ele diz aos ef\u00e9sios:\u201cExorto-vos pois que leveis uma vida digna da voca\u00e7\u00e3o a qual fostes chamados, com toda humildade, mansid\u00e3o e paci\u00eancia\u201d (Ef 4,1). De maneira mais clara ainda ele fala aos tessalonicenses sobre o que Deus quer de n\u00f3s:\u201cEsta \u00e9 a vontade de Deus: a vossa santifica\u00e7\u00e3o; que eviteis a impureza; que cada um de v\u00f3s saiba possuir o seu corpo em santifica\u00e7\u00e3o e honestidade, sem se deixar levar pelas paix\u00f5es desregradas como fazem os pag\u00e3os que n\u00e3o conhecem a Deus\u201d (1Ts 4,3-5). Aos crist\u00e3os de Corinto, Paulo volta a insistir na sua segunda Carta: \u201cPurifiquemo-nos de toda a imundice da carne e do esp\u00edrito realizando a obra de nossa santifica\u00e7\u00e3o no temor de Deus\u201d (2Cor 7,1). E tamb\u00e9m a carta aos Hebreus, nos manda procurar a santidade: \u201cProcurai a paz com todos e ao mesmo tempo a santidade, sem a qual ningu\u00e9m pode ver o Senhor\u201d (Hb 12,14). Santa Teresa de \u00c1vila afirma que: \u201cO dem\u00f4nio faz tudo para nos parecer um orgulho o querer imitar os santos\u201d. A santidade \u00e9 o meio de voltarmos a ser \u201cimagem e semelhan\u00e7a\u201d de Deus, conforme sa\u00edmos de suas m\u00e3os.<\/p>\n<p style=\"text-align: justify\">S\u00e3o Paulo ensina na carta aos romanos que Deus nos quer como aut\u00eanticas imagens de Jesus:\u201cOs que ele distinguiu de antem\u00e3o , tamb\u00e9m os predestinou para serem conformes \u00e0 imagem de seu Filho, a fim de que este seja o primog\u00eanito entre uma multid\u00e3o de irm\u00e3os\u201d(Rm 8,29). A santifica\u00e7\u00e3o, portanto, consiste em cada crist\u00e3o se transformar numa c\u00f3pia viva de Jesus, \u201cum outro Cristo\u201d como diziam os santos Padres.<\/p>\n<p style=\"text-align: justify\">Quando a imagem de Jesus estiver formada em nossa alma, ent\u00e3o teremos chegado \u00e0 meta que Deus nos prop\u00f5e. \u00c9 aquele estado de vida que levou, por exemplo, S\u00e3o Paulo a exclamar: \u201cEu vivo, mas j\u00e1 n\u00e3o sou mais eu, \u00e9 Cristo que vive em mim. A minha vida presente, na carne, eu a vivo na f\u00e9 no Filho de Deus\u201d (Gl 2,20). Jesus sofreu a sua Paix\u00e3o e Morte para que recuper\u00e1ssemos diante do Pai a santidade. \u00c9 o que o Ap\u00f3stolo nos ensina: \u201cEis que agora Ele vos reconciliou pela morte de seu corpo humano, para que vos possais apresentar santos, imaculados, irrepreens\u00edveis aos olhos do Pai\u201d (Cl 1,22).<\/p>\n<p style=\"text-align: justify\">Fomos criados por Deus e para Deus, e a Ele pertencemos; por isso, somos chamados \u00e0 santidade. O salmista canta essa verdade essencial: \u201cEle \u00e9 nosso Deus; n\u00f3s somos o povo de que ele \u00e9 o pastor, as ovelhas que as suas m\u00e3os conduzem\u201d (Sl 94,7). \u201cSabei que o Senhor \u00e9 Deus: Somos o seu povo e as ovelhas de seu rebanho\u201d (Sl 99,3). Essa perten\u00e7a a Deus \u00e9 que nos obriga acima de tudo a buscarmos como meta da nossa vida a santidade, que \u00e9 a marca de Deus, tr\u00eas vezes Santo.<\/p>\n<p style=\"text-align: justify\">Por fim, recordo as palavras do Papa Jo\u00e3o Paulo II, pregador incans\u00e1vel da santidade, que exorta-nos dizendo: \u201cN\u00e3o tenhais medo da santidade, porque nela consiste a plena realiza\u00e7\u00e3o de toda a aut\u00eantica aspira\u00e7\u00e3o do cora\u00e7\u00e3o humano\u201d (LR,N.17, 7\/4\/96).<\/p>\n","protected":false},"excerpt":{"rendered":"<p>Dom Orani Jo\u00e3o Tempesta Desde a Antiga Alian\u00e7a, com os Patriarcas, Deus chama o povo \u00e0 santidade: \u201cEu sou o Senhor que vos tirou do Egito para ser o vosso Deus. Sereis santos porque Eu sou Santo\u201d (Lv 1,44-45). O des\u00edgnio de Deus \u00e9 claro: uma vez que fomos criados \u00e0 sua \u201cimagem e semelhan\u00e7a\u201d &hellip;<\/p>\n<p class=\"read-more\"> <a class=\"\" href=\"https:\/\/www.cnbb.org.br\/vocacao-a-santidade\/\"> <span class=\"screen-reader-text\">Voca\u00e7\u00e3o \u00e0 santidade<\/span> Leia mais &raquo;<\/a><\/p>\n","protected":false},"author":83,"featured_media":0,"comment_status":"open","ping_status":"open","sticky":false,"template":"","format":"standard","meta":{"site-sidebar-layout":"default","site-content-layout":"default","ast-global-header-display":"","ast-banner-title-visibility":"","ast-main-header-display":"","ast-hfb-above-header-display":"","ast-hfb-below-header-display":"","ast-hfb-mobile-header-display":"","site-post-title":"","ast-breadcrumbs-content":"","ast-featured-img":"","footer-sml-layout":"","theme-transparent-header-meta":"","adv-header-id-meta":"","stick-header-meta":"","header-above-stick-meta":"","header-main-stick-meta":"","header-below-stick-meta":""},"categories":[758],"tags":[],"acf":[],"_links":{"self":[{"href":"https:\/\/www.cnbb.org.br\/cnbb-app\/wp\/v2\/posts\/12486"}],"collection":[{"href":"https:\/\/www.cnbb.org.br\/cnbb-app\/wp\/v2\/posts"}],"about":[{"href":"https:\/\/www.cnbb.org.br\/cnbb-app\/wp\/v2\/types\/post"}],"author":[{"embeddable":true,"href":"https:\/\/www.cnbb.org.br\/cnbb-app\/wp\/v2\/users\/83"}],"replies":[{"embeddable":true,"href":"https:\/\/www.cnbb.org.br\/cnbb-app\/wp\/v2\/comments?post=12486"}],"version-history":[{"count":0,"href":"https:\/\/www.cnbb.org.br\/cnbb-app\/wp\/v2\/posts\/12486\/revisions"}],"wp:attachment":[{"href":"https:\/\/www.cnbb.org.br\/cnbb-app\/wp\/v2\/media?parent=12486"}],"wp:term":[{"taxonomy":"category","embeddable":true,"href":"https:\/\/www.cnbb.org.br\/cnbb-app\/wp\/v2\/categories?post=12486"},{"taxonomy":"post_tag","embeddable":true,"href":"https:\/\/www.cnbb.org.br\/cnbb-app\/wp\/v2\/tags?post=12486"}],"curies":[{"name":"wp","href":"https:\/\/api.w.org\/{rel}","templated":true}]}}