{"id":12493,"date":"2010-11-04T00:00:00","date_gmt":"2010-11-04T02:00:00","guid":{"rendered":"https:\/\/www.cnbb.org.br\/encontro-nacional-de-organismos-e-instituicoes-missionarias-reflete-vocacao-missionaria\/"},"modified":"2010-11-04T00:00:00","modified_gmt":"2010-11-04T02:00:00","slug":"encontro-nacional-de-organismos-e-instituicoes-missionarias-reflete-vocacao-missionaria","status":"publish","type":"post","link":"https:\/\/www.cnbb.org.br\/encontro-nacional-de-organismos-e-instituicoes-missionarias-reflete-vocacao-missionaria\/","title":{"rendered":"Encontro Nacional de organismos e institui\u00e7\u00f5es mission\u00e1rias reflete \u201cVoca\u00e7\u00e3o Mission\u00e1ria\u201d"},"content":{"rendered":"<p style=\"text-align: justify\">Nos dias 13 a 15 de novembro, o Conselho Mission\u00e1rio Nacional (Comina), e a Dimens\u00e3o Mission\u00e1ria da CNBB, realizar\u00e3o no Centro Educativo de Assist\u00eancia Social La Salle, na Vila Guilhermina, em S\u00e3o Paulo (SP), o 8\u00ba Encontro Nacional dos Organismos e Institui\u00e7\u00f5es Mission\u00e1rias, com o tema: \u201cVoca\u00e7\u00e3o Mission\u00e1ria, uma op\u00e7\u00e3o de vida\u201d.<\/p>\n<p><!--more--><\/p>\n<p style=\"text-align: justify\">De acordo com o assessor da Dimens\u00e3o Mission\u00e1ria da CNBB, padre Jos\u00e9 Altevir da Silva, \u201co objetivo do encontro \u00e9 formar disc\u00edpulos e mission\u00e1rios numa espiritualidade mission\u00e1ria que se baseia na docilidade ao impulso do esp\u00edrito, \u00e0 sua pot\u00eancia de vida que mobiliza e transfigura todas as dimens\u00f5es da exist\u00eancia\u201d.<\/p>\n<p style=\"text-align: justify\">Os participantes do encontro s\u00e3o representantes de organismos e institui\u00e7\u00f5es mission\u00e1rias, presidentes e coordenadores de Conselhos Mission\u00e1rios e representa\u00e7\u00e3o regional relacionada \u00e0 Miss\u00e3o Continental.<\/p>\n<p style=\"text-align: justify\">O bispo auxiliar de Campo Grande (MS) e presidente do Setor Juventude da CNBB, dom Eduardo Pinheiro, vai assessorar o evento com o tema \u201cVoca\u00e7\u00e3o Mission\u00e1ria: proposta de vida para juventude. Al\u00e9m dele, outros assessores ir\u00e3o dirigir outros temas no evento, que deve contar com a participa\u00e7\u00e3o de cerca de 120 pessoas.<\/p>\n","protected":false},"excerpt":{"rendered":"<p>Nos dias 13 a 15 de novembro, o Conselho Mission\u00e1rio Nacional (Comina), e a Dimens\u00e3o Mission\u00e1ria da CNBB, realizar\u00e3o no Centro Educativo de Assist\u00eancia Social La Salle, na Vila Guilhermina, em S\u00e3o Paulo (SP), o 8\u00ba Encontro Nacional dos Organismos e Institui\u00e7\u00f5es Mission\u00e1rias, com o tema: \u201cVoca\u00e7\u00e3o Mission\u00e1ria, uma op\u00e7\u00e3o de vida\u201d.<\/p>\n","protected":false},"author":83,"featured_media":12494,"comment_status":"open","ping_status":"open","sticky":false,"template":"","format":"standard","meta":{"site-sidebar-layout":"default","site-content-layout":"default","ast-global-header-display":"","ast-banner-title-visibility":"","ast-main-header-display":"","ast-hfb-above-header-display":"","ast-hfb-below-header-display":"","ast-hfb-mobile-header-display":"","site-post-title":"","ast-breadcrumbs-content":"","ast-featured-img":"","footer-sml-layout":"","theme-transparent-header-meta":"","adv-header-id-meta":"","stick-header-meta":"","header-above-stick-meta":"","header-main-stick-meta":"","header-below-stick-meta":""},"categories":[758],"tags":[],"acf":[],"_links":{"self":[{"href":"https:\/\/www.cnbb.org.br\/cnbb-app\/wp\/v2\/posts\/12493"}],"collection":[{"href":"https:\/\/www.cnbb.org.br\/cnbb-app\/wp\/v2\/posts"}],"about":[{"href":"https:\/\/www.cnbb.org.br\/cnbb-app\/wp\/v2\/types\/post"}],"author":[{"embeddable":true,"href":"https:\/\/www.cnbb.org.br\/cnbb-app\/wp\/v2\/users\/83"}],"replies":[{"embeddable":true,"href":"https:\/\/www.cnbb.org.br\/cnbb-app\/wp\/v2\/comments?post=12493"}],"version-history":[{"count":0,"href":"https:\/\/www.cnbb.org.br\/cnbb-app\/wp\/v2\/posts\/12493\/revisions"}],"wp:featuredmedia":[{"embeddable":true,"href":"https:\/\/www.cnbb.org.br\/cnbb-app\/wp\/v2\/media\/12494"}],"wp:attachment":[{"href":"https:\/\/www.cnbb.org.br\/cnbb-app\/wp\/v2\/media?parent=12493"}],"wp:term":[{"taxonomy":"category","embeddable":true,"href":"https:\/\/www.cnbb.org.br\/cnbb-app\/wp\/v2\/categories?post=12493"},{"taxonomy":"post_tag","embeddable":true,"href":"https:\/\/www.cnbb.org.br\/cnbb-app\/wp\/v2\/tags?post=12493"}],"curies":[{"name":"wp","href":"https:\/\/api.w.org\/{rel}","templated":true}]}}