{"id":12495,"date":"2010-11-05T00:00:00","date_gmt":"2010-11-05T02:00:00","guid":{"rendered":"https:\/\/www.cnbb.org.br\/depois-das-eleicoes\/"},"modified":"2010-11-05T00:00:00","modified_gmt":"2010-11-05T02:00:00","slug":"depois-das-eleicoes","status":"publish","type":"post","link":"https:\/\/www.cnbb.org.br\/depois-das-eleicoes\/","title":{"rendered":"Depois das Elei\u00e7\u00f5es"},"content":{"rendered":"<h4 style=\"text-align: right\">Dom Walmor Oliveira de Azevedo<\/h4>\n<p style=\"text-align: justify\">Passadas as elei\u00e7\u00f5es a consci\u00eancia cidad\u00e3 \u00e9 desafiada a considerar que est\u00e1 terminada a etapa da campanha eleitoral, anunciados os vitoriosos, e iniciada a fase que marca o quadri\u00eanio 2011\/14. Esta etapa \u00e9 t\u00e3o, ou mais importante, quanto a que culminou com a ida \u00e0s urnas. Os eleitores t\u00eam o direito e o dever de acompanhar o desempenho dos seus representantes no Executivo e no Legislativo.<\/p>\n<p>  <!--more-->  <\/p>\n<p style=\"text-align: justify\">Este acompanhamento \u00e9 uma imprescind\u00edvel participa\u00e7\u00e3o cidad\u00e3. Os eleitos est\u00e3o, nem \u00e9 necess\u00e1rio dizer, a servi\u00e7o da sociedade civil. Configurada no seu tecido pelos cidad\u00e3os eleitores, a sociedade tem um valor consider\u00e1vel, de modo que a comunidade pol\u00edtica, constitu\u00edda pelo voto, est\u00e1 a servi\u00e7o dela. A sociedade civil, enquanto universal, \u00e9 a guardi\u00e3 e destinat\u00e1ria do bem-comum com a obriga\u00e7\u00e3o e o dever de exigir respeito na medida do direito de cada cidad\u00e3o.<\/p>\n<p style=\"text-align: justify\">A comunidade civil n\u00e3o pode, portanto, ser considerada como um ap\u00eandice ou uma vari\u00e1vel da comunidade pol\u00edtica. A civil tem preemin\u00eancia sobre a pol\u00edtica. Sua justifica\u00e7\u00e3o \u00e9 o servi\u00e7o prestado aos cidad\u00e3os, todos, na constru\u00e7\u00e3o de uma sociedade justa, solid\u00e1ria e deposit\u00e1ria de valores. A refer\u00eancia \u00e9 aos valores relacionais, morais, \u00e9ticos e de abertura \u00e0 transcend\u00eancia. Aqui se localiza o lugar educativo e de imprescind\u00edvel contribui\u00e7\u00e3o que a\u00a0 Igreja Cat\u00f3lica tem direito e obriga\u00e7\u00e3o de oferecer. A comunidade pol\u00edtica n\u00e3o \u00e9 a fonte \u00fanica e inesgot\u00e1vel na defini\u00e7\u00e3o de valores que se constituem como par\u00e2metro e crit\u00e9rio para a sua orienta\u00e7\u00e3o.<\/p>\n<p style=\"text-align: justify\">Quando se pensa, por exemplo, a respeito de ideologias pol\u00edticas individualistas, totalit\u00e1rias ou relativistas, no que concerne aos valores morais, a comunidade pol\u00edtica precisa de inst\u00e2ncias de confronto que lhe podem dar novos rumos. N\u00e3o se trata da constitui\u00e7\u00e3o de bancada, por exemplo, no Parlamento ou nas assembleias legislativas, com qualifica\u00e7\u00e3o confessional, muitas vezes para atender a interesses de tipo cartorial. Trata-se de um indispens\u00e1vel confronto e presen\u00e7a propositiva \u00e0 consci\u00eancia de representantes eleitos, no Executivo e no Legislativo, para que esses n\u00e3o se sustentem apenas do ide\u00e1rio ideol\u00f3gico de seus partidos, e nem apenas de modo individualista do tecido de sua pr\u00f3pria consci\u00eancia, que precisa, \u00e9 claro, ser bem e permanentemente formada na dire\u00e7\u00e3o do respeito \u00e0 vida e na gest\u00e3o do que \u00e9 do bem-comum.<\/p>\n<p style=\"text-align: justify\">Oportuna \u00e9 a palavra do Santo Padre Bento XVI, quando no seu discurso dirigido ao Conselho Episcopal Regional Nordeste 5, finalizando a Visita ad Limina, aquela que os bispos do mundo inteiro fazem ao Papa. O Pont\u00edfice conclamou os bispos, na sua tarefa de ensinar, a formar a consci\u00eancia moral do povo e esclarecer com veem\u00eancia a doutrina moral iluminando escolhas e discernimentos no \u00e2mbito da pol\u00edtica, para garantir rumos adequados e inequ\u00edvocos quanto ao respeito \u00e0 vida &#8211; desde a fecunda\u00e7\u00e3o at\u00e9 a morte, com o decl\u00ednio natural; assim como na prioriza\u00e7\u00e3o de infraestrutura e erradica\u00e7\u00e3o da mis\u00e9ria.<\/p>\n<p style=\"text-align: justify\">Compreende-se, pois, que a orienta\u00e7\u00e3o dada pede vig\u00eancia vigilante quanto aos rumos que agora ser\u00e3o dados nas governan\u00e7as estaduais e federais, bem como redobrar a aten\u00e7\u00e3o do mapa configurado nas assembleias legislativas, C\u00e2mara e Senado. N\u00e3o se pode considerar que este per\u00edodo p\u00f3s-eleitoral signifique um sil\u00eancio ou um acompanhamento de desfechos. A f\u00e9 professada com sinceridade, ancorada em refer\u00eancias \u00e9ticas, alimenta-se de uma fonte indispens\u00e1vel ao exerc\u00edcio desse servi\u00e7o prestado pela comunidade pol\u00edtica.<\/p>\n<p style=\"text-align: justify\">Por isso, como outros segmentos da sociedade, e em parceria com eles, a Igreja Cat\u00f3lica, para al\u00e9m de interesses particularizados, tem uma tarefa importante na comunidade pol\u00edtica, seja partindo da f\u00e9 professada por seus membros ou pela obriga\u00e7\u00e3o de, org\u00e2nica e sistematicamente, oferecer confrontos e propostas que propiciem entendimentos visando o bem, a verdade, a dignidade humana, o respeito \u00e0 vida e \u00e0 justi\u00e7a.<\/p>\n<p style=\"text-align: justify\">\u00c9 equivocado o entendimento, mesmo por parte de analistas de variados campos do saber, quando pretendem exilar a religi\u00e3o e, mais diretamente, a f\u00e9 professada da sua incid\u00eancia, pela for\u00e7a \u00e9tica e moral, os andamentos da comunidade pol\u00edtica. Sendo o povo o sujeito da autoridade pol\u00edtica, esse tem o direito de exigir, por ser detentor de soberania, respeito aos seus valores no atendimento de suas necessidades pelos servi\u00e7os prestados.<\/p>\n<p style=\"text-align: justify\">Espera-se aud\u00e1cias. O momento est\u00e1 exigindo e \u00e9 prop\u00edcio para que se alcance, com mais rapidez, conquistas na infraestrutura, erradica\u00e7\u00e3o da mis\u00e9ria, avan\u00e7os na ci\u00eancia, tecnologia, economia e educa\u00e7\u00e3o; e ainda, respeito \u00e0 liberdade religiosa, promo\u00e7\u00e3o de valores humanos, morais e pol\u00edticos. A f\u00e9 crist\u00e3 tem, pois, importante tarefa, tamb\u00e9m, agora depois das elei\u00e7\u00f5es.<\/p>\n","protected":false},"excerpt":{"rendered":"<p>Dom Walmor Oliveira de Azevedo Passadas as elei\u00e7\u00f5es a consci\u00eancia cidad\u00e3 \u00e9 desafiada a considerar que est\u00e1 terminada a etapa da campanha eleitoral, anunciados os vitoriosos, e iniciada a fase que marca o quadri\u00eanio 2011\/14. Esta etapa \u00e9 t\u00e3o, ou mais importante, quanto a que culminou com a ida \u00e0s urnas. Os eleitores t\u00eam o &hellip;<\/p>\n<p class=\"read-more\"> <a class=\"\" href=\"https:\/\/www.cnbb.org.br\/depois-das-eleicoes\/\"> <span class=\"screen-reader-text\">Depois das Elei\u00e7\u00f5es<\/span> Leia mais &raquo;<\/a><\/p>\n","protected":false},"author":83,"featured_media":0,"comment_status":"open","ping_status":"open","sticky":false,"template":"","format":"standard","meta":{"site-sidebar-layout":"default","site-content-layout":"default","ast-global-header-display":"","ast-banner-title-visibility":"","ast-main-header-display":"","ast-hfb-above-header-display":"","ast-hfb-below-header-display":"","ast-hfb-mobile-header-display":"","site-post-title":"","ast-breadcrumbs-content":"","ast-featured-img":"","footer-sml-layout":"","theme-transparent-header-meta":"","adv-header-id-meta":"","stick-header-meta":"","header-above-stick-meta":"","header-main-stick-meta":"","header-below-stick-meta":""},"categories":[758],"tags":[],"acf":[],"_links":{"self":[{"href":"https:\/\/www.cnbb.org.br\/cnbb-app\/wp\/v2\/posts\/12495"}],"collection":[{"href":"https:\/\/www.cnbb.org.br\/cnbb-app\/wp\/v2\/posts"}],"about":[{"href":"https:\/\/www.cnbb.org.br\/cnbb-app\/wp\/v2\/types\/post"}],"author":[{"embeddable":true,"href":"https:\/\/www.cnbb.org.br\/cnbb-app\/wp\/v2\/users\/83"}],"replies":[{"embeddable":true,"href":"https:\/\/www.cnbb.org.br\/cnbb-app\/wp\/v2\/comments?post=12495"}],"version-history":[{"count":0,"href":"https:\/\/www.cnbb.org.br\/cnbb-app\/wp\/v2\/posts\/12495\/revisions"}],"wp:attachment":[{"href":"https:\/\/www.cnbb.org.br\/cnbb-app\/wp\/v2\/media?parent=12495"}],"wp:term":[{"taxonomy":"category","embeddable":true,"href":"https:\/\/www.cnbb.org.br\/cnbb-app\/wp\/v2\/categories?post=12495"},{"taxonomy":"post_tag","embeddable":true,"href":"https:\/\/www.cnbb.org.br\/cnbb-app\/wp\/v2\/tags?post=12495"}],"curies":[{"name":"wp","href":"https:\/\/api.w.org\/{rel}","templated":true}]}}