{"id":12497,"date":"2010-11-05T00:00:00","date_gmt":"2010-11-05T02:00:00","guid":{"rendered":"https:\/\/www.cnbb.org.br\/a-visita-ad-limina-apostolorum\/"},"modified":"2010-11-05T00:00:00","modified_gmt":"2010-11-05T02:00:00","slug":"a-visita-ad-limina-apostolorum","status":"publish","type":"post","link":"https:\/\/www.cnbb.org.br\/a-visita-ad-limina-apostolorum\/","title":{"rendered":"A visita &#8216;Ad Limina Apostolorum&#8217;"},"content":{"rendered":"<h4 style=\"text-align: right\">Dom Anuar Battisti<\/h4>\n<p style=\"text-align: justify\">Em Roma estamos iniciando a visita &#8220;ad limina apostolorum&#8221;, (em latim, &#8220;limina&#8221;: t\u00famulo; &#8220;apostol\u00f3rum&#8221;: dos ap\u00f3stolos). De cinco em cinco anos os bispos t\u00eam a obriga\u00e7\u00e3o de visitar o papa e os t\u00famulos dos ap\u00f3stolos Pedro e Paulo, pastores e colunas da Igreja romana e assim refor\u00e7ar a comunh\u00e3o com a S\u00e9 Apost\u00f3lica, como sucessores dos ap\u00f3stolos e da comunh\u00e3o hier\u00e1rquica com o sucessor de S\u00e3o Pedro, hoje o Papa Bento XVI.<\/p>\n<p><!--more--><\/p>\n<p style=\"text-align: justify\">Cada Bispo est\u00e1 obrigado a visitar o sumo pont\u00edfice e apresentar um relat\u00f3rio sobre a vida da sua diocese, para que o papa tenha conhecimento das atividades de cada Igreja particular. A ora\u00e7\u00e3o, reflex\u00e3o e a elabora\u00e7\u00e3o e o envio de um relat\u00f3rio quinquenal sobre o estado da diocese confiada ao bispo, constituem os aspectos principais da fase preparat\u00f3ria da visita.<\/p>\n<p style=\"text-align: justify\">Tr\u00eas s\u00e3o os principais momentos da visita: a peregrina\u00e7\u00e3o aos t\u00famulos dos dois ap\u00f3stolos; o encontro com o romano pont\u00edfice e os col\u00f3quios, individuais ou coletivos, com os dicast\u00e9rios da C\u00faria Romana, dirigidos pelos cardeais prefeitos.<\/p>\n<p style=\"text-align: justify\">Esses encontros constituem tempos fortes de di\u00e1logo e de comunh\u00e3o na corresponsabilidade de conduzir o rebanho do Senhor a n\u00f3s confiado. O encontro com o papa \u00e9 o que mais se deseja, pois ali acontece o fato de maior colegialidade e uni\u00e3o com o sucessor do ap\u00f3stolo Pedro.<\/p>\n<p style=\"text-align: justify\">\u00c9 nesse encontro que se consolida a f\u00e9, a esperan\u00e7a, a caridade e o compromisso de unidade com a cabe\u00e7a da Igreja, o representante vis\u00edvel de Cristo na terra. Os encontros fraternos com o pont\u00edfice romano e os seus mais pr\u00f3ximos colaboradores da C\u00faria Romana oferecem ao bispo uma ocasi\u00e3o privilegiada, n\u00e3o s\u00f3 de apresentar a situa\u00e7\u00e3o da pr\u00f3pria diocese e as suas expectativas, como tamb\u00e9m de obter mais informa\u00e7\u00f5es sobre as esperan\u00e7as, as alegrias e as dificuldades da Igreja universal, e de re ceber oportunos conselhos e directivas sobre os problemas do seu rebanho.<\/p>\n<p style=\"text-align: justify\">Dado que a Igreja foi crescendo ao longo dos tempos, o papa serviu-se de v\u00e1rios meios para obter informa\u00e7\u00f5es sobre a vitalidade da mesma. Todavia, permanece insubstitu\u00edvel a rela\u00e7\u00e3o pessoal que os bispos ou as confer\u00eancias episcopais possam ter periodicamente com o romano pont\u00edfice.<\/p>\n<p style=\"text-align: justify\">A visita &#8220;ad limina&#8221; \u00e9, em s\u00edntese, o encontro do papa, pastor da Igreja universal, com um irm\u00e3o no episcopado, com um amigo, com um pastor que carrega consigo o peso de uma grave responsabilidade. Evite-se pensar que esta visita tem um car\u00e1cter administrativo, burocr\u00e1tico e protocolar. Ela caracteriza-se por um cunho teol\u00f3gico-espiritual.<\/p>\n<p style=\"text-align: justify\">A \u00faltima Visita &#8220;ad limina&#8221; dos bispos do Brasil foi em 2002 com o papa Jo\u00e3o Paulo II. N\u00f3s bispos do Paran\u00e1 (23) estamos em visita aos t\u00famulos dos ap\u00f3stolos e ao papa Bento XVI entre os dias 2 e 14 deste m\u00eas. Recordo a minha primeira v isita em 2002, quando era bispo de Toledo. Lembro-me perfeitamente, como se fosse hoje, o encontro com Jo\u00e3o Paulo II, que perguntou sobre a fam\u00edlia, a juventude e a participa\u00e7\u00e3o dos fi\u00e9is na Igreja.<\/p>\n<p style=\"text-align: justify\">Foi uma conversa de pai para filho.<\/p>\n<p style=\"text-align: justify\">Ele me olhou e disse: &#8220;\u00c9s um bispo jovem! Eu coloquei a minha m\u00e3o na m\u00e3o dele, sorri e pedi a ben\u00e7\u00e3o para mim e para o povo a mim confiado. Nessa visita estou trazendo todos voc\u00eas. Estou rezando por voc\u00eas e me sinto sustentado pelas vossas ora\u00e7\u00f5es.<\/p>\n","protected":false},"excerpt":{"rendered":"<p>Dom Anuar Battisti Em Roma estamos iniciando a visita &#8220;ad limina apostolorum&#8221;, (em latim, &#8220;limina&#8221;: t\u00famulo; &#8220;apostol\u00f3rum&#8221;: dos ap\u00f3stolos). De cinco em cinco anos os bispos t\u00eam a obriga\u00e7\u00e3o de visitar o papa e os t\u00famulos dos ap\u00f3stolos Pedro e Paulo, pastores e colunas da Igreja romana e assim refor\u00e7ar a comunh\u00e3o com a S\u00e9 &hellip;<\/p>\n<p class=\"read-more\"> <a class=\"\" href=\"https:\/\/www.cnbb.org.br\/a-visita-ad-limina-apostolorum\/\"> <span class=\"screen-reader-text\">A visita &#8216;Ad Limina Apostolorum&#8217;<\/span> Leia mais &raquo;<\/a><\/p>\n","protected":false},"author":83,"featured_media":0,"comment_status":"open","ping_status":"open","sticky":false,"template":"","format":"standard","meta":{"site-sidebar-layout":"default","site-content-layout":"default","ast-global-header-display":"","ast-banner-title-visibility":"","ast-main-header-display":"","ast-hfb-above-header-display":"","ast-hfb-below-header-display":"","ast-hfb-mobile-header-display":"","site-post-title":"","ast-breadcrumbs-content":"","ast-featured-img":"","footer-sml-layout":"","theme-transparent-header-meta":"","adv-header-id-meta":"","stick-header-meta":"","header-above-stick-meta":"","header-main-stick-meta":"","header-below-stick-meta":""},"categories":[758],"tags":[],"acf":[],"_links":{"self":[{"href":"https:\/\/www.cnbb.org.br\/cnbb-app\/wp\/v2\/posts\/12497"}],"collection":[{"href":"https:\/\/www.cnbb.org.br\/cnbb-app\/wp\/v2\/posts"}],"about":[{"href":"https:\/\/www.cnbb.org.br\/cnbb-app\/wp\/v2\/types\/post"}],"author":[{"embeddable":true,"href":"https:\/\/www.cnbb.org.br\/cnbb-app\/wp\/v2\/users\/83"}],"replies":[{"embeddable":true,"href":"https:\/\/www.cnbb.org.br\/cnbb-app\/wp\/v2\/comments?post=12497"}],"version-history":[{"count":0,"href":"https:\/\/www.cnbb.org.br\/cnbb-app\/wp\/v2\/posts\/12497\/revisions"}],"wp:attachment":[{"href":"https:\/\/www.cnbb.org.br\/cnbb-app\/wp\/v2\/media?parent=12497"}],"wp:term":[{"taxonomy":"category","embeddable":true,"href":"https:\/\/www.cnbb.org.br\/cnbb-app\/wp\/v2\/categories?post=12497"},{"taxonomy":"post_tag","embeddable":true,"href":"https:\/\/www.cnbb.org.br\/cnbb-app\/wp\/v2\/tags?post=12497"}],"curies":[{"name":"wp","href":"https:\/\/api.w.org\/{rel}","templated":true}]}}