{"id":12500,"date":"2010-11-05T00:00:00","date_gmt":"2010-11-05T02:00:00","guid":{"rendered":"https:\/\/www.cnbb.org.br\/santuario-de-aparecida-acolhe-14o-romaria-das-comunidades-negras\/"},"modified":"2010-11-05T00:00:00","modified_gmt":"2010-11-05T02:00:00","slug":"santuario-de-aparecida-acolhe-14o-romaria-das-comunidades-negras","status":"publish","type":"post","link":"https:\/\/www.cnbb.org.br\/santuario-de-aparecida-acolhe-14o-romaria-das-comunidades-negras\/","title":{"rendered":"Santu\u00e1rio de Aparecida acolhe 14\u00aa Romaria das Comunidades Negras"},"content":{"rendered":"<p style=\"text-align: justify\">\u201cComunidade Negra celebra a cultura e a paz\u201d \u00e9 o tema da 14\u00aa Romaria das Comunidades Negras a ser realizada neste s\u00e1bado, 6, no Santu\u00e1rio Nacional de Aparecida. O evento \u00e9 organizado pela Pastoral Afrobrasileira, organismo da Confer\u00eancia Nacional dos Bispos do Brasil (CNBB).<\/p>\n<p>  <!--more-->  <\/p>\n<p style=\"text-align: justify\">De acordo com a organiza\u00e7\u00e3o da Romaria, cerca de mil peregrinos da Pastoral Afro devem participar desta caminhada ao Santu\u00e1rio Nacional de Aparecida. Cinco estados j\u00e1 confirmaram presen\u00e7a: Rio Grande do Sul, S\u00e3o Paulo, Paran\u00e1, Minas Gerais e Rio de Janeiro.<\/p>\n<p style=\"text-align: justify\">Logo no in\u00edcio da Romaria, \u00e0s 10h30 da manh\u00e3 deste s\u00e1bado, o bispo em\u00e9rito de Jata\u00ed (GO), dom Alo\u00edsio Hil\u00e1rio Pinho, presidir\u00e1 uma missa. Logo depois, os participantes se encontrar\u00e3o no audit\u00f3rio com o ministro chefe da Secretaria de Pol\u00edticas de Promo\u00e7\u00e3o de Igualdade Racial, Eloi Ferreira de Ara\u00fajo. O ministro falar\u00e1 sobre a import\u00e2ncia do Estatuto da Igualdade Racial. O lema da Romaria \u00e9 \u201cM\u00e3e Negra Aparecida somos protagonistas de um novo tempo\u201d.<\/p>\n","protected":false},"excerpt":{"rendered":"<p>\u201cComunidade Negra celebra a cultura e a paz\u201d \u00e9 o tema da 14\u00aa Romaria das Comunidades Negras a ser realizada neste s\u00e1bado, 6, no Santu\u00e1rio Nacional de Aparecida. O evento \u00e9 organizado pela Pastoral Afrobrasileira, organismo da Confer\u00eancia Nacional dos Bispos do Brasil (CNBB).<\/p>\n","protected":false},"author":83,"featured_media":12501,"comment_status":"open","ping_status":"open","sticky":false,"template":"","format":"standard","meta":{"site-sidebar-layout":"default","site-content-layout":"default","ast-global-header-display":"","ast-banner-title-visibility":"","ast-main-header-display":"","ast-hfb-above-header-display":"","ast-hfb-below-header-display":"","ast-hfb-mobile-header-display":"","site-post-title":"","ast-breadcrumbs-content":"","ast-featured-img":"","footer-sml-layout":"","theme-transparent-header-meta":"","adv-header-id-meta":"","stick-header-meta":"","header-above-stick-meta":"","header-main-stick-meta":"","header-below-stick-meta":""},"categories":[758],"tags":[],"acf":[],"_links":{"self":[{"href":"https:\/\/www.cnbb.org.br\/cnbb-app\/wp\/v2\/posts\/12500"}],"collection":[{"href":"https:\/\/www.cnbb.org.br\/cnbb-app\/wp\/v2\/posts"}],"about":[{"href":"https:\/\/www.cnbb.org.br\/cnbb-app\/wp\/v2\/types\/post"}],"author":[{"embeddable":true,"href":"https:\/\/www.cnbb.org.br\/cnbb-app\/wp\/v2\/users\/83"}],"replies":[{"embeddable":true,"href":"https:\/\/www.cnbb.org.br\/cnbb-app\/wp\/v2\/comments?post=12500"}],"version-history":[{"count":0,"href":"https:\/\/www.cnbb.org.br\/cnbb-app\/wp\/v2\/posts\/12500\/revisions"}],"wp:featuredmedia":[{"embeddable":true,"href":"https:\/\/www.cnbb.org.br\/cnbb-app\/wp\/v2\/media\/12501"}],"wp:attachment":[{"href":"https:\/\/www.cnbb.org.br\/cnbb-app\/wp\/v2\/media?parent=12500"}],"wp:term":[{"taxonomy":"category","embeddable":true,"href":"https:\/\/www.cnbb.org.br\/cnbb-app\/wp\/v2\/categories?post=12500"},{"taxonomy":"post_tag","embeddable":true,"href":"https:\/\/www.cnbb.org.br\/cnbb-app\/wp\/v2\/tags?post=12500"}],"curies":[{"name":"wp","href":"https:\/\/api.w.org\/{rel}","templated":true}]}}