{"id":12545,"date":"2010-11-15T00:00:00","date_gmt":"2010-11-15T02:00:00","guid":{"rendered":"https:\/\/www.cnbb.org.br\/diocese-de-itabira-discute-pastorais-sociais\/"},"modified":"2010-11-15T00:00:00","modified_gmt":"2010-11-15T02:00:00","slug":"diocese-de-itabira-discute-pastorais-sociais","status":"publish","type":"post","link":"https:\/\/www.cnbb.org.br\/diocese-de-itabira-discute-pastorais-sociais\/","title":{"rendered":"Diocese de Itabira discute Pastorais Sociais"},"content":{"rendered":"<p style=\"text-align: justify\">Uma das prioridades do Plano Quadrienal de Evangeliza\u00e7\u00e3o da diocese de Itabira\/Coronel Fabriciano (MG), as pastorais sociais foram tema de estudo dos padres da diocese na semana passada. Mais de 40 sacerdotes participaram do estudo, que aconteceu de 8 a 11, em Belo Horizonte, com assessoria do te\u00f3logo, padre Benedito Ferraro.<\/p>\n<p>  <!--more-->  <\/p>\n<p style=\"text-align: justify\">Lideran\u00e7as leigas das Pastorais Sociais tamb\u00e9m participaram do encontro. A secret\u00e1ria de pastoral de uma das regi\u00f5es pastorais da diocese, Selma Damasceno, destaca a iniciativa da diocese e abrir espa\u00e7o no estudo do clero para a participa\u00e7\u00e3o dos leigos. \u201cEssa possibilidade dos leigos participarem do encontro de forma\u00e7\u00e3o, juntamente com o clero, foi uma possibilidade de avan\u00e7o para todos os leigos que participaram do encontro e essa iniciativa deveria continuar\u201d, disse.<\/p>\n<p style=\"text-align: justify\">\u201cUm encontro de estudos do clero com o tema sobre as Pastorais Sociais indica uma inquieta\u00e7\u00e3o, uma preocupa\u00e7\u00e3o dos padres com uma das prioridades assumidas pela Diocese no Plano Quadrienal. A partir desse encontro esperamos que novas iniciativas sejam constru\u00eddas para trabalharmos as Pastorais Sociais na Diocese \u201d, afirma Marleny Gon\u00e7alves, secret\u00e1ria de pastoral do Regional 3 da diocese.<\/p>\n","protected":false},"excerpt":{"rendered":"<p>Uma das prioridades do Plano Quadrienal de Evangeliza\u00e7\u00e3o da diocese de Itabira\/Coronel Fabriciano (MG), as pastorais sociais foram tema de estudo dos padres da diocese na semana passada. Mais de 40 sacerdotes participaram do estudo, que aconteceu de 8 a 11, em Belo Horizonte, com assessoria do te\u00f3logo, padre Benedito Ferraro.<\/p>\n","protected":false},"author":83,"featured_media":12546,"comment_status":"open","ping_status":"open","sticky":false,"template":"","format":"standard","meta":{"site-sidebar-layout":"default","site-content-layout":"default","ast-global-header-display":"","ast-banner-title-visibility":"","ast-main-header-display":"","ast-hfb-above-header-display":"","ast-hfb-below-header-display":"","ast-hfb-mobile-header-display":"","site-post-title":"","ast-breadcrumbs-content":"","ast-featured-img":"","footer-sml-layout":"","theme-transparent-header-meta":"","adv-header-id-meta":"","stick-header-meta":"","header-above-stick-meta":"","header-main-stick-meta":"","header-below-stick-meta":""},"categories":[778,769],"tags":[],"acf":[],"_links":{"self":[{"href":"https:\/\/www.cnbb.org.br\/cnbb-app\/wp\/v2\/posts\/12545"}],"collection":[{"href":"https:\/\/www.cnbb.org.br\/cnbb-app\/wp\/v2\/posts"}],"about":[{"href":"https:\/\/www.cnbb.org.br\/cnbb-app\/wp\/v2\/types\/post"}],"author":[{"embeddable":true,"href":"https:\/\/www.cnbb.org.br\/cnbb-app\/wp\/v2\/users\/83"}],"replies":[{"embeddable":true,"href":"https:\/\/www.cnbb.org.br\/cnbb-app\/wp\/v2\/comments?post=12545"}],"version-history":[{"count":0,"href":"https:\/\/www.cnbb.org.br\/cnbb-app\/wp\/v2\/posts\/12545\/revisions"}],"wp:featuredmedia":[{"embeddable":true,"href":"https:\/\/www.cnbb.org.br\/cnbb-app\/wp\/v2\/media\/12546"}],"wp:attachment":[{"href":"https:\/\/www.cnbb.org.br\/cnbb-app\/wp\/v2\/media?parent=12545"}],"wp:term":[{"taxonomy":"category","embeddable":true,"href":"https:\/\/www.cnbb.org.br\/cnbb-app\/wp\/v2\/categories?post=12545"},{"taxonomy":"post_tag","embeddable":true,"href":"https:\/\/www.cnbb.org.br\/cnbb-app\/wp\/v2\/tags?post=12545"}],"curies":[{"name":"wp","href":"https:\/\/api.w.org\/{rel}","templated":true}]}}