{"id":12551,"date":"2010-11-18T00:00:00","date_gmt":"2010-11-18T02:00:00","guid":{"rendered":"https:\/\/www.cnbb.org.br\/as-chuvas\/"},"modified":"2010-11-18T00:00:00","modified_gmt":"2010-11-18T02:00:00","slug":"as-chuvas","status":"publish","type":"post","link":"https:\/\/www.cnbb.org.br\/as-chuvas\/","title":{"rendered":"As chuvas"},"content":{"rendered":"<h4 style=\"text-align: right\">Dom Benedicto de Ulhoa Vieira<\/h4>\n<p style=\"text-align: justify\">A semana passada trouxe uma surpresa para n\u00f3s de Uberaba. A chuva de pedra que nos \u00faltimos dias foi generosamente cascateando sobre nossa cidade, assustou-nos a todos por sua plet\u00f3rica e inusitada abund\u00e2ncia. N\u00e3o havia lembran\u00e7a de fen\u00f4meno igual, nas \u00faltimas d\u00e9cadas, pelos que aqui vivem.<\/p>\n<p>  <!--more-->  <\/p>\n<p style=\"text-align: justify\">Naquela hora \u00edamos sair eu e amigos de S\u00e3o Paulo que vieram rever nossa cidade. Foi imposs\u00edvel. O canteiro verde, que enfeita a entrada da resid\u00eancia estava pintalgado com a n\u00edvea brancura das pedras de gelo. Imposs\u00edvel fazer o largo port\u00e3o correr sobre os trilhos cobertos pela camada alta de pedras que nos impediam de sair.<\/p>\n<p style=\"text-align: justify\">O Carmelo de Uberaba, enfeitado de beleza de flores e de verde tem, l\u00e1 do outro lado da silenciosa clausura, num dos canteiros do jardim, uma cruz alta com a branca imagem do crucificado que \u2013 bra\u00e7os abertos \u2013 n\u00e3o cessa de aben\u00e7oar os silenciosos passos das religiosas que, por ali mansamente deslisam. O olhar se volta para o Senhor crucificado quando por ali se passa.<\/p>\n<p style=\"text-align: justify\">Pois foi ali que o c\u00e9u despejou generosamente mais do que alhures, a brancura das pedras de gelo. A trilha verde do jardim se revestiu de \u00e1lgida grinalda, como se fora de noivado. A foto nos deixa admirar a beleza do local.<\/p>\n<p style=\"text-align: justify\">N\u00e3o me lembro, com tantos anos de Uberaba, de ter visto, antes deste dia, alguma generosidade das nuvens mais larga e abundante do que a da semana passada. O fato nos deve levar \u00e0 considera\u00e7\u00e3o mais alta: a de ordem espiritual. Porque o c\u00e9u n\u00e3o nos presenteia s\u00f3 com a abund\u00e2ncia das suas \u00e1guas, mas muito mais com a riqueza das b\u00ean\u00e7\u00e3os divinas. Sejamos gratos pela abund\u00e2ncia das gra\u00e7as com que a generosidade do Senhor nos beneficia.<\/p>\n<p style=\"text-align: justify\">Geralmente costumamos pedir a Deus a riqueza de seus favores. Temos este direito porque confiamos na liberalidade nosso Pai celeste. Mas n\u00e3o nos podemos esquecer de dar a Deus o que \u00e9 de Deus, isto \u00e9: um generoso e filial amor que se prova por observar sua santa vontade, expressa nos seus ensinamentos. O pr\u00f3prio Cristo j\u00e1 nos havia advertido que n\u00e3o basta invocar a Deus, mas \u00e9 necess\u00e1rio cumprir a sua vontade.<\/p>\n","protected":false},"excerpt":{"rendered":"<p>Dom Benedicto de Ulhoa Vieira A semana passada trouxe uma surpresa para n\u00f3s de Uberaba. A chuva de pedra que nos \u00faltimos dias foi generosamente cascateando sobre nossa cidade, assustou-nos a todos por sua plet\u00f3rica e inusitada abund\u00e2ncia. N\u00e3o havia lembran\u00e7a de fen\u00f4meno igual, nas \u00faltimas d\u00e9cadas, pelos que aqui vivem.<\/p>\n","protected":false},"author":83,"featured_media":0,"comment_status":"open","ping_status":"open","sticky":false,"template":"","format":"standard","meta":{"site-sidebar-layout":"default","site-content-layout":"default","ast-global-header-display":"","ast-banner-title-visibility":"","ast-main-header-display":"","ast-hfb-above-header-display":"","ast-hfb-below-header-display":"","ast-hfb-mobile-header-display":"","site-post-title":"","ast-breadcrumbs-content":"","ast-featured-img":"","footer-sml-layout":"","theme-transparent-header-meta":"","adv-header-id-meta":"","stick-header-meta":"","header-above-stick-meta":"","header-main-stick-meta":"","header-below-stick-meta":""},"categories":[758],"tags":[],"acf":[],"_links":{"self":[{"href":"https:\/\/www.cnbb.org.br\/cnbb-app\/wp\/v2\/posts\/12551"}],"collection":[{"href":"https:\/\/www.cnbb.org.br\/cnbb-app\/wp\/v2\/posts"}],"about":[{"href":"https:\/\/www.cnbb.org.br\/cnbb-app\/wp\/v2\/types\/post"}],"author":[{"embeddable":true,"href":"https:\/\/www.cnbb.org.br\/cnbb-app\/wp\/v2\/users\/83"}],"replies":[{"embeddable":true,"href":"https:\/\/www.cnbb.org.br\/cnbb-app\/wp\/v2\/comments?post=12551"}],"version-history":[{"count":0,"href":"https:\/\/www.cnbb.org.br\/cnbb-app\/wp\/v2\/posts\/12551\/revisions"}],"wp:attachment":[{"href":"https:\/\/www.cnbb.org.br\/cnbb-app\/wp\/v2\/media?parent=12551"}],"wp:term":[{"taxonomy":"category","embeddable":true,"href":"https:\/\/www.cnbb.org.br\/cnbb-app\/wp\/v2\/categories?post=12551"},{"taxonomy":"post_tag","embeddable":true,"href":"https:\/\/www.cnbb.org.br\/cnbb-app\/wp\/v2\/tags?post=12551"}],"curies":[{"name":"wp","href":"https:\/\/api.w.org\/{rel}","templated":true}]}}