{"id":12554,"date":"2010-11-19T00:00:00","date_gmt":"2010-11-19T02:00:00","guid":{"rendered":"https:\/\/www.cnbb.org.br\/o-dom-da-palavra\/"},"modified":"2010-11-19T00:00:00","modified_gmt":"2010-11-19T02:00:00","slug":"o-dom-da-palavra","status":"publish","type":"post","link":"https:\/\/www.cnbb.org.br\/o-dom-da-palavra\/","title":{"rendered":"O Dom da Palavra"},"content":{"rendered":"<h4 style=\"text-align: right\">Dom Walmor Oliveira de Azevedo<\/h4>\n<p style=\"text-align: justify\">O mundo contempor\u00e2neo \u00e9 marcado, de modo especial, pela palavra. A t\u00e9cnica da comunica\u00e7\u00e3o permite uma circula\u00e7\u00e3o indescrit\u00edvel, em volume e rapidez, da informa\u00e7\u00e3o. A palavra \u00e9 o insubstitu\u00edvel am\u00e1lgama das rela\u00e7\u00f5es na defini\u00e7\u00e3o das estrat\u00e9gias de programas governamentais e privados, nas configura\u00e7\u00f5es institucionais. \u00c9 a palavra tamb\u00e9m que configura, concretamente, o amor que se experimenta e faz desabrochar nos cora\u00e7\u00f5es entendimentos e sentidos que sustentam a vida a cada dia.<\/p>\n<p>  <!--more-->  <\/p>\n<p style=\"text-align: justify\">A singularidade e a import\u00e2ncia da palavra que comp\u00f5e esses discursos todos \u00e9 ci\u00eancia pr\u00f3pria, complexa e vasta. Exigem hermen\u00eauticas para lidar com os desafios incont\u00e1veis das interpreta\u00e7\u00f5es e dos sentidos que alavancam o amor, a supera\u00e7\u00e3o do \u00f3dio, o entusiasmo pela paz e a convic\u00e7\u00e3o de que \u00e9 preciso lutar incansavelmente pela justi\u00e7a e a conc\u00f3rdia entre todos. Nessa avalanche tsun\u00e2mica, em se pensando que em cada cabe\u00e7a h\u00e1 uma senten\u00e7a, em cada cora\u00e7\u00e3o um mundo e em toda intelig\u00eancia infinitas possibilidades de leituras e entendimentos, fala-se muito e, muitas vezes, de forma irrefletida.<\/p>\n<p style=\"text-align: justify\">A palavra causa tamb\u00e9m descompassos, fere, destr\u00f3i, prejudica, atrasa, inviabiliza. Exige ci\u00eancia e amor. O amor \u00e9 a fonte da verdadeira palavra. N\u00e3o existe outra fonte inesgot\u00e1vel do amor a n\u00e3o ser Deus. Todo amor vem de Deus. Nenhum outro, por si e em si, \u00e9 fonte do amor. Deus \u00e9 amor que fala. A palavra de Deus \u00e9 dom, dom de si mesmo, total e pleno. \u00c9 Jesus Cristo, o Filho unig\u00eanito que se encarnou.<\/p>\n<p style=\"text-align: justify\">As p\u00e1ginas do Evangelho perenizam esta verdade e apontam o caminho duradouro para o amor. D\u00e1 ao amor experimentado nos cora\u00e7\u00f5es pela for\u00e7a de sentimentos, a purifica\u00e7\u00e3o e a consist\u00eancia que produz vida e ilumina intelig\u00eancias nos diferentes campos do saber, nas decis\u00f5es importantes para a sociedade, na vida familiar e no rec\u00f4ndito das consci\u00eancias. \u00c9 preciso, pois, pensando o quanto cada qual usa a palavra, por direito e por necessidade, a cada instante da vida, voltar-se permanentemente para a fonte desta palavra que \u00e9 Deus.\u00a0 A Palavra de Deus \u00e9 esta fonte, por ser amor \u00e9 ci\u00eancia insuper\u00e1vel.<\/p>\n<p style=\"text-align: justify\">Essa reflex\u00e3o integrou o amplo horizonte motivacional que levou a Igreja Cat\u00f3lica, no Conc\u00edlio Vaticano II, 1962\/65, a retomar, com a Constitui\u00e7\u00e3o Dei Verbum, a Palavra de Deus, esta fonte para revitalizar sua vida secular. Esta retomada peri\u00f3dica necess\u00e1ria se deu em outubro de 2008, durante o XI S\u00ednodo Ordin\u00e1rio, em Roma, presidido pelo Papa Bento XVI, congregando bispos delegados, religiosos, leigos, peritos, observadores e convidados do mundo inteiro. As proposi\u00e7\u00f5es oferecidas ao Papa inspiraram em seu cora\u00e7\u00e3o de pastor, a exorta\u00e7\u00e3o p\u00f3s-sinodal A Palavra de Deus na vida e na miss\u00e3o da Igreja.<\/p>\n<p style=\"text-align: justify\">A riqueza da palavra do Papa Bento XVI remete a todos, como convoca\u00e7\u00e3o especial \u00e0 Igreja Cat\u00f3lica, \u00e0 fonte do amor, Deus. Esse precioso documento indica caminhos de conhecimento, aten\u00e7\u00f5es e horizontes bem delineados para qualificar a palavra de todo aquele que cr\u00ea. A Igreja Cat\u00f3lica no Brasil recebe, portanto, uma fecunda\u00e7\u00e3o particular, j\u00e1 trilhando, com mais aud\u00e1cia mission\u00e1ria, os caminhos de sua miss\u00e3o desde a 5\u00aa Confer\u00eancia dos Bispos da Am\u00e9rica Latina e do Caribe, em Aparecida, ao retomar a for\u00e7a espiritual do discipulado no seguimento de Jesus Cristo.<\/p>\n<p style=\"text-align: justify\">A Palavra de Deus em primeiro lugar \u00e9 o compromisso para dar \u00e0s responsabilidades, aos entendimentos e \u00e0s decis\u00f5es, a for\u00e7a que s\u00f3 vem de quem escuta o amor, Deus. Vale debru\u00e7ar sobre a Palavra de Deus, ainda que inicialmente por raz\u00f5es po\u00e9ticas, liter\u00e1rias, hermen\u00eauticas e culturais. O resultado ser\u00e1 o encontro mais precioso que se pode ter na vida &#8211; com Jesus Cristo. Encontro que qualifica todos os outros. A vida que vale ser vivida \u00e9 duradoura, mesmo para al\u00e9m do tempo, quando \u00e9 amor &#8211; amor que \u00e9 Deus, aquele que se revela em Cristo, o Dom da\u00a0 Palavra.<\/p>\n","protected":false},"excerpt":{"rendered":"<p>Dom Walmor Oliveira de Azevedo O mundo contempor\u00e2neo \u00e9 marcado, de modo especial, pela palavra. A t\u00e9cnica da comunica\u00e7\u00e3o permite uma circula\u00e7\u00e3o indescrit\u00edvel, em volume e rapidez, da informa\u00e7\u00e3o. A palavra \u00e9 o insubstitu\u00edvel am\u00e1lgama das rela\u00e7\u00f5es na defini\u00e7\u00e3o das estrat\u00e9gias de programas governamentais e privados, nas configura\u00e7\u00f5es institucionais. \u00c9 a palavra tamb\u00e9m que configura, &hellip;<\/p>\n<p class=\"read-more\"> <a class=\"\" href=\"https:\/\/www.cnbb.org.br\/o-dom-da-palavra\/\"> <span class=\"screen-reader-text\">O Dom da Palavra<\/span> Leia mais &raquo;<\/a><\/p>\n","protected":false},"author":83,"featured_media":0,"comment_status":"open","ping_status":"open","sticky":false,"template":"","format":"standard","meta":{"site-sidebar-layout":"default","site-content-layout":"default","ast-global-header-display":"","ast-banner-title-visibility":"","ast-main-header-display":"","ast-hfb-above-header-display":"","ast-hfb-below-header-display":"","ast-hfb-mobile-header-display":"","site-post-title":"","ast-breadcrumbs-content":"","ast-featured-img":"","footer-sml-layout":"","theme-transparent-header-meta":"","adv-header-id-meta":"","stick-header-meta":"","header-above-stick-meta":"","header-main-stick-meta":"","header-below-stick-meta":""},"categories":[758],"tags":[],"acf":[],"_links":{"self":[{"href":"https:\/\/www.cnbb.org.br\/cnbb-app\/wp\/v2\/posts\/12554"}],"collection":[{"href":"https:\/\/www.cnbb.org.br\/cnbb-app\/wp\/v2\/posts"}],"about":[{"href":"https:\/\/www.cnbb.org.br\/cnbb-app\/wp\/v2\/types\/post"}],"author":[{"embeddable":true,"href":"https:\/\/www.cnbb.org.br\/cnbb-app\/wp\/v2\/users\/83"}],"replies":[{"embeddable":true,"href":"https:\/\/www.cnbb.org.br\/cnbb-app\/wp\/v2\/comments?post=12554"}],"version-history":[{"count":0,"href":"https:\/\/www.cnbb.org.br\/cnbb-app\/wp\/v2\/posts\/12554\/revisions"}],"wp:attachment":[{"href":"https:\/\/www.cnbb.org.br\/cnbb-app\/wp\/v2\/media?parent=12554"}],"wp:term":[{"taxonomy":"category","embeddable":true,"href":"https:\/\/www.cnbb.org.br\/cnbb-app\/wp\/v2\/categories?post=12554"},{"taxonomy":"post_tag","embeddable":true,"href":"https:\/\/www.cnbb.org.br\/cnbb-app\/wp\/v2\/tags?post=12554"}],"curies":[{"name":"wp","href":"https:\/\/api.w.org\/{rel}","templated":true}]}}