{"id":12556,"date":"2010-11-19T00:00:00","date_gmt":"2010-11-19T02:00:00","guid":{"rendered":"https:\/\/www.cnbb.org.br\/3o-carta-pastoral-ele-vos-batizara-com-o-espirito-santo-e-com-fogomt-3-11\/"},"modified":"2010-11-19T00:00:00","modified_gmt":"2010-11-19T02:00:00","slug":"3o-carta-pastoral-ele-vos-batizara-com-o-espirito-santo-e-com-fogomt-3-11","status":"publish","type":"post","link":"https:\/\/www.cnbb.org.br\/3o-carta-pastoral-ele-vos-batizara-com-o-espirito-santo-e-com-fogomt-3-11\/","title":{"rendered":"3\u00aa Carta Pastoral: \u201cEle vos batizar\u00e1 com o Esp\u00edrito Santo e com fogo!\u201d(Mt 3, 11)"},"content":{"rendered":"<h4 style=\"text-align: right\">Dom Francisco Biasin<\/h4>\n<p style=\"text-align: justify\">Aos presb\u00edteros, aos di\u00e1conos<\/p>\n<p style=\"text-align: justify\">\u00e0s religiosas e aos religiosos<\/p>\n<p style=\"text-align: justify\">e a todos os fi\u00e9is da Igreja de Pesqueira<\/p>\n<p style=\"text-align: justify\">\u201cEle vos batizar\u00e1 com o Esp\u00edrito Santo e com fogo!\u201d (Mt 3, 11)<\/p>\n<p>  <!--more-->  <\/p>\n<p style=\"text-align: justify\">Com estas palavras de Jo\u00e3o Batista, apontando o Batismo de Jesus, inicio a presente carta pastoral para que elas nos iluminem ao longo da nossa reflex\u00e3o e, sobretudo, nos orientem a fim de encontrarmos novos rumos para o acolhimento e a forma\u00e7\u00e3o de novos crist\u00e3os na nossa Igreja.<\/p>\n<h4 style=\"text-align: justify\">1.\u00a0\u00a0 \u00a0Por uma Igreja de batizados<\/h4>\n<p style=\"text-align: justify\">Para a maioria das pessoas, quando se pensa em batismo logo vem \u00e0 mente uma criancinha levada \u00e0 igreja pelos pais e padrinhos a fim de realizar \u201co batizado\u201d. Em muitos casos a aten\u00e7\u00e3o dos preparadores vai para as exig\u00eancias a serem apresentadas aos pais e padrinhos e \u00e0 prepara\u00e7\u00e3o necess\u00e1ria para que se realize o sacramento.<\/p>\n<p style=\"text-align: justify\">Gostar\u00edamos afirmar logo que isso nos interessa sim, mas que o importante mesmo \u00e9 tomar consci\u00eancia que n\u00f3s somos batizados e que, antes de pensar no batismo dos outros, \u00e9 important\u00edssimo que n\u00f3s vivamos o nosso batismo de tal modo que possamos apresentar para os pais e padrinhos que procuram a Igreja para batizar as suas crian\u00e7as, uma Igreja de batizados que vivenciam o seu pr\u00f3prio batismo.<\/p>\n<p style=\"text-align: justify\">Isso muda radicalmente o modo de encarar a pastoral do batismo: antes de ser uma exig\u00eancia para os outros cumprirem, \u00e9 uma exig\u00eancia para cada um de n\u00f3s e para a comunidade dos filhos e filhas de Deus, regenerados pela \u00e1gua e pelo Esp\u00edrito, de vivermos o que somos, pelo batismo que recebemos.<\/p>\n<p style=\"text-align: justify\">Somente assim poderemos acolher as fam\u00edlias que procuram a Igreja para batizar os seus filhos e propor para os pais e padrinhos um estilo de vida conforme o evangelho, vivido por uma comunidade de irm\u00e3os e irm\u00e3s que testemunham o amor de Deus manifestado em Cristo Jesus nosso Senhor.<\/p>\n<p style=\"text-align: justify\">Seria muito interessante apresentar aqui explica\u00e7\u00f5es sobre a viv\u00eancia popular do batismo, sobre a tradi\u00e7\u00e3o e as motiva\u00e7\u00f5es que levam os pais a procurarem a Igreja para batizar os filhos, a cren\u00e7a popular a respeito dos efeitos do batismo na vida das crian\u00e7as e ter\u00edamos muitos motivos para refletir, mas j\u00e1 o fizemos durante a Assembl\u00e9ia Diocesana sobre o Batismo (Novembro de 2009) e nos encontros com os agentes e catequistas da Pastoral do Batismo nas Regi\u00f5es Pastorais nestes \u00faltimos meses.<\/p>\n<p style=\"text-align: justify\">Esta minha terceira Carta pastoral deseja proporcionar aos fi\u00e9is uma reflex\u00e3o sobre o Batismo, buscando na Palavra de Deus e na doutrina da Igreja um pouco da riqueza deste sacramento.<\/p>\n<h4 style=\"text-align: justify\">2.\u00a0\u00a0 \u00a0Mas o que \u00e9 o Batismo?<\/h4>\n<p style=\"text-align: justify\">\u201cO Batismo \u00e9 o fundamento de toda a vida crist\u00e3 e o nascimento para a vida nova em Cristo Jesus. Libertos do pecado e regenerados como filhos de Deus nas \u00e1guas do Batismo, tornamo-nos membros de Cristo, somos incorporados \u00e0 Igreja e feitos participantes da sua miss\u00e3o\u201d (Sou cat\u00f3lico, vivo a minha f\u00e9 \u2013 Edi\u00e7\u00f5es CNBB pag. 99)<\/p>\n<p style=\"text-align: justify\"><strong>1.\u00a0\u00a0 \u00a0\u201cTu \u00e9s meu Filho: eu hoje te gerei\u201d(Lc 3,22)<\/strong><\/p>\n<p style=\"text-align: justify\">O batismo \u00e9 um novo nascimento. O pr\u00f3prio Jesus, ao apresentar a vida nova a Nicodemos afirma: \u201cSe algu\u00e9m n\u00e3o renasce da \u00e1gua e do Esp\u00edrito, n\u00e3o pode entrar no Reino de Deus\u201d. (Jo 3,5) Esta \u00e9 a dignidade fundamental de cada crist\u00e3o, esta \u00e9 a nossa gl\u00f3ria e a nossa alegria: \u201cVede que prova de amor nos deu o Pai: sermos chamados filhos de Deus e o somos de fato!\u201d (1Jo 3,1)<\/p>\n<p style=\"text-align: justify\">Este novo nascimento \u00e9 bem representado pela \u00e1gua. Fecundada pelo Esp\u00edrito ela \u00e9 tamb\u00e9m considerada o ventre sagrado do qual as pessoas renascem. Por isso Jesus diz: \u201cO que nasce da carne \u00e9 carne, mas o que nasce do Esp\u00edrito \u00e9 esp\u00edrito\u201d (Jo 3,6), indicando a transforma\u00e7\u00e3o profunda, a partir do nosso interior, que o Batismo realiza em quem \u00e9 consciente e acolhe o dom de ser filho de Deus. Realmente na hora em que uma pessoa \u00e9 batizada, o Pai repete: \u201cTu \u00e9s meu filho, minha filha, eu hoje te gerei\u201d. (cfr. Lc 3,21-22)<\/p>\n<p style=\"text-align: justify\"><strong>2.\u00a0\u00a0 \u00a0\u201cEste \u00e9 o meu Filho amado!\u201d (Mt 3,17)<\/strong><\/p>\n<p style=\"text-align: justify\">No batismo somos acolhidos incondicionalmente no cora\u00e7\u00e3o de Deus. Isso significa que n\u00e3o devemos fazer nada, absolutamente nada para que Deus nos ame, porque ele nos ama antes desse nosso desejo, assim como n\u00f3s somos. \u201cNo batismo ouvimos a voz de Deus: \u00abVoc\u00ea \u00e9 meu filho querido, voc\u00ea \u00e9 minha filha querida. Eu me comprazo em voc\u00ea\u00bb. N\u00e3o gosto de voc\u00ea apenas porque tem um bom desempenho, mas porque est\u00e1 bem assim como voc\u00ea \u00e9: assim ser\u00e1 totalmente bem-vindo, aceito e amado. Esse direito absoluto \u00e0 exist\u00eancia, que obtemos do batismo, \u00e9 o pressuposto para n\u00e3o s\u00f3 sobrevivermos, mas para podermos efetivamente viver\u201d(Anselm Gr\u00fcn: Batismo, celebra\u00e7\u00e3o da vida. Edi\u00e7\u00f5es Loyola pag. 23) Essa realidade \u00e9 explicitada no Batismo na hora em que a crian\u00e7a ou a pessoa adulta \u00e9 chamada pelo nome que identifica a pessoa como ser \u00fanico e irrepet\u00edvel diante dos olhos de Deus e da humanidade. Sentir-se amado \u00e9 o sentimento que d\u00e1 maior estabilidade e alegria na vida de uma pessoa, ajudando-a a transmitir aos outros bem-estar, seguran\u00e7a e paz. Esta afirma\u00e7\u00e3o n\u00e3o \u00e9 apenas uma constata\u00e7\u00e3o de ordem psicol\u00f3gica, ele refere-se antes de tudo a uma realidade teol\u00f3gica, isso quer dizer: Deus nos criou por amor, nos acompanha e sustenta a nossa vida com amor e isso nos torna pessoas livres e felizes.<\/p>\n<p style=\"text-align: justify\"><strong>3.\u00a0\u00a0 \u00a0\u201cVivamos vida nova!\u201d (Rom 6,4)<\/strong><\/p>\n<p style=\"text-align: justify\">Ao novo nascimento deve corresponder uma vida nova. \u201cO Batismo \u00e9 um dom que precisa ser acolhido, exercitado e vivido todos os dias. A vida do crist\u00e3o \u00e9 uma luta permanente contra o mal. O crist\u00e3o \u00e9 alimentado pela Igreja, com a Palavra de Deus e a Eucaristia que o fazem crescer na f\u00e9, chegando a uma forma de vida semelhante \u00e0 de Jesus\u201d. (Sou cat\u00f3lico. Vivo a minha f\u00e9. Edi\u00e7\u00f5es CNBB pag.100)<\/p>\n<p style=\"text-align: justify\">Assim toda a vida se transforma e assume um estilo que \u00e9 conforme ao modo de viver de Jesus. De fato, quem encontra Jesus e o aceita em sua pr\u00f3pria vida, torna-se crist\u00e3o, isto \u00e9 outro Cristo.<\/p>\n<p style=\"text-align: justify\">Se antes a pessoa era ego\u00edsta, torna-se generosa, se antes era devassa, torna-se controlada, se antes era encrenqueira, fuxiqueira, maledicente torna-se prudente, atenciosa e caridosa, e assim por diante.<\/p>\n<p style=\"text-align: justify\">Muda o jeito de encarar e viver o tempo: n\u00e3o se perde mais tempo em coisas que n\u00e3o tem valor ou n\u00e3o prestam, mas se ocupa em trabalhar, orar, aprofundar a f\u00e9, participar da comunidade, visitar os irm\u00e3os, evangelizar.<\/p>\n<p style=\"text-align: justify\">Muda o jeito de encarar o dinheiro e os bens: os crist\u00e3os aprendem a colocar as suas coisas a disposi\u00e7\u00e3o dos irm\u00e3os, a n\u00e3o gastar em bobagens, ajudar os mais pobres etc.<\/p>\n<p style=\"text-align: justify\">Muda o jeito de amar e de tratar as pessoas dentro e fora de casa: o crist\u00e3o de verdade ama a todos, n\u00e3o tem prefer\u00eancias, n\u00e3o discrimina ningu\u00e9m, n\u00e3o cria panelinhas. Ordena os seus afetos dentro do matrim\u00f4nio e n\u00e3o trai esposa ou o esposo e filhos. Os jovens, meninos e meninas, procuram viver bem a sexualidade em relacionamentos de amizade e de namoro sadios, de acordo com o ensinamento e o exemplo de Jesus que a Igreja prop\u00f5e.<\/p>\n<p style=\"text-align: justify\">O crist\u00e3o de verdade decide ser amigo de Jesus, ir ap\u00f3s Ele, mudando sua forma de pensar e de viver, aceitando a cruz de Cristo, consciente de que morrer para o pecado \u00e9 alcan\u00e7ar a vida.<\/p>\n<p style=\"text-align: justify\">O crist\u00e3o, como disc\u00edpulo de Jesus, vivencia os sacramentos da convers\u00e3o, isto \u00e9 o Batismo e a Reconcilia\u00e7\u00e3o, nos quais se atualiza para n\u00f3s a reden\u00e7\u00e3o de Jesus e se esfor\u00e7a de avan\u00e7ar sempre no caminho do amor para com Deus e para com o pr\u00f3ximo, nos quais se resume toda a lei e os profetas. N\u00e3o esquece a centralidade do mandamento do amor, que Jesus quis chamar seu e novo, para vivenci\u00e1-lo ao longo de toda a vida: \u201cEste \u00e9 o meu mandamento: amai-vos uns aos outros, como eu vos amei!\u201d. (Jo 15,12) Assim ele se torna construtor e semeador da paz contribuindo para a constru\u00e7\u00e3o de um mundo renovado pelo amor.\u00a0 (cfr. Manual do mission\u00e1rio CNBB Regional NE2)<\/p>\n<p style=\"text-align: justify\">No rito do Batismo esta vida nova se expressa em dois momentos: pelas promessas batismais, sobretudo as ren\u00fancias, e pela veste branca, assim como explica o ap\u00f3stolo Paulo quando diz: \u201cV\u00f3s por\u00e9m fostes ensinados a remover o vosso modo de vida anterior \u2013 o homem velho, que se corrompe ao sabor das concupisc\u00eancias enganosas \u2013 e a renovar-vos pela transforma\u00e7\u00e3o espiritual da vossa mente, e revestir-vos do Homem Novo, criado segundo Deus, na justi\u00e7a e santidade da verdade\u201d (Ef 4, 20-24)<\/p>\n<p style=\"text-align: justify\"><strong>4.\u00a0\u00a0 \u00a0Em Cristo Jesus (Cfr. Col 2, 6-15)<\/strong><\/p>\n<p style=\"text-align: justify\">O Batismo torna a pessoa humana filha de Deus no Filho amado que \u00e9 Jesus e portanto o insere na pr\u00f3pria miss\u00e3o de Jesus. \u201cPelo Batismo, o cat\u00f3lico participa da miss\u00e3o sacerdotal e real de Cristo. Enquanto sacerdote, \u00e9 chamado a santificar a pr\u00f3pria vida, dialogando com Deus em favor da humanidade e consagrando o dia a dia da vida no servi\u00e7o a Deus e na transforma\u00e7\u00e3o do mundo. Enquanto profeta, \u00e9 chamado a ouvir a Deus, acolhendo e vivendo a sua santa Palavra, anunciando e Evangelho aos irm\u00e3os e denunciando tudo o que se op\u00f5e ao Reino de Deus. Enquanto rei ou pastor, \u00e9 chamado a agir no mundo, a exemplo de Jesus, bom pastor, servindo os irm\u00e3os na caridade\u201d. (Sou cat\u00f3lico. Vivo a minha f\u00e9. Edi\u00e7\u00f5es CNBB pag.100 e 101) No rito do Batismo, o batizado \u00e9 convidado a aderir a Deus, professando a sua f\u00e9 e respondendo tr\u00eas vezes \u201cCREIO!\u201d, assim como \u00e9 ungido com o crisma, \u00f3leo perfumado que consagra a pessoa a Deus. Durante a un\u00e7\u00e3o o ministro lembra esta participa\u00e7\u00e3o do filho de Deus na miss\u00e3o de Jesus.<\/p>\n<p style=\"text-align: justify\"><strong>5.\u00a0\u00a0 \u00a0\u201cFormar um s\u00f3 corpo!\u201d (1Cor 12,13)<\/strong><\/p>\n<p style=\"text-align: justify\">O Batismo introduz a pessoa na comunidade dos fi\u00e9is. Por meio dele fazemos parte da fam\u00edlia de Deus que \u00e9 a Igreja, como afirma o ap\u00f3stolo Paulo: \u201cFomos todos batizados num s\u00f3 Esp\u00edrito para formar um s\u00f3 corpo, judeus e gregos, escravos e livres, e todos bebemos de um s\u00f3 Esp\u00edrito\u201d (1Cor 12,13). Ao ser batizada a pessoa passa a fazer parte da \u201cra\u00e7a eleita, sacerd\u00f3cio real, na\u00e7\u00e3o santa, povo de sua propriedade particular\u201d (1Pd 2,9) e deve se esfor\u00e7ar para que no mundo \u201chaja um s\u00f3 rebanho e um s\u00f3 pastor\u201d (Jo 10,16).<\/p>\n<p style=\"text-align: justify\">\u00c9 para significar tudo isso que \u00e9 necess\u00e1ria uma fraterna e calorosa acolhida dos pais e padrinhos na comunidade crist\u00e3. As diretrizes da Pastoral do Batismo que seguem foram pensadas para que comunidade crist\u00e3 e fam\u00edlia que procura o batismo possam interagir num di\u00e1logo respeitoso e fecundo a fim de introduzir os novos membros na comunidade. A pr\u00f3pria celebra\u00e7\u00e3o do batismo n\u00e3o pode ser realizada \u00e0 margem da comunidade. A equipe da pastoral do batismo, que representa a comunidade, \u00e9 chamada a marcar presen\u00e7a na vida das fam\u00edlias que preparam os seus filhos para este sacramento e a celebrar junto com elas o dia do seu renascimento em Cristo. Os padrinhos deveriam ser os que \u201cgarantem\u201d a inser\u00e7\u00e3o dos novos batizados na comunidade. Como n\u00e3o \u00e9 poss\u00edvel exigir isso deles, na maioria dos casos e na atual conjuntura, mais uma vez dever\u00e1 ser a comunidade crist\u00e3 a comprometer-se para que esta inser\u00e7\u00e3o aconte\u00e7a.<\/p>\n<p style=\"text-align: justify\"><strong>6.\u00a0\u00a0 \u00a0\u201c\u00c1gua que jorra para a vida eterna.\u201d(Jo 4,14)<\/strong><\/p>\n<p style=\"text-align: justify\">Se o Batismo \u00e9 um dom que vem do alto, ele aponta tamb\u00e9m para al\u00e9m da experi\u00eancia que tocamos com nossas m\u00e3os todos os dias: ele \u00e9 um ensaio de vida eterna. Pelo batismo, de fato, somos libertos do pecado e at\u00e9 a raiz do pecado \u00e9 sanada. Entramos no reino da gra\u00e7a: \u201cse grande foi o pecado, maior foi a gra\u00e7a!\u201d afirma S\u00e3o Paulo (Rm 5, 20).<\/p>\n<p style=\"text-align: justify\">\u00c9 por isso que n\u00f3s, na Igreja Cat\u00f3lica batizamos as crian\u00e7as. Al\u00e9m de continuar assim uma antigu\u00edssima tradi\u00e7\u00e3o da Igreja, atestada em passagens do Novo Testamento, acreditamos que o Batismo \u00e9 dom dado \u201cde gra\u00e7a\u201d, ningu\u00e9m o merece, pois Deus nos precede no amor, \u00e9 vida divina e a vida n\u00e3o se ganha, nem se merece, \u00e9 dom gratuito. E acreditamos tamb\u00e9m que Deus age na vida da pessoa humana, independentemente da plena consci\u00eancia dela, assim como o sol e a chuva descem sobre a terra e a beneficiam independentemente da vontade do agricultor.<\/p>\n<p style=\"text-align: justify\">A cada um de n\u00f3s batizados s\u00e3o dirigidas as palavras de Jesus \u00e0 mulher samaritana: \u201cSe conhecesses o dom de Deus e quem \u00e9 que te diz: &#8211; D\u00e1-me de beber! \u2013 tu \u00e9 que lhe pedirias e ele te daria \u00e1gua viva!\u201d (Jo 4,10) Sim, desde j\u00e1, embora ainda n\u00e3o plenamente, pelo batismo, somos arrebatados \u00e0s alturas da vida de Deus e esta vida deve brilhar em n\u00f3s assim como brilha o c\u00edrio pascal que est\u00e1 ao lado da pia batismal e que acende as velas entregues aos pais e padrinhos com a recomenda\u00e7\u00e3o: \u201cRecebei a luz de Cristo! Esta chama vos \u00e9 entregue para que a alimenteis!\u201d<\/p>\n<p style=\"text-align: justify\">A partir da\u00ed a vida divina come\u00e7a, \u00e9 alimentada pela Palavra e a Eucaristia, pelo amor fraterno na fam\u00edlia e na comunidade, produz frutos de bem na vida das pessoas e desemboca na vida eterna. No Batismo come\u00e7amos a viver uma vida que n\u00e3o terminar\u00e1 nunca, pois se abre, ap\u00f3s a passagem pela morte, na vida da ressurrei\u00e7\u00e3o para sempre no cora\u00e7\u00e3o do Pai!<\/p>\n<p style=\"text-align: justify\"><strong>7.\u00a0\u00a0 \u00a0\u201cQuem tem sede venha a mim e beba!\u201d (Jo 7, 37)<\/strong><\/p>\n<p style=\"text-align: justify\">O referencial primeiro e \u00faltimo do Batismo \u00e9 Jesus Cristo. Ele afirmou: \u201cEu sou o p\u00e3o da vida. Quem vem a mim, nunca mais ter\u00e1 fome e o que cr\u00ea em mim nunca mais ter\u00e1 sede!\u201d (Jo 6, 35) Infelizmente h\u00e1 o perigo de reduzir estas palavras de Jesus apenas ao p\u00e3o eucar\u00edstico, enquanto elas se referem \u00e0 sua pessoa, ao seu evangelho, \u00e0 sua obra, isto \u00e9 a Jesus na plenitude e na totalidade de sua vida e miss\u00e3o, a Jesus que se apresenta como o Caminho, a Verdade e a Vida. Jesus \u00e9 alimento de vida, \u00e9 alimento para a vida. Quem busca a Vida, busca a Jesus, quem busca o sentido da vida, a verdadeira realiza\u00e7\u00e3o, a felicidade plena, busca a Jesus. Por isso ele pode dizer: \u201cQuem vem a mim, nunca mais ter\u00e1 fome e o que cr\u00ea em mim nunca mais ter\u00e1 sede\u201d. Para quem o segue e adere a Jesus ele sacia, porque \u00e9 plenitude e realiza na vida de quem o ama os mesmos efeitos que o alimento e a bebida realizam para o corpo.<\/p>\n<p style=\"text-align: justify\">O Batismo nos introduz neste manancial que \u00e9 o pr\u00f3prio Cristo, capaz de saciar a fome e sede da humanidade que, hoje mais do que em outras \u00e9pocas, procura saciar a sua fome e sede de amor e de felicidade. Pelo Batismo, o disc\u00edpulo que experimentou a riqueza desta fonte, \u00e9 chamado a apresent\u00e1-la tamb\u00e9m aos outros. Fundamenta-se aqui a exig\u00eancia talvez mais importante do batismo: o testemunho crist\u00e3o no mundo de hoje. Passado o tempo em que \u201cos valores crist\u00e3os\u201d eram transmitidos \u00e0s novas gera\u00e7\u00f5es na fam\u00edlia, na escola e assim influenciavam a sociedade, hoje \u00e9 atrav\u00e9s do encontro com Jesus Cristo vivo que seja os crist\u00e3os j\u00e1 batizados, e tanto mais as pessoas que ainda n\u00e3o o conhecem, poder\u00e3o fazer a sua escolha pessoal e dar testemunho dele na sociedade. \u00c9 necess\u00e1rio ir at\u00e9 Ele, entrar em comunh\u00e3o com Ele, poder aos poucos afirmar como S\u00e3o Paulo: \u201cN\u00e3o sou mais eu que vivo, \u00e9 Cristo que vive em mim!\u201d (Gal 2, 20)<\/p>\n<p style=\"text-align: justify\">O ritual do Batismo oferece dois sinais que transmitem ao novo crist\u00e3o for\u00e7a e sabedoria para que tenha coragem de testemunhar a sua f\u00e9: a un\u00e7\u00e3o com o \u00f3leo dos catec\u00famenos acompanhada pelas palavras \u201cCristo Salvador te d\u00ea a sua for\u00e7a! Que ela penetre na tua vida, como este \u00f3leo no teu peito\u201d e a ingest\u00e3o de uma pitadinha de sal para que ele tenha a sabedoria necess\u00e1ria a fim de discernir os sinais do tempo presente e transmitir de forma incisiva a mensagem do evangelho.<\/p>\n<p style=\"text-align: justify\">Numa bela s\u00edntese um antigo Padre da Igreja durante uma catequese sobre o Batismo, proclamou: \u201cO Batismo \u00e9 o mais belo e o mais magn\u00edfico dom de Deus. Chamamo-lo de dom, gra\u00e7a, un\u00e7\u00e3o, ilumina\u00e7\u00e3o, veste de incorruptibilidade, banho de regenera\u00e7\u00e3o, selo e tudo o que existe de mais precioso. Dom, porque \u00e9 conferido \u00e0queles que nada trazem; gra\u00e7a, porque \u00e9 dada aos culpados; batismo, porque o pecado \u00e9 sepultado na \u00e1gua; un\u00e7\u00e3o, porque \u00e9 sagrado e r\u00e9gio (tais s\u00e3o os que s\u00e3o ungidos); ilumina\u00e7\u00e3o, porque \u00e9 luz resplandecente; veste, porque cobre a nossa vergonha; banho, porque lava; selo, porque nos guarda e \u00e9 sinal do senhorio de Deus\u201d (S\u00e3o Greg\u00f3rio de Nazianzo, or. 40,4-4)<\/p>\n<h4 style=\"text-align: justify\">3.\u00a0\u00a0 \u00a0\u201cIde pelo mundo inteiro, proclamai o evangelho a toda criatura.<\/h4>\n<p style=\"text-align: right\"><em>Aquele que crer e for batizado, ser\u00e1 salvo;<\/em><\/p>\n<p style=\"text-align: right\"><em>o que n\u00e3o crer ser\u00e1 condenado!\u201d (Mc 16,15-16)<\/em><\/p>\n<p style=\"text-align: justify\">Com estas \u00faltimas palavras de Jesus antes de subir ao c\u00e9u, ligamos toda a reflex\u00e3o e sobretudo as Diretrizes para o Batismo na Igreja de Pesqueira ao impulso que as Santas Miss\u00f5es Populares est\u00e3o dando \u00e0s nossas comunidades e par\u00f3quias. \u00c9 na perspectiva da evangeliza\u00e7\u00e3o que desejamos iniciar esta nova experi\u00eancia em nossa Igreja local.<\/p>\n<p style=\"text-align: justify\">Renovo o apelo que fiz aos presb\u00edteros, \u00e0s religiosas e aos participantes da Assembl\u00e9ia sobre o Batismo em novembro do ano passado e, a partir da\u00ed, em todas as inst\u00e2ncias da diocese, de se engajarem de todo cora\u00e7\u00e3o na viv\u00eancia do nosso batismo e de acolher com amor as fam\u00edlias que procuram a Igreja para o Batismo de seus filhos.<\/p>\n<p style=\"text-align: justify\">Nas novas Diretrizes n\u00e3o apresentamos um caminho f\u00e1cil, mas um caminho \u00e1rduo e exigente sobretudo para n\u00f3s batizados, membros vivos e atuantes na Igreja, chamados a dar raz\u00e3o da nossa f\u00e9 e da nossa esperan\u00e7a.<\/p>\n<p style=\"text-align: justify\">Batizados na \u00e1gua e no Esp\u00edrito, deixemos que Ele seja o protagonista e transforme a nossa vida pessoal e as nossas rela\u00e7\u00f5es dentro da Igreja. Ele que se manifestou como fogo, inflamar\u00e1 o nosso cora\u00e7\u00e3o e o far\u00e1 arder para que a salva\u00e7\u00e3o de Cristo chegue ao cora\u00e7\u00e3o das pessoas \u00e0s quais anunciamos e para as quais testemunhamos o seu evangelho.<\/p>\n<p style=\"text-align: justify\">Nossa Senhora, \u201ca primeira crist\u00e3\u201d, sacr\u00e1rio vivo do Esp\u00edrito Santo, \u00e0 qual consagramos as nossas crian\u00e7as logo ap\u00f3s o Batismo, atraia sobre a nossa Igreja de Pesqueira uma abundante presen\u00e7a deste mesmo Esp\u00edrito para que em n\u00f3s seja gerado e formado Cristo Jesus.<\/p>\n<p style=\"text-align: justify\"><em>Com minha b\u00ean\u00e7\u00e3o de Pastor. Pesqueira, 01 de novembro de 2010<\/em><\/p>\n<p style=\"text-align: justify\"><em>Festa lit\u00fargica de Todos os Santos<\/em><\/p>\n","protected":false},"excerpt":{"rendered":"<p>Dom Francisco Biasin Aos presb\u00edteros, aos di\u00e1conos \u00e0s religiosas e aos religiosos e a todos os fi\u00e9is da Igreja de Pesqueira \u201cEle vos batizar\u00e1 com o Esp\u00edrito Santo e com fogo!\u201d (Mt 3, 11)<\/p>\n","protected":false},"author":83,"featured_media":0,"comment_status":"open","ping_status":"open","sticky":false,"template":"","format":"standard","meta":{"site-sidebar-layout":"default","site-content-layout":"default","ast-global-header-display":"","ast-banner-title-visibility":"","ast-main-header-display":"","ast-hfb-above-header-display":"","ast-hfb-below-header-display":"","ast-hfb-mobile-header-display":"","site-post-title":"","ast-breadcrumbs-content":"","ast-featured-img":"","footer-sml-layout":"","theme-transparent-header-meta":"","adv-header-id-meta":"","stick-header-meta":"","header-above-stick-meta":"","header-main-stick-meta":"","header-below-stick-meta":""},"categories":[758],"tags":[],"acf":[],"_links":{"self":[{"href":"https:\/\/www.cnbb.org.br\/cnbb-app\/wp\/v2\/posts\/12556"}],"collection":[{"href":"https:\/\/www.cnbb.org.br\/cnbb-app\/wp\/v2\/posts"}],"about":[{"href":"https:\/\/www.cnbb.org.br\/cnbb-app\/wp\/v2\/types\/post"}],"author":[{"embeddable":true,"href":"https:\/\/www.cnbb.org.br\/cnbb-app\/wp\/v2\/users\/83"}],"replies":[{"embeddable":true,"href":"https:\/\/www.cnbb.org.br\/cnbb-app\/wp\/v2\/comments?post=12556"}],"version-history":[{"count":0,"href":"https:\/\/www.cnbb.org.br\/cnbb-app\/wp\/v2\/posts\/12556\/revisions"}],"wp:attachment":[{"href":"https:\/\/www.cnbb.org.br\/cnbb-app\/wp\/v2\/media?parent=12556"}],"wp:term":[{"taxonomy":"category","embeddable":true,"href":"https:\/\/www.cnbb.org.br\/cnbb-app\/wp\/v2\/categories?post=12556"},{"taxonomy":"post_tag","embeddable":true,"href":"https:\/\/www.cnbb.org.br\/cnbb-app\/wp\/v2\/tags?post=12556"}],"curies":[{"name":"wp","href":"https:\/\/api.w.org\/{rel}","templated":true}]}}