{"id":12561,"date":"2009-11-23T00:00:00","date_gmt":"2009-11-23T02:00:00","guid":{"rendered":"https:\/\/www.cnbb.org.br\/viva-os-leigos-e-leigas\/"},"modified":"2009-11-23T00:00:00","modified_gmt":"2009-11-23T02:00:00","slug":"viva-os-leigos-e-leigas","status":"publish","type":"post","link":"https:\/\/www.cnbb.org.br\/viva-os-leigos-e-leigas\/","title":{"rendered":"Viva os leigos e leigas"},"content":{"rendered":"<h4 style=\"text-align: right\">Dom Orlando Brandes<\/h4>\n<p style=\"text-align: justify\">O \u00faltimo domingo do ano lit\u00fargico \u00e9 dia de Cristo rei e dos leigos. Todos na Igreja estamos a servi\u00e7o do reino de Deus revelado por Jesus. Vamos refletir sobre nossos leigos e leigas que em nome da Igreja, servem o reino.<\/p>\n<p><!--more--><\/p>\n<div style=\"text-align: justify\">\n<ol>\n<li>Leigo \u00e9 todo crist\u00e3o batizado. S\u00e3o membros da Igreja, incorporados em Cristo. Pelo batismo se tornam: sacerdotes, profetas e pastores. Assumem minist\u00e9rios na Igreja pela for\u00e7a dos sacramentos do batismo, da crisma e do matrim\u00f4nio.<\/li>\n<li>Os leigos n\u00e3o s\u00e3o fi\u00e9is de \u201csegunda categoria\u201d. Na Igreja eles t\u00eam cidadania pr\u00f3pria e gozam da mesma e comum dignidade pr\u00f3pria dos crist\u00e3os batizados. Somos, na Igreja, todos iguais em dignidade, somos irm\u00e3os, somos fam\u00edlia. Diferentes e diversas s\u00e3o as fun\u00e7\u00f5es.<\/li>\n<li>Os leigos n\u00e3o s\u00e3o: coroinhas do padre, nem arrecadadores da coleta no ofert\u00f3rio, nem apenas suplentes do sacerdote, nem mini padres. S\u00e3o crist\u00e3os, disc\u00edpulos, cidad\u00e3os e membros do povo de Deus, formam o corpo de Cristo que \u00e9 a Igreja. Sem os leigos a Igreja \u00e9 uma cabe\u00e7a sem o corpo, ou seja, uma anomalia. Cabe\u00e7a e membros formam o corpo.<\/li>\n<li>Os leigos assumem minist\u00e9rios, servi\u00e7os, responsabilidades na Igreja e no mundo. Antes de tudo, cabe aos leigos atuar no mundo, nas realidades terrestres, na economia, na pol\u00edtica, enfim, nas estruturas da sociedade. S\u00e3o sal da terra, luz do mundo, fermento na massa. Temos muitos minist\u00e9rios no \u00e2mbito eclesial, precisamos criar e pensar minist\u00e9rios para fora da Igreja, no mundo.<\/li>\n<li>Os leigos e leigas tem carismas diferentes. Temos leigos da submiss\u00e3o, da contesta\u00e7\u00e3o e da transforma\u00e7\u00e3o. Os da submiss\u00e3o, preferem trabalhar no \u00e2mbito da Igreja e corresponder \u00e0 voca\u00e7\u00e3o e \u00e0s responsabilidades que lhes foram conferidas. Os leigos da contesta\u00e7\u00e3o, na boa f\u00e9, assumem posi\u00e7\u00f5es prof\u00e9ticas, radicais, geram pol\u00eamicas e divis\u00f5es. Querem mudan\u00e7as e lutam por novos minist\u00e9rios. Os leigos da transforma\u00e7\u00e3o est\u00e3o mais na linha da evangeliza\u00e7\u00e3o da sociedade. Sabem unir f\u00e9 e vida, ora\u00e7\u00e3o e a\u00e7\u00e3o, em vista de um mundo novo e diferente.<\/li>\n<li>O perfil dos leigos est\u00e1 se diversificando cada vez mais. Temos leigos te\u00f3logos, leigos cursando a teologia, leigos testemunhas e mestres de espiritualidade, leigos peritos em ci\u00eancias e pregadores de cursos e retiros, que colaboram para que o rosto da Igreja seja mais resplandecente.<\/li>\n<li>\u00c9 urgente a prepara\u00e7\u00e3o de leigos para milit\u00e2ncia pol\u00edtica. Vem a\u00ed a nossa \u201cEscola de F\u00e9 e Doutrina Social da Igreja\u201d. N\u00e3o basta reclamar da pol\u00edtica, melhor \u00e9 preparar homens e mulheres que com \u201camor pol\u00edtico\u201d cumpram sua miss\u00e3o no \u00e2mbito da pol\u00edtica. \u00c9 preciso \u201ccomunh\u00e3o e participa\u00e7\u00e3o\u201d em todos os setores da Igreja. O perfil mariano da Igreja \u00e9 um dos fundamentos da teologia sobre os leigos, porque Maria, mulher de f\u00e9, santa, prof\u00e9tica no c\u00e2ntico do Magnificat, nos mostra que os \u201cprimeiros no reino dos c\u00e9us n\u00e3o s\u00e3o os ministros, mas, os santos\u201d (Paulo VI). Temos em Maria, o mais acabado \u00edcone de como deve ser o leigo na Igreja e no mundo.<\/li>\n<li>Francisco de Assis foi um leigo, como tantos outros santos e santas. \u201cVai, Francisco, e reconstr\u00f3i a minha Igreja\u201d. Na Igreja, povo de Deus, os leigos s\u00e3o as pedras, os tijolos do edif\u00edcio, do qual Cristo \u00e9 o fundamento e os ap\u00f3stolos as colunas. O leigo de perfil mais sacerdotal tem o dom de agir mais no seio da Igreja e santific\u00e1-la com seu testemunho e ora\u00e7\u00e3o. O leigo profeta \u00e9 chamado \u00e0 transforma\u00e7\u00e3o da sociedade assumindo posi\u00e7\u00f5es prof\u00e9ticas na Igreja e no mundo, muitas vezes at\u00e9 ao mart\u00edrio, seu espa\u00e7o S\u00e3o as pastorais sociais. Os leigos pastores, s\u00e3o os de \u00edndole mission\u00e1ria, evangelizadora, apost\u00f3lica, ou seja, disc\u00edpulos mission\u00e1rios. Todos os leigos e leigas s\u00e3o, pelo batismo, sacerdotes, profetas, pastores mas o enfoque pode ser para uns mais na linha sacerdotal, para outros, na \u00f3tica prof\u00e9tica e mission\u00e1ria. Todos est\u00e3o a servi\u00e7o do reino, rumo \u00e0 santidade.<\/li>\n<li>Os leigos chamados \u00e0 voca\u00e7\u00e3o universal \u00e0 santidade, santificam-se no cotidiano de sua vida. Seus altares s\u00e3o o fog\u00e3o, a vassoura, o volante, o trator etc. toda a a\u00e7\u00e3o pastoral tem seu ponto mais alto na santifica\u00e7\u00e3o da Igreja e do mundo. A meta \u00faltima da pastoral \u00e9 a santidade. Os leigos com sua a\u00e7\u00e3o santificam o mundo.<\/li>\n<\/ol>\n<\/div>\n","protected":false},"excerpt":{"rendered":"<p>Dom Orlando Brandes O \u00faltimo domingo do ano lit\u00fargico \u00e9 dia de Cristo rei e dos leigos. Todos na Igreja estamos a servi\u00e7o do reino de Deus revelado por Jesus. Vamos refletir sobre nossos leigos e leigas que em nome da Igreja, servem o reino.<\/p>\n","protected":false},"author":83,"featured_media":0,"comment_status":"open","ping_status":"open","sticky":false,"template":"","format":"standard","meta":{"site-sidebar-layout":"default","site-content-layout":"default","ast-global-header-display":"","ast-banner-title-visibility":"","ast-main-header-display":"","ast-hfb-above-header-display":"","ast-hfb-below-header-display":"","ast-hfb-mobile-header-display":"","site-post-title":"","ast-breadcrumbs-content":"","ast-featured-img":"","footer-sml-layout":"","theme-transparent-header-meta":"","adv-header-id-meta":"","stick-header-meta":"","header-above-stick-meta":"","header-main-stick-meta":"","header-below-stick-meta":""},"categories":[758],"tags":[],"acf":[],"_links":{"self":[{"href":"https:\/\/www.cnbb.org.br\/cnbb-app\/wp\/v2\/posts\/12561"}],"collection":[{"href":"https:\/\/www.cnbb.org.br\/cnbb-app\/wp\/v2\/posts"}],"about":[{"href":"https:\/\/www.cnbb.org.br\/cnbb-app\/wp\/v2\/types\/post"}],"author":[{"embeddable":true,"href":"https:\/\/www.cnbb.org.br\/cnbb-app\/wp\/v2\/users\/83"}],"replies":[{"embeddable":true,"href":"https:\/\/www.cnbb.org.br\/cnbb-app\/wp\/v2\/comments?post=12561"}],"version-history":[{"count":0,"href":"https:\/\/www.cnbb.org.br\/cnbb-app\/wp\/v2\/posts\/12561\/revisions"}],"wp:attachment":[{"href":"https:\/\/www.cnbb.org.br\/cnbb-app\/wp\/v2\/media?parent=12561"}],"wp:term":[{"taxonomy":"category","embeddable":true,"href":"https:\/\/www.cnbb.org.br\/cnbb-app\/wp\/v2\/categories?post=12561"},{"taxonomy":"post_tag","embeddable":true,"href":"https:\/\/www.cnbb.org.br\/cnbb-app\/wp\/v2\/tags?post=12561"}],"curies":[{"name":"wp","href":"https:\/\/api.w.org\/{rel}","templated":true}]}}