{"id":12566,"date":"2009-10-13T00:00:00","date_gmt":"2009-10-13T03:00:00","guid":{"rendered":"https:\/\/www.cnbb.org.br\/caridade-na-verdade\/"},"modified":"2009-10-13T00:00:00","modified_gmt":"2009-10-13T03:00:00","slug":"caridade-na-verdade","status":"publish","type":"post","link":"https:\/\/www.cnbb.org.br\/caridade-na-verdade\/","title":{"rendered":"Caridade na verdade"},"content":{"rendered":"<h4 style=\"text-align: right\">Dom Orlando Brandes<\/h4>\n<p style=\"text-align: justify\">Caritas in Veritate \u00e9 o nome da primeira carta-enc\u00edclica de Bento XVI em comemora\u00e7\u00e3o aos quarenta anos da Populorum Progressio (1967) de Paulo VI, cujo tema central \u00e9 o desenvolvimento humano integral.<\/p>\n<p>  <!--more-->  <\/p>\n<p style=\"text-align: justify\">O progresso t\u00e9cnico \u00e9 fascinante e tem alcan\u00e7ado grandes sucessos. Mesmo assim, o mundo sofre com o aparecimento de novas pobrezas, com o aumento das desigualdades sociais, com a corrup\u00e7\u00e3o e ilegalidade que gerou a atual crise mundial. A fome assola o planeta, a viol\u00eancia, o terrorismo, as migra\u00e7\u00f5es, a degrada\u00e7\u00e3o do meio ambiente e tantas outras realidades mostram que n\u00e3o \u00e9 suficiente o progresso t\u00e9cnico. Grande mis\u00e9ria \u00e9 desconhecer o amor e a verdade.<\/p>\n<p style=\"text-align: justify\">Leis, institui\u00e7\u00f5es e t\u00e9cnica n\u00e3o conseguiram implantar a justi\u00e7a, o direito, o bem comum e o desenvolvimento integral. Diante disso, precisamos da for\u00e7a propulsora do amor e da verdade. O amor revigora a justi\u00e7a e vai al\u00e9m dela. A verdade gera confian\u00e7a, di\u00e1logo, responsabilidade social e combate a corrup\u00e7\u00e3o, a fraude, a ilegalidade e imoralidade pessoal e p\u00fablica.<\/p>\n<p style=\"text-align: justify\">O mundo precisa do amor e da verdade para alcan\u00e7ar o verdadeiro humanismo, o desenvolvimento integral, e o bem comum. O absolutismo da t\u00e9cnica e o progresso material n\u00e3o promoveu a distribui\u00e7\u00e3o da renda, nem a partilha dos bens e recursos, nem a solidariedade entre as na\u00e7\u00f5es. A globaliza\u00e7\u00e3o nos faz vizinhos, mas n\u00e3o nos faz irm\u00e3os.<\/p>\n<p style=\"text-align: justify\">A caridade e a verdade oferecem condi\u00e7\u00f5es para um verdadeiro desenvolvimento integral porque facilitam o crescimento humano, \u00e9tico, espiritual e transcendente da pessoa, ou seja, o desenvolvimento de \u201ctodo o homem e de todos os homens\u201d. O di\u00e1logo, a rela\u00e7\u00e3o humana, a fraternidade, a solidariedade, a gratuidade, a comunh\u00e3o dependem do amor e da verdade na conviv\u00eancia social. O desenvolvimento integral tem necessidade do ardor da caridade e da sabedoria da verdade.<\/p>\n<p style=\"text-align: justify\">O an\u00fancio de Jesus Cristo, do evangelho e do reino \u00e9 o primeiro e principal fator do desenvolvimento. A Igreja agindo por amor, sendo misericordiosa, promove o desenvolvimento integral e serve o mundo a partir do amor e da verdade. H\u00e1 la\u00e7os profundos entre evangeliza\u00e7\u00e3o, promo\u00e7\u00e3o humana, desenvolvimento e liberta\u00e7\u00e3o.<\/p>\n<p style=\"text-align: justify\">Eclipsar Deus e expuls\u00e1-lo da vida social e p\u00fablica contribuir\u00e1 para um humanismo desumano, para a absolutiza\u00e7\u00e3o da t\u00e9cnica, o relativismo, o reducionismo. Temos hoje um \u201csuperdesenvolvimento t\u00e9cnico e um subdesenvolvimento moral\u201d. O desenvolvimento global focaliza o \u201caut\u00eantico capital\u201d que \u00e9 a vida humana, a qual \u00e9 destinada para a vida eterna. Sem a perspectiva da vida eterna o progresso humano fica privado de respiro.<\/p>\n<p style=\"text-align: justify\">O desenvolvimento humano \u00e9 uma voca\u00e7\u00e3o, um des\u00edgnio que vem de Deus que pronuncia o seu maior \u201csim\u201d ao homem. Deus quer que o homem tenha mais para \u201cser mais\u201d. O \u201ccapital social\u201d pelo qual devemos tudo fazer \u00e9 a fraternidade, a confian\u00e7a, o respeito pela pessoa humana. N\u00e3o basta a \u201cl\u00f3gica mercantil\u201d, \u00e9 preciso a \u201cl\u00f3gica da gratuidade\u201d ou seja, a economia da gratuidade, a democracia econ\u00f4mica, a civiliza\u00e7\u00e3o da economia.<\/p>\n<p style=\"text-align: justify\">Ainda hoje, \u201cos povos da fome se dirigem de modo dram\u00e1tico, aos povos da opul\u00eancia\u201d. Somos uma grande fam\u00edlia, somos irm\u00e3os. O desenvolvimento \u00e9 responsabilidade de todos. Precisamos revisar nosso estilo de vida. O ego\u00edsmo e o consumismo s\u00e3o pobrezas. N\u00e3o h\u00e1 desenvolvimento nem bem comum sem o bem \u00e9tico e o bem espiritual. Al\u00e9m do crescimento material existe o mais importante que \u00e9 o desenvolvimento espiritual.<\/p>\n<p style=\"text-align: justify\">Somos no mundo uma fam\u00edlia. Cuidemos de nossa casa comum, a terra. O outro n\u00e3o \u00e9 apenas vizinho, \u00e9 irm\u00e3o. A comunidade internacional, \u00e9 uma grande fam\u00edlia e por isso deve promover a integra\u00e7\u00e3o e vencer a marginaliza\u00e7\u00e3o. Ser fam\u00edlia \u00e9 viver a comunh\u00e3o, o relacionamento, a reciprocidade, a inclus\u00e3o de todos os seres humanos e de todos os povos. Deus \u00e9 Criador e Pai, n\u00f3s somos filhos e irm\u00e3os. O mundo \u00e9 uma fam\u00edlia.<\/p>\n","protected":false},"excerpt":{"rendered":"<p>Dom Orlando Brandes Caritas in Veritate \u00e9 o nome da primeira carta-enc\u00edclica de Bento XVI em comemora\u00e7\u00e3o aos quarenta anos da Populorum Progressio (1967) de Paulo VI, cujo tema central \u00e9 o desenvolvimento humano integral.<\/p>\n","protected":false},"author":83,"featured_media":0,"comment_status":"open","ping_status":"open","sticky":false,"template":"","format":"standard","meta":{"site-sidebar-layout":"default","site-content-layout":"default","ast-global-header-display":"","ast-banner-title-visibility":"","ast-main-header-display":"","ast-hfb-above-header-display":"","ast-hfb-below-header-display":"","ast-hfb-mobile-header-display":"","site-post-title":"","ast-breadcrumbs-content":"","ast-featured-img":"","footer-sml-layout":"","theme-transparent-header-meta":"","adv-header-id-meta":"","stick-header-meta":"","header-above-stick-meta":"","header-main-stick-meta":"","header-below-stick-meta":""},"categories":[758],"tags":[],"acf":[],"_links":{"self":[{"href":"https:\/\/www.cnbb.org.br\/cnbb-app\/wp\/v2\/posts\/12566"}],"collection":[{"href":"https:\/\/www.cnbb.org.br\/cnbb-app\/wp\/v2\/posts"}],"about":[{"href":"https:\/\/www.cnbb.org.br\/cnbb-app\/wp\/v2\/types\/post"}],"author":[{"embeddable":true,"href":"https:\/\/www.cnbb.org.br\/cnbb-app\/wp\/v2\/users\/83"}],"replies":[{"embeddable":true,"href":"https:\/\/www.cnbb.org.br\/cnbb-app\/wp\/v2\/comments?post=12566"}],"version-history":[{"count":0,"href":"https:\/\/www.cnbb.org.br\/cnbb-app\/wp\/v2\/posts\/12566\/revisions"}],"wp:attachment":[{"href":"https:\/\/www.cnbb.org.br\/cnbb-app\/wp\/v2\/media?parent=12566"}],"wp:term":[{"taxonomy":"category","embeddable":true,"href":"https:\/\/www.cnbb.org.br\/cnbb-app\/wp\/v2\/categories?post=12566"},{"taxonomy":"post_tag","embeddable":true,"href":"https:\/\/www.cnbb.org.br\/cnbb-app\/wp\/v2\/tags?post=12566"}],"curies":[{"name":"wp","href":"https:\/\/api.w.org\/{rel}","templated":true}]}}